{"id":19697,"date":"2026-04-27T14:17:16","date_gmt":"2026-04-27T12:17:16","guid":{"rendered":"https:\/\/proni.hr\/?p=19697"},"modified":"2026-04-27T14:29:53","modified_gmt":"2026-04-27T12:29:53","slug":"virtual-exhibition-the-net-of-souls","status":"publish","type":"post","link":"https:\/\/proni.hr\/en\/virtual-exhibition-the-net-of-souls\/","title":{"rendered":"Virtual Exhibition \u201eThe Net of Souls\u201c"},"content":{"rendered":"<p>Virtual Exhibition <strong>\u201eThe Net of Souls\u201c<\/strong> is a product of engagement of young people in mental health advocacy and peer support activities. Paticularly young artists activists, creating this one of the kind exhibition as outcome of digital youthwork as alternative form of youth active participation. Special thanks go to Cultural Center Osijek <a href=\"https:\/\/kulturni-centar.hr\/\">https:\/\/kulturni-centar.hr\/<\/a><\/p>\n<p>for giving their gallery space for scene of the exhibition showing support to art in any form.<\/p>\n<p>Artists are part of online peer-to-peer platform of 50 young Mental Health Ambassadors from Europe and beyond. Not proffesionals, but active citizens, they are showing support through created online campaign <strong>Minds over Myths, <\/strong>focused on reducing stygma on MH and promoting wellbeing through art, volunteering, local activism and community resilience.<\/p>\n<p>Yout can check their work at:<\/p>\n<p><a href=\"https:\/\/www.do-you-mind.com\">https:\/\/www.do-you-mind.com<\/a><\/p>\n<p><a href=\"https:\/\/www.facebook.com\/mindsovermyths\/\">https:\/\/www.facebook.com\/mindsovermyths\/<\/a><\/p>\n<p><a href=\"https:\/\/www.instagram.com\/minds_over_myths\/\">https:\/\/www.instagram.com\/minds_over_myths\/<\/a><\/p>\n<p><a href=\"https:\/\/www.youtube.com\/@Minds_Over_Myths\">https:\/\/www.youtube.com\/@Minds_Over_Myths<\/a><\/p>\n<blockquote class=\"tiktok-embed\" cite=\"https:\/\/www.tiktok.com\/@mindsovermyths\" data-unique-id=\"mindsovermyths\" data-embed-from=\"oembed\" data-embed-type=\"creator\" style=\"max-width:780px; min-width:288px;\">\n<section> <a target=\"_blank\" href=\"https:\/\/www.tiktok.com\/@mindsovermyths?refer=creator_embed\">@mindsovermyths<\/a> <\/section>\n<\/blockquote>\n<p> <script async src=\"https:\/\/www.tiktok.com\/embed.js\"><\/script><\/p>\n<p>&nbsp;<\/p>\n<p>These activities are part of project <strong>\u201eDo you mind?\u201c<\/strong> funded through ERASMUS+ program, implemented by consortium of partners: PRONI Centre for Social Education Croatia, European Youth Information and Counselling Agency (ERYICA) Luxembourg, Fundatia Nationala pentru Tineret Romania, PORAKA NOVA The Republic of North Macedonia, Udruga zapromicanje pozitivne afirmacije mladih u dru\u0161tvu &#8220;Impress&#8221; Daruvar Croatia, Udruga za izvannastavne i izvan\u0161kolske aktivnosti CINAZ, IASIS Greece.<\/p>\n<p><img decoding=\"async\" class=\"alignnone wp-image-16641\" src=\"https:\/\/proni.hr\/wp-content\/uploads\/2024\/10\/EN-Co-funded-by-the-EU_POS.jpg\" alt=\"\" width=\"463\" height=\"97\" srcset=\"https:\/\/proni.hr\/wp-content\/uploads\/2024\/10\/EN-Co-funded-by-the-EU_POS.jpg 4247w, https:\/\/proni.hr\/wp-content\/uploads\/2024\/10\/EN-Co-funded-by-the-EU_POS-300x63.jpg 300w, https:\/\/proni.hr\/wp-content\/uploads\/2024\/10\/EN-Co-funded-by-the-EU_POS-1024x215.jpg 1024w\" sizes=\"(max-width: 463px) 100vw, 463px\" \/><\/p>\n<p>\u201eFinancirano sredstvima Europske unije. Iznesena mi\u0161ljenja i stavovi odra\u017eavaju isklju\u010divo stav autora i ne moraju se podudarati sa stavovima Europske unije ili Agencije za mobilnost i programe Europske unije. Ni Europska unija ni tijelo koje dodjeljuje bespovratna sredstva ne mogu se smatrati odgovornima za njih.\u201c<\/p>\n","protected":false},"excerpt":{"rendered":"<p>Virtual Exhibition \u201eThe Net of Souls\u201c is a product of engagement of young people in mental health advocacy and peer support activities. Paticularly young artists activists, creating this one of the kind exhibition as outcome of digital youthwork as alternative form of youth active participation. Special thanks go to Cultural Center Osijek https:\/\/kulturni-centar.hr\/ for giving [&hellip;]<\/p>\n","protected":false},"author":7,"featured_media":19696,"comment_status":"closed","ping_status":"closed","sticky":false,"template":"","format":"standard","meta":{"cybocfi_hide_featured_image":"","footnotes":""},"categories":[54],"tags":[],"class_list":["post-19697","post","type-post","status-publish","format-standard","has-post-thumbnail","hentry","category-news"],"aioseo_notices":[],"_links":{"self":[{"href":"https:\/\/proni.hr\/en\/wp-json\/wp\/v2\/posts\/19697","targetHints":{"allow":["GET"]}}],"collection":[{"href":"https:\/\/proni.hr\/en\/wp-json\/wp\/v2\/posts"}],"about":[{"href":"https:\/\/proni.hr\/en\/wp-json\/wp\/v2\/types\/post"}],"author":[{"embeddable":true,"href":"https:\/\/proni.hr\/en\/wp-json\/wp\/v2\/users\/7"}],"replies":[{"embeddable":true,"href":"https:\/\/proni.hr\/en\/wp-json\/wp\/v2\/comments?post=19697"}],"version-history":[{"count":2,"href":"https:\/\/proni.hr\/en\/wp-json\/wp\/v2\/posts\/19697\/revisions"}],"predecessor-version":[{"id":19699,"href":"https:\/\/proni.hr\/en\/wp-json\/wp\/v2\/posts\/19697\/revisions\/19699"}],"wp:featuredmedia":[{"embeddable":true,"href":"https:\/\/proni.hr\/en\/wp-json\/wp\/v2\/media\/19696"}],"wp:attachment":[{"href":"https:\/\/proni.hr\/en\/wp-json\/wp\/v2\/media?parent=19697"}],"wp:term":[{"taxonomy":"category","embeddable":true,"href":"https:\/\/proni.hr\/en\/wp-json\/wp\/v2\/categories?post=19697"},{"taxonomy":"post_tag","embeddable":true,"href":"https:\/\/proni.hr\/en\/wp-json\/wp\/v2\/tags?post=19697"}],"curies":[{"name":"wp","href":"https:\/\/api.w.org\/{rel}","templated":true}]}}