{"id":10173,"date":"2024-05-08T09:37:58","date_gmt":"2024-05-08T09:37:58","guid":{"rendered":"https:\/\/proni.hr\/old.proni.hr\/?p=10173"},"modified":"2024-05-08T09:41:11","modified_gmt":"2024-05-08T09:41:11","slug":"mladi-raspravljali-o-rodnoj-ravnopravnosti","status":"publish","type":"post","link":"https:\/\/proni.hr\/old.proni.hr\/mladi-raspravljali-o-rodnoj-ravnopravnosti\/","title":{"rendered":"Mladi raspravljali o rodnoj ravnopravnosti"},"content":{"rendered":"<p>Za\u0161to je rodna ravnopravnost va\u017ena i postoji li ona u nekim podru\u010djima \u017eivota?<\/p>\n<p>Na ova pitanja poku\u0161ali su odgovoriti sudionici radionice pod nazivom &#8220;U\u0111i u moje konversice&#8221; koja se odr\u017eala 30. travnja u Info-centru za mlade Osijek. Naime, upravo je rodna ravnopravnost sadr\u017eana u jednom od Ciljeva odr\u017eivog razvoja \u0161to govori o njenom zna\u010daju za dru\u0161tvo.<\/p>\n<p>U sklopu ove radionice sudionici su uz vodstvo voditelja raspravljali o razli\u010ditim situacijama u kojima postoji rodna(ne)ravnopravnost. Tako je jedna od tema bila svakako i nasilje nad \u017eenama naspram nasilja koje \u017eene provode nad mu\u0161karcima. Osvrnuli se i na svoja osobna iskustva kada su se osje\u0107ali diskrimirano zbog svog rodnog identiteta.<\/p>\n<p>Raspravljalo se i tradicionalnoj podjeli poslova na mu\u0161ke i \u017eenske i tome koliko je ta podjela jo\u0161 uvijek aktualna. Tako\u0111er dotaknuli su se i teme koliko je danas uobi\u010dajeno da de\u010dki pla\u010du i\u00a0 to otvoreno pokazuju.<\/p>\n<p><em>Ova radionica dio je aktivnosti &#8220;Zajedno mo\u017eemo vi\u0161e&#8221; u sklopu programa Europske snage solidarnosti, kao i aktivnosti projekta Regionalnog info centra za mlade Osijek, koji je financiran sredstvima Sredi\u0161njeg dr\u017eavnog ureda za demografiju i mlade.<\/em><\/p>\n<p><a href=\"https:\/\/proni.hr\/old.proni.hr\/wp-content\/uploads\/2024\/05\/radionica1.jpeg\"><img loading=\"lazy\" decoding=\"async\" class=\"alignnone size-medium wp-image-10175\" src=\"https:\/\/proni.hr\/old.proni.hr\/wp-content\/uploads\/2024\/05\/radionica1-300x169.jpeg\" alt=\"\" width=\"300\" height=\"169\" srcset=\"https:\/\/proni.hr\/old.proni.hr\/wp-content\/uploads\/2024\/05\/radionica1-300x169.jpeg 300w, https:\/\/proni.hr\/old.proni.hr\/wp-content\/uploads\/2024\/05\/radionica1-1024x577.jpeg 1024w, https:\/\/proni.hr\/old.proni.hr\/wp-content\/uploads\/2024\/05\/radionica1-768x432.jpeg 768w, https:\/\/proni.hr\/old.proni.hr\/wp-content\/uploads\/2024\/05\/radionica1-1536x865.jpeg 1536w, https:\/\/proni.hr\/old.proni.hr\/wp-content\/uploads\/2024\/05\/radionica1.jpeg 2048w\" sizes=\"(max-width: 300px) 100vw, 300px\" \/><\/a>\u00a0 \u00a0 \u00a0 <a href=\"https:\/\/proni.hr\/old.proni.hr\/wp-content\/uploads\/2024\/05\/radionica2.jpeg\"><img loading=\"lazy\" decoding=\"async\" class=\"alignnone size-medium wp-image-10176\" src=\"https:\/\/proni.hr\/old.proni.hr\/wp-content\/uploads\/2024\/05\/radionica2-300x169.jpeg\" alt=\"\" width=\"300\" height=\"169\" srcset=\"https:\/\/proni.hr\/old.proni.hr\/wp-content\/uploads\/2024\/05\/radionica2-300x169.jpeg 300w, https:\/\/proni.hr\/old.proni.hr\/wp-content\/uploads\/2024\/05\/radionica2-1024x577.jpeg 1024w, https:\/\/proni.hr\/old.proni.hr\/wp-content\/uploads\/2024\/05\/radionica2-768x432.jpeg 768w, https:\/\/proni.hr\/old.proni.hr\/wp-content\/uploads\/2024\/05\/radionica2-1536x865.jpeg 1536w, https:\/\/proni.hr\/old.proni.hr\/wp-content\/uploads\/2024\/05\/radionica2.jpeg 2048w\" sizes=\"(max-width: 300px) 100vw, 300px\" \/><\/a><\/p>\n<p>&nbsp;<\/p>\n<p>&nbsp;<\/p>\n<p><a href=\"https:\/\/proni.hr\/old.proni.hr\/wp-content\/uploads\/2024\/01\/preuzmi.png\"><img loading=\"lazy\" decoding=\"async\" class=\"alignnone wp-image-9925\" src=\"https:\/\/proni.hr\/old.proni.hr\/wp-content\/uploads\/2024\/01\/preuzmi-300x103.png\" alt=\"\" width=\"259\" height=\"89\" srcset=\"https:\/\/proni.hr\/old.proni.hr\/wp-content\/uploads\/2024\/01\/preuzmi-300x103.png 300w, https:\/\/proni.hr\/old.proni.hr\/wp-content\/uploads\/2024\/01\/preuzmi.png 474w\" sizes=\"(max-width: 259px) 100vw, 259px\" \/><\/a><\/p>\n<p>&nbsp;<\/p>\n","protected":false},"excerpt":{"rendered":"<p>Za\u0161to je rodna ravnopravnost va\u017ena i postoji li ona u nekim podru\u010djima \u017eivota? Na ova pitanja poku\u0161ali su odgovoriti sudionici radionice pod nazivom &#8220;U\u0111i u moje konversice&#8221; koja se odr\u017eala 30. travnja u Info-centru za mlade Osijek. Naime, upravo je rodna ravnopravnost sadr\u017eana u jednom od Ciljeva odr\u017eivog razvoja \u0161to govori o njenom zna\u010daju za [&hellip;]<\/p>\n","protected":false},"author":5,"featured_media":10174,"comment_status":"closed","ping_status":"closed","sticky":false,"template":"","format":"standard","meta":{"footnotes":""},"categories":[4],"tags":[],"_links":{"self":[{"href":"https:\/\/proni.hr\/old.proni.hr\/wp-json\/wp\/v2\/posts\/10173"}],"collection":[{"href":"https:\/\/proni.hr\/old.proni.hr\/wp-json\/wp\/v2\/posts"}],"about":[{"href":"https:\/\/proni.hr\/old.proni.hr\/wp-json\/wp\/v2\/types\/post"}],"author":[{"embeddable":true,"href":"https:\/\/proni.hr\/old.proni.hr\/wp-json\/wp\/v2\/users\/5"}],"replies":[{"embeddable":true,"href":"https:\/\/proni.hr\/old.proni.hr\/wp-json\/wp\/v2\/comments?post=10173"}],"version-history":[{"count":3,"href":"https:\/\/proni.hr\/old.proni.hr\/wp-json\/wp\/v2\/posts\/10173\/revisions"}],"predecessor-version":[{"id":10179,"href":"https:\/\/proni.hr\/old.proni.hr\/wp-json\/wp\/v2\/posts\/10173\/revisions\/10179"}],"wp:featuredmedia":[{"embeddable":true,"href":"https:\/\/proni.hr\/old.proni.hr\/wp-json\/wp\/v2\/media\/10174"}],"wp:attachment":[{"href":"https:\/\/proni.hr\/old.proni.hr\/wp-json\/wp\/v2\/media?parent=10173"}],"wp:term":[{"taxonomy":"category","embeddable":true,"href":"https:\/\/proni.hr\/old.proni.hr\/wp-json\/wp\/v2\/categories?post=10173"},{"taxonomy":"post_tag","embeddable":true,"href":"https:\/\/proni.hr\/old.proni.hr\/wp-json\/wp\/v2\/tags?post=10173"}],"curies":[{"name":"wp","href":"https:\/\/api.w.org\/{rel}","templated":true}]}}