{"id":10471,"date":"2024-07-26T11:12:16","date_gmt":"2024-07-26T11:12:16","guid":{"rendered":"https:\/\/proni.hr\/old.proni.hr\/?p=10471"},"modified":"2024-07-26T12:46:51","modified_gmt":"2024-07-26T12:46:51","slug":"poziv-na-razmjenu-mladih-boost-your-skills","status":"publish","type":"post","link":"https:\/\/proni.hr\/old.proni.hr\/poziv-na-razmjenu-mladih-boost-your-skills\/","title":{"rendered":"Poziv na razmjenu mladih &#8220;Boost your skills&#8221;"},"content":{"rendered":"<p><strong>\u017deli\u0161 ste\u0107i\u00a0<span class=\"emoji emoji-large\">\ud83c\udd92<\/span><span class=\"emoji emoji-large\">\ud83c\udd95<\/span><span class=\"emoji emoji-large\">\ud83c\udd93\u00a0<\/span>kreativne i digitalne vje\u0161tine koje doprinose samozapo\u0161ljivosti mladih?\u00a0<span class=\"emoji emoji-large\">\ud83d\udcaf<\/span><\/strong><\/p>\n<p>PRONI Centar za socijalno podu\u010davanje te poziva na razmjenu mladih i to, zamisli, na moru\u00a0\ud83c\udf0a\u00a0gdje ti je osiguran put, smje\u0161taj i hrana.<\/p>\n<p>\ud83d\udd14\u00a0Razmjena mladih\u00a0<strong>\u201cBoost your skills\u201d<\/strong>\u00a0osmi\u0161ljena je kao \u0161estodnevni proces s ciljem razvoja vje\u0161tina i znanja kod mladih va\u017enih za pove\u0107anje \u0161ansi za samozapo\u0161ljavanje kroz vo\u0111eno\u00a0<i>iskustveno u\u010denje kreiranja proizvoda i suvenira temeljenih na pristupu recikliranja i odr\u017eivog rada.\u00a0<\/i><\/p>\n<p>\ud83d\udd14\u00a0Razmjena mladih se odr\u017eava u\u00a0<strong>PRONI Trening centru u Pirovcu<\/strong>\u00a0(na moru kod \u0160ibenika)\u00a0<strong>od 9. do 16. rujna 2024.<\/strong>\u00a0zajedno s mladima iz \u0160panjolske, Makedonije, Rumunjske, Srbije i Hrvatske kao doma\u0107ina. Radni jezik razmjene mladih: engleski jezik.<\/p>\n<p><strong>Dob sudionika iz RH za razmjenu mladih: 18 \u2013 30 godina.<\/strong><\/p>\n<div>\ud83d\udca1\u00a0Ukoliko ti se svi\u0111a ideja da bude\u0161 besplatno na moru u okru\u017eenju mladih iz drugih krajeva EU, da nau\u010di\u0161 ne\u0161to novo i korisno za sebe i svoju budu\u0107nost prijavi se putem poveznice\u00a0<a href=\"https:\/\/forms.gle\/U2vNUcqPzM17aKZcA\" target=\"_blank\" rel=\"noopener\">OVDJE.\u00a0<\/a><\/div>\n<ul>\n<li><b>Rok za prijavu: 12.8.2024.\u00a0<\/b><\/li>\n<\/ul>\n<div><strong><span style=\"color: #000000;\">PRONI Centar za svakog sudionika pokriva put, smje\u0161taj i hranu.\u00a0<\/span><\/strong><\/div>\n<div><\/div>\n<div style=\"text-align: center;\">&#8230;..<\/div>\n<div><\/div>\n<div><\/div>\n<div>Za sva dodatna pitanja stojimo na raspolaganju putem emaila: vukovar@proni.hr ili na telefon: 032 450 106, radni dan od 9 do 15 sati.<\/div>\n<div><\/div>\n<div style=\"text-align: center;\">\u2026..<\/div>\n<div><\/div>\n<div style=\"text-align: center;\">Razmjenu mladih \u201cBoost your skills\u201d organizira\u00a0 PRONI Centar za socijalno podu\u010davanje u okviru Erasmus+ akreditacije u podru\u010dju mladih.<\/div>\n<div><\/div>\n<div><a href=\"https:\/\/proni.hr\/old.proni.hr\/wp-content\/uploads\/2024\/07\/Erasmus_EU_emblem_with_tagline_HR_cmyk_ceb86db0b1b5c1237973ded8dc0a7d1f.jpg\"><img loading=\"lazy\" decoding=\"async\" class=\"wp-image-10446 aligncenter\" src=\"https:\/\/proni.hr\/old.proni.hr\/wp-content\/uploads\/2024\/07\/Erasmus_EU_emblem_with_tagline_HR_cmyk_ceb86db0b1b5c1237973ded8dc0a7d1f-300x122.jpg\" alt=\"\" width=\"216\" height=\"88\" srcset=\"https:\/\/proni.hr\/old.proni.hr\/wp-content\/uploads\/2024\/07\/Erasmus_EU_emblem_with_tagline_HR_cmyk_ceb86db0b1b5c1237973ded8dc0a7d1f-300x122.jpg 300w, https:\/\/proni.hr\/old.proni.hr\/wp-content\/uploads\/2024\/07\/Erasmus_EU_emblem_with_tagline_HR_cmyk_ceb86db0b1b5c1237973ded8dc0a7d1f.jpg 560w\" sizes=\"(max-width: 216px) 100vw, 216px\" \/><\/a><\/div>\n<div><a href=\"https:\/\/proni.hr\/old.proni.hr\/wp-content\/uploads\/2024\/07\/HR-Sufinancira-EUROPSKA-UNIJA_POS_POS_7b100d5d4e3f7624f65467c0808602c4.jpg\"><img loading=\"lazy\" decoding=\"async\" class=\"wp-image-10447 aligncenter\" src=\"https:\/\/proni.hr\/old.proni.hr\/wp-content\/uploads\/2024\/07\/HR-Sufinancira-EUROPSKA-UNIJA_POS_POS_7b100d5d4e3f7624f65467c0808602c4-300x79.jpg\" alt=\"\" width=\"197\" height=\"52\" srcset=\"https:\/\/proni.hr\/old.proni.hr\/wp-content\/uploads\/2024\/07\/HR-Sufinancira-EUROPSKA-UNIJA_POS_POS_7b100d5d4e3f7624f65467c0808602c4-300x79.jpg 300w, https:\/\/proni.hr\/old.proni.hr\/wp-content\/uploads\/2024\/07\/HR-Sufinancira-EUROPSKA-UNIJA_POS_POS_7b100d5d4e3f7624f65467c0808602c4-1024x270.jpg 1024w, https:\/\/proni.hr\/old.proni.hr\/wp-content\/uploads\/2024\/07\/HR-Sufinancira-EUROPSKA-UNIJA_POS_POS_7b100d5d4e3f7624f65467c0808602c4-768x203.jpg 768w, https:\/\/proni.hr\/old.proni.hr\/wp-content\/uploads\/2024\/07\/HR-Sufinancira-EUROPSKA-UNIJA_POS_POS_7b100d5d4e3f7624f65467c0808602c4.jpg 1360w\" sizes=\"(max-width: 197px) 100vw, 197px\" \/><\/a><\/div>\n","protected":false},"excerpt":{"rendered":"<p>\u017deli\u0161 ste\u0107i\u00a0\ud83c\udd92\ud83c\udd95\ud83c\udd93\u00a0kreativne i digitalne vje\u0161tine koje doprinose samozapo\u0161ljivosti mladih?\u00a0\ud83d\udcaf PRONI Centar za socijalno podu\u010davanje te poziva na razmjenu mladih i to, zamisli, na moru\u00a0\ud83c\udf0a\u00a0gdje ti je osiguran put, smje\u0161taj i hrana. \ud83d\udd14\u00a0Razmjena mladih\u00a0\u201cBoost your skills\u201d\u00a0osmi\u0161ljena je kao \u0161estodnevni proces s ciljem razvoja vje\u0161tina i znanja kod mladih va\u017enih za pove\u0107anje \u0161ansi za samozapo\u0161ljavanje kroz vo\u0111eno\u00a0iskustveno [&hellip;]<\/p>\n","protected":false},"author":4,"featured_media":10479,"comment_status":"closed","ping_status":"closed","sticky":false,"template":"","format":"standard","meta":{"footnotes":""},"categories":[4],"tags":[],"_links":{"self":[{"href":"https:\/\/proni.hr\/old.proni.hr\/wp-json\/wp\/v2\/posts\/10471"}],"collection":[{"href":"https:\/\/proni.hr\/old.proni.hr\/wp-json\/wp\/v2\/posts"}],"about":[{"href":"https:\/\/proni.hr\/old.proni.hr\/wp-json\/wp\/v2\/types\/post"}],"author":[{"embeddable":true,"href":"https:\/\/proni.hr\/old.proni.hr\/wp-json\/wp\/v2\/users\/4"}],"replies":[{"embeddable":true,"href":"https:\/\/proni.hr\/old.proni.hr\/wp-json\/wp\/v2\/comments?post=10471"}],"version-history":[{"count":6,"href":"https:\/\/proni.hr\/old.proni.hr\/wp-json\/wp\/v2\/posts\/10471\/revisions"}],"predecessor-version":[{"id":10478,"href":"https:\/\/proni.hr\/old.proni.hr\/wp-json\/wp\/v2\/posts\/10471\/revisions\/10478"}],"wp:featuredmedia":[{"embeddable":true,"href":"https:\/\/proni.hr\/old.proni.hr\/wp-json\/wp\/v2\/media\/10479"}],"wp:attachment":[{"href":"https:\/\/proni.hr\/old.proni.hr\/wp-json\/wp\/v2\/media?parent=10471"}],"wp:term":[{"taxonomy":"category","embeddable":true,"href":"https:\/\/proni.hr\/old.proni.hr\/wp-json\/wp\/v2\/categories?post=10471"},{"taxonomy":"post_tag","embeddable":true,"href":"https:\/\/proni.hr\/old.proni.hr\/wp-json\/wp\/v2\/tags?post=10471"}],"curies":[{"name":"wp","href":"https:\/\/api.w.org\/{rel}","templated":true}]}}