{"id":10501,"date":"2024-08-02T09:55:27","date_gmt":"2024-08-02T09:55:27","guid":{"rendered":"https:\/\/proni.hr\/old.proni.hr\/?p=10501"},"modified":"2024-08-02T09:56:28","modified_gmt":"2024-08-02T09:56:28","slug":"shards-of-mosaic-erasmus-razmjena-mladih-u-ceskoj","status":"publish","type":"post","link":"https:\/\/proni.hr\/old.proni.hr\/shards-of-mosaic-erasmus-razmjena-mladih-u-ceskoj\/","title":{"rendered":"\u201eShards of Mosaic\u201c \u2013 ERASMUS + razmjena mladih u \u010ce\u0161koj"},"content":{"rendered":"<p>PRONI Centar za socijalno podu\u010davanje iz Hrvatske s jo\u0161 6 organizacija \u2013 iz \u0160panjolske, Portugala, Italije, Malte, Rumunjske, te doma\u0107ina EUROTEAM iz \u010ce\u0161ke Republike sudjeluje u razmjeni mladih, u malom pitoresknom mjestu Hradek, smje\u0161tenom na trome\u0111i s Poljskom i Slova\u010dkom.<br \/>\nTema razmjene je poduzetni\u0161tvo, a mladi od 14 do 17 godina u me\u0111unarodnim timovima razmjenjuju situaciju s tr\u017ei\u0161tem rada, nezaposlenosti, mogu\u0107nosti zaposlenja. Nau\u010dili su koristiti i digitalne alate, poput CANVAe, te ih koristili u krerianju vlastitih \u017eivotopisa, ali i promociji projekta na dru\u0161tvenim mre\u017eama. Tako\u0111er su nau\u010dili predstavljiti se na intervjuima za posao putem simulacija razgovora s poslodavcem, kao i savladali strah od javnog nastupa nizom prezentacija, o vlastitoj zemlji, organizaciji, kod ku\u0107a prire\u0111enih prezentacija o tr\u017ei\u0161tu rada, ekonomiji, nezaposlenosti, mogu\u0107nostima zapo\u0161ljavanja.<br \/>\nPosljedi\u010dno iz ovih analiza i nau\u010denih alata, kreirali su fiktivne poduzetni\u010dke pothvate, te izra\u0111uju SWOT analizu, poslovnu strategiju, ali su i kreirali ime, logo, slogane, promocijske materijale. Uskoro \u0107e krenuti i u snimanje promid\u017ebenih poruka i spotova. Svakog dana reflektiraju na to \u0161to su nau\u010dili, te vrijedno bilje\u017ee i popunjavaju svoj Youthpass certifikat.<br \/>\nSvake ve\u010deri je prezentacija neke od zemalja sudionica, organizacije koja sudjeluje, te prigodnih plesova, kvizova, igara. Preksino\u0107 je bila i Ve\u010der me\u0111unarodne kuhinje, te su sve zemlje prezentirale svoja jela, slatki\u0161e, grickalice, napitke.<br \/>\nTako\u0111er, ju\u010der smo imali i posjet povijesnom mjestu, Tvr\u0111avi \u0160ance, kao i izlet u obli\u017enji grad Havyrov. Grad su mladi istra\u017eivali u me\u0111unarodnim skupinama kroz 10 zadataka, putem kojih su ostvarili i interakciju s lokalnim stanovni\u0161tvom.<br \/>\nNa sredini ove razmjene, mo\u017eemo re\u0107i da \u0107e ovo biti izuzetno kvalitetan projekt koji \u0107e ostaviti velikog traga na na\u0161e sudionice, te im je ovo iskustvo otvorilo vrata ERAMUS+ programa i svijeta u kojem \u0107e u\u017eivati jo\u0161 dugi niz godina\u2026 Hvala na\u0161im doma\u0107inima, partnerskoj organizaciji EUROTEAM na iskusnom, pa\u017eljivo pripremljenom i pomno promi\u0161ljenom projektu, te predivnom i posve\u0107enom pristupu mladima, njihovom u\u010denju i stjecanju iskustava, znanja i izgradnji me\u0111unarodne socijalne mre\u017ee.<\/p>\n<p><a href=\"https:\/\/proni.hr\/old.proni.hr\/wp-content\/uploads\/2024\/08\/ceska-13.jpg\"><img loading=\"lazy\" decoding=\"async\" class=\"size-medium wp-image-10499 alignleft\" src=\"https:\/\/proni.hr\/old.proni.hr\/wp-content\/uploads\/2024\/08\/ceska-13-300x225.jpg\" alt=\"\" width=\"300\" height=\"225\" srcset=\"https:\/\/proni.hr\/old.proni.hr\/wp-content\/uploads\/2024\/08\/ceska-13-300x225.jpg 300w, https:\/\/proni.hr\/old.proni.hr\/wp-content\/uploads\/2024\/08\/ceska-13-1024x768.jpg 1024w, https:\/\/proni.hr\/old.proni.hr\/wp-content\/uploads\/2024\/08\/ceska-13-768x576.jpg 768w, https:\/\/proni.hr\/old.proni.hr\/wp-content\/uploads\/2024\/08\/ceska-13-1536x1152.jpg 1536w, https:\/\/proni.hr\/old.proni.hr\/wp-content\/uploads\/2024\/08\/ceska-13.jpg 1600w\" sizes=\"(max-width: 300px) 100vw, 300px\" \/>\u00a0<\/a>\u00a0<a href=\"https:\/\/proni.hr\/old.proni.hr\/wp-content\/uploads\/2024\/08\/ceska-12.jpg\">\u00a0<\/a> <a href=\"https:\/\/proni.hr\/old.proni.hr\/wp-content\/uploads\/2024\/08\/ceska-11.jpg\"><img loading=\"lazy\" decoding=\"async\" class=\"size-medium wp-image-10497 alignleft\" src=\"https:\/\/proni.hr\/old.proni.hr\/wp-content\/uploads\/2024\/08\/ceska-11-300x225.jpg\" alt=\"\" width=\"300\" height=\"225\" srcset=\"https:\/\/proni.hr\/old.proni.hr\/wp-content\/uploads\/2024\/08\/ceska-11-300x225.jpg 300w, https:\/\/proni.hr\/old.proni.hr\/wp-content\/uploads\/2024\/08\/ceska-11-1024x768.jpg 1024w, https:\/\/proni.hr\/old.proni.hr\/wp-content\/uploads\/2024\/08\/ceska-11-768x576.jpg 768w, https:\/\/proni.hr\/old.proni.hr\/wp-content\/uploads\/2024\/08\/ceska-11-1536x1152.jpg 1536w, https:\/\/proni.hr\/old.proni.hr\/wp-content\/uploads\/2024\/08\/ceska-11-2048x1536.jpg 2048w\" sizes=\"(max-width: 300px) 100vw, 300px\" \/>\u00a0<\/a>\u00a0 <a href=\"https:\/\/proni.hr\/old.proni.hr\/wp-content\/uploads\/2024\/08\/ceska-5.jpg\"><img loading=\"lazy\" decoding=\"async\" class=\"size-medium wp-image-10491 alignleft\" src=\"https:\/\/proni.hr\/old.proni.hr\/wp-content\/uploads\/2024\/08\/ceska-5-300x225.jpg\" alt=\"\" width=\"300\" height=\"225\" srcset=\"https:\/\/proni.hr\/old.proni.hr\/wp-content\/uploads\/2024\/08\/ceska-5-300x225.jpg 300w, https:\/\/proni.hr\/old.proni.hr\/wp-content\/uploads\/2024\/08\/ceska-5-1024x768.jpg 1024w, https:\/\/proni.hr\/old.proni.hr\/wp-content\/uploads\/2024\/08\/ceska-5-768x576.jpg 768w, https:\/\/proni.hr\/old.proni.hr\/wp-content\/uploads\/2024\/08\/ceska-5-1536x1152.jpg 1536w, https:\/\/proni.hr\/old.proni.hr\/wp-content\/uploads\/2024\/08\/ceska-5-2048x1536.jpg 2048w\" sizes=\"(max-width: 300px) 100vw, 300px\" \/><\/a> <a href=\"https:\/\/proni.hr\/old.proni.hr\/wp-content\/uploads\/2024\/08\/ceska-9.jpg\"><img loading=\"lazy\" decoding=\"async\" class=\"size-medium wp-image-10495 alignleft\" src=\"https:\/\/proni.hr\/old.proni.hr\/wp-content\/uploads\/2024\/08\/ceska-9-300x225.jpg\" alt=\"\" width=\"300\" height=\"225\" srcset=\"https:\/\/proni.hr\/old.proni.hr\/wp-content\/uploads\/2024\/08\/ceska-9-300x225.jpg 300w, https:\/\/proni.hr\/old.proni.hr\/wp-content\/uploads\/2024\/08\/ceska-9-1024x768.jpg 1024w, https:\/\/proni.hr\/old.proni.hr\/wp-content\/uploads\/2024\/08\/ceska-9-768x576.jpg 768w, https:\/\/proni.hr\/old.proni.hr\/wp-content\/uploads\/2024\/08\/ceska-9-1536x1152.jpg 1536w, https:\/\/proni.hr\/old.proni.hr\/wp-content\/uploads\/2024\/08\/ceska-9-2048x1536.jpg 2048w\" sizes=\"(max-width: 300px) 100vw, 300px\" \/>\u00a0<\/a>\u00a0<a href=\"https:\/\/proni.hr\/old.proni.hr\/wp-content\/uploads\/2024\/08\/ceska-8.jpg\">\u00a0<\/a> <a href=\"https:\/\/proni.hr\/old.proni.hr\/wp-content\/uploads\/2024\/08\/ceska-7.jpg\"><img loading=\"lazy\" decoding=\"async\" class=\"size-medium wp-image-10493 alignleft\" src=\"https:\/\/proni.hr\/old.proni.hr\/wp-content\/uploads\/2024\/08\/ceska-7-300x225.jpg\" alt=\"\" width=\"300\" height=\"225\" srcset=\"https:\/\/proni.hr\/old.proni.hr\/wp-content\/uploads\/2024\/08\/ceska-7-300x225.jpg 300w, https:\/\/proni.hr\/old.proni.hr\/wp-content\/uploads\/2024\/08\/ceska-7-1024x768.jpg 1024w, https:\/\/proni.hr\/old.proni.hr\/wp-content\/uploads\/2024\/08\/ceska-7-768x576.jpg 768w, https:\/\/proni.hr\/old.proni.hr\/wp-content\/uploads\/2024\/08\/ceska-7-1536x1152.jpg 1536w, https:\/\/proni.hr\/old.proni.hr\/wp-content\/uploads\/2024\/08\/ceska-7-2048x1536.jpg 2048w\" sizes=\"(max-width: 300px) 100vw, 300px\" \/>\u00a0<\/a> <a href=\"https:\/\/proni.hr\/old.proni.hr\/wp-content\/uploads\/2024\/08\/ceska-6.jpg\"><img loading=\"lazy\" decoding=\"async\" class=\"size-medium wp-image-10492 alignleft\" src=\"https:\/\/proni.hr\/old.proni.hr\/wp-content\/uploads\/2024\/08\/ceska-6-300x225.jpg\" alt=\"\" width=\"300\" height=\"225\" srcset=\"https:\/\/proni.hr\/old.proni.hr\/wp-content\/uploads\/2024\/08\/ceska-6-300x225.jpg 300w, https:\/\/proni.hr\/old.proni.hr\/wp-content\/uploads\/2024\/08\/ceska-6-1024x768.jpg 1024w, https:\/\/proni.hr\/old.proni.hr\/wp-content\/uploads\/2024\/08\/ceska-6-768x576.jpg 768w, https:\/\/proni.hr\/old.proni.hr\/wp-content\/uploads\/2024\/08\/ceska-6-1536x1152.jpg 1536w, https:\/\/proni.hr\/old.proni.hr\/wp-content\/uploads\/2024\/08\/ceska-6-2048x1536.jpg 2048w\" sizes=\"(max-width: 300px) 100vw, 300px\" \/>\u00a0<\/a> <a href=\"https:\/\/proni.hr\/old.proni.hr\/wp-content\/uploads\/2024\/08\/ceska-1.jpg\"><img loading=\"lazy\" decoding=\"async\" class=\"size-medium wp-image-10487 alignleft\" src=\"https:\/\/proni.hr\/old.proni.hr\/wp-content\/uploads\/2024\/08\/ceska-1-300x225.jpg\" alt=\"\" width=\"300\" height=\"225\" srcset=\"https:\/\/proni.hr\/old.proni.hr\/wp-content\/uploads\/2024\/08\/ceska-1-300x225.jpg 300w, https:\/\/proni.hr\/old.proni.hr\/wp-content\/uploads\/2024\/08\/ceska-1-1024x768.jpg 1024w, https:\/\/proni.hr\/old.proni.hr\/wp-content\/uploads\/2024\/08\/ceska-1-768x576.jpg 768w, https:\/\/proni.hr\/old.proni.hr\/wp-content\/uploads\/2024\/08\/ceska-1-1536x1152.jpg 1536w, https:\/\/proni.hr\/old.proni.hr\/wp-content\/uploads\/2024\/08\/ceska-1.jpg 1600w\" sizes=\"(max-width: 300px) 100vw, 300px\" \/>\u00a0<\/a> <a href=\"https:\/\/proni.hr\/old.proni.hr\/wp-content\/uploads\/2024\/08\/ceska-2-scaled.jpg\"><img loading=\"lazy\" decoding=\"async\" class=\"size-medium wp-image-10488 alignleft\" src=\"https:\/\/proni.hr\/old.proni.hr\/wp-content\/uploads\/2024\/08\/ceska-2-300x225.jpg\" alt=\"\" width=\"300\" height=\"225\" srcset=\"https:\/\/proni.hr\/old.proni.hr\/wp-content\/uploads\/2024\/08\/ceska-2-300x225.jpg 300w, https:\/\/proni.hr\/old.proni.hr\/wp-content\/uploads\/2024\/08\/ceska-2-1024x768.jpg 1024w, https:\/\/proni.hr\/old.proni.hr\/wp-content\/uploads\/2024\/08\/ceska-2-768x576.jpg 768w, https:\/\/proni.hr\/old.proni.hr\/wp-content\/uploads\/2024\/08\/ceska-2-1536x1152.jpg 1536w, https:\/\/proni.hr\/old.proni.hr\/wp-content\/uploads\/2024\/08\/ceska-2-2048x1536.jpg 2048w\" sizes=\"(max-width: 300px) 100vw, 300px\" \/>\u00a0<\/a>\u00a0<a href=\"https:\/\/proni.hr\/old.proni.hr\/wp-content\/uploads\/2024\/08\/ceska-3.jpg\">\u00a0<\/a><a href=\"https:\/\/proni.hr\/old.proni.hr\/wp-content\/uploads\/2024\/08\/ceska-3.jpg\"><img loading=\"lazy\" decoding=\"async\" class=\"size-medium wp-image-10489 alignleft\" src=\"https:\/\/proni.hr\/old.proni.hr\/wp-content\/uploads\/2024\/08\/ceska-3-300x225.jpg\" alt=\"\" width=\"300\" height=\"225\" srcset=\"https:\/\/proni.hr\/old.proni.hr\/wp-content\/uploads\/2024\/08\/ceska-3-300x225.jpg 300w, https:\/\/proni.hr\/old.proni.hr\/wp-content\/uploads\/2024\/08\/ceska-3-1024x768.jpg 1024w, https:\/\/proni.hr\/old.proni.hr\/wp-content\/uploads\/2024\/08\/ceska-3-768x576.jpg 768w, https:\/\/proni.hr\/old.proni.hr\/wp-content\/uploads\/2024\/08\/ceska-3-1536x1152.jpg 1536w, https:\/\/proni.hr\/old.proni.hr\/wp-content\/uploads\/2024\/08\/ceska-3-2048x1536.jpg 2048w\" sizes=\"(max-width: 300px) 100vw, 300px\" \/><\/a> <a href=\"https:\/\/proni.hr\/old.proni.hr\/wp-content\/uploads\/2024\/08\/ceska-4-scaled.jpg\"><img loading=\"lazy\" decoding=\"async\" class=\"size-medium wp-image-10490 alignleft\" src=\"https:\/\/proni.hr\/old.proni.hr\/wp-content\/uploads\/2024\/08\/ceska-4-225x300.jpg\" alt=\"\" width=\"225\" height=\"300\" srcset=\"https:\/\/proni.hr\/old.proni.hr\/wp-content\/uploads\/2024\/08\/ceska-4-225x300.jpg 225w, https:\/\/proni.hr\/old.proni.hr\/wp-content\/uploads\/2024\/08\/ceska-4-768x1024.jpg 768w, https:\/\/proni.hr\/old.proni.hr\/wp-content\/uploads\/2024\/08\/ceska-4-1152x1536.jpg 1152w, https:\/\/proni.hr\/old.proni.hr\/wp-content\/uploads\/2024\/08\/ceska-4-1536x2048.jpg 1536w, https:\/\/proni.hr\/old.proni.hr\/wp-content\/uploads\/2024\/08\/ceska-4-scaled.jpg 1920w\" sizes=\"(max-width: 225px) 100vw, 225px\" \/>\u00a0<\/a>\u00a0 <a href=\"https:\/\/proni.hr\/old.proni.hr\/wp-content\/uploads\/2024\/08\/ceska-8.jpg\"><img loading=\"lazy\" decoding=\"async\" class=\"size-medium wp-image-10494 alignleft\" src=\"https:\/\/proni.hr\/old.proni.hr\/wp-content\/uploads\/2024\/08\/ceska-8-225x300.jpg\" alt=\"\" width=\"225\" height=\"300\" srcset=\"https:\/\/proni.hr\/old.proni.hr\/wp-content\/uploads\/2024\/08\/ceska-8-225x300.jpg 225w, https:\/\/proni.hr\/old.proni.hr\/wp-content\/uploads\/2024\/08\/ceska-8-768x1024.jpg 768w, https:\/\/proni.hr\/old.proni.hr\/wp-content\/uploads\/2024\/08\/ceska-8-1152x1536.jpg 1152w, https:\/\/proni.hr\/old.proni.hr\/wp-content\/uploads\/2024\/08\/ceska-8-1536x2048.jpg 1536w, https:\/\/proni.hr\/old.proni.hr\/wp-content\/uploads\/2024\/08\/ceska-8.jpg 1548w\" sizes=\"(max-width: 225px) 100vw, 225px\" \/> <\/a><a href=\"https:\/\/proni.hr\/old.proni.hr\/wp-content\/uploads\/2024\/08\/ceska-10.jpg\"><img loading=\"lazy\" decoding=\"async\" class=\"size-medium wp-image-10496 alignleft\" src=\"https:\/\/proni.hr\/old.proni.hr\/wp-content\/uploads\/2024\/08\/ceska-10-225x300.jpg\" alt=\"\" width=\"225\" height=\"300\" srcset=\"https:\/\/proni.hr\/old.proni.hr\/wp-content\/uploads\/2024\/08\/ceska-10-225x300.jpg 225w, https:\/\/proni.hr\/old.proni.hr\/wp-content\/uploads\/2024\/08\/ceska-10-768x1024.jpg 768w, https:\/\/proni.hr\/old.proni.hr\/wp-content\/uploads\/2024\/08\/ceska-10-1152x1536.jpg 1152w, https:\/\/proni.hr\/old.proni.hr\/wp-content\/uploads\/2024\/08\/ceska-10-1536x2048.jpg 1536w, https:\/\/proni.hr\/old.proni.hr\/wp-content\/uploads\/2024\/08\/ceska-10.jpg 1548w\" sizes=\"(max-width: 225px) 100vw, 225px\" \/> <\/a><a href=\"https:\/\/proni.hr\/old.proni.hr\/wp-content\/uploads\/2024\/08\/ceska-12.jpg\"><img loading=\"lazy\" decoding=\"async\" class=\"size-medium wp-image-10498 alignleft\" src=\"https:\/\/proni.hr\/old.proni.hr\/wp-content\/uploads\/2024\/08\/ceska-12-225x300.jpg\" alt=\"\" width=\"225\" height=\"300\" srcset=\"https:\/\/proni.hr\/old.proni.hr\/wp-content\/uploads\/2024\/08\/ceska-12-225x300.jpg 225w, https:\/\/proni.hr\/old.proni.hr\/wp-content\/uploads\/2024\/08\/ceska-12-768x1024.jpg 768w, https:\/\/proni.hr\/old.proni.hr\/wp-content\/uploads\/2024\/08\/ceska-12-1152x1536.jpg 1152w, https:\/\/proni.hr\/old.proni.hr\/wp-content\/uploads\/2024\/08\/ceska-12.jpg 1200w\" sizes=\"(max-width: 225px) 100vw, 225px\" \/> <\/a><\/p>\n","protected":false},"excerpt":{"rendered":"<p>PRONI Centar za socijalno podu\u010davanje iz Hrvatske s jo\u0161 6 organizacija \u2013 iz \u0160panjolske, Portugala, Italije, Malte, Rumunjske, te doma\u0107ina EUROTEAM iz \u010ce\u0161ke Republike sudjeluje u razmjeni mladih, u malom pitoresknom mjestu Hradek, smje\u0161tenom na trome\u0111i s Poljskom i Slova\u010dkom. Tema razmjene je poduzetni\u0161tvo, a mladi od 14 do 17 godina u me\u0111unarodnim timovima razmjenjuju [&hellip;]<\/p>\n","protected":false},"author":9,"featured_media":10500,"comment_status":"closed","ping_status":"closed","sticky":false,"template":"","format":"standard","meta":{"footnotes":""},"categories":[4],"tags":[],"_links":{"self":[{"href":"https:\/\/proni.hr\/old.proni.hr\/wp-json\/wp\/v2\/posts\/10501"}],"collection":[{"href":"https:\/\/proni.hr\/old.proni.hr\/wp-json\/wp\/v2\/posts"}],"about":[{"href":"https:\/\/proni.hr\/old.proni.hr\/wp-json\/wp\/v2\/types\/post"}],"author":[{"embeddable":true,"href":"https:\/\/proni.hr\/old.proni.hr\/wp-json\/wp\/v2\/users\/9"}],"replies":[{"embeddable":true,"href":"https:\/\/proni.hr\/old.proni.hr\/wp-json\/wp\/v2\/comments?post=10501"}],"version-history":[{"count":3,"href":"https:\/\/proni.hr\/old.proni.hr\/wp-json\/wp\/v2\/posts\/10501\/revisions"}],"predecessor-version":[{"id":10504,"href":"https:\/\/proni.hr\/old.proni.hr\/wp-json\/wp\/v2\/posts\/10501\/revisions\/10504"}],"wp:featuredmedia":[{"embeddable":true,"href":"https:\/\/proni.hr\/old.proni.hr\/wp-json\/wp\/v2\/media\/10500"}],"wp:attachment":[{"href":"https:\/\/proni.hr\/old.proni.hr\/wp-json\/wp\/v2\/media?parent=10501"}],"wp:term":[{"taxonomy":"category","embeddable":true,"href":"https:\/\/proni.hr\/old.proni.hr\/wp-json\/wp\/v2\/categories?post=10501"},{"taxonomy":"post_tag","embeddable":true,"href":"https:\/\/proni.hr\/old.proni.hr\/wp-json\/wp\/v2\/tags?post=10501"}],"curies":[{"name":"wp","href":"https:\/\/api.w.org\/{rel}","templated":true}]}}