{"id":239,"date":"2015-01-05T16:44:32","date_gmt":"2015-01-05T16:44:32","guid":{"rendered":"http:\/\/proni.hr\/?p=239"},"modified":"2015-01-05T16:44:32","modified_gmt":"2015-01-05T16:44:32","slug":"zapocela-provedba-projekta-politika-nije-za-mene","status":"publish","type":"post","link":"https:\/\/proni.hr\/old.proni.hr\/zapocela-provedba-projekta-politika-nije-za-mene\/","title":{"rendered":"Zapo\u010dela provedba projekta: POLITIKA (NI)JE ZA MENE!"},"content":{"rendered":"<p><span class=\"sadrzaj\">Projekt\u00a0<a href=\"http:\/\/www.proni.hr\/index.php\/vijesti\/index.php\/aktivni-projekti\/-Politika-nije-na-mene.html\">&#8220;Politika\u00a0(ni)je\u00a0za mene!&#8221;<\/a>\u00a0<\/span><span class=\"sadrzaj sadrzaj\"><span class=\"sadrzaj\">kojeg provodi PRONI Centar kroz Regionalni info-centar za mlade Osijek, zapo\u010deo je s provedbom 01. velja\u010de, a trajat \u0107e do 01. listopada 2013. godine. Provodi se u suradnji i financijsku podr\u0161ku Savjeta mladih Osje\u010dko-baranjske \u017eupanije, te suradnju ostalih Savjeta mladih i organizacija civilnog dru\u0161tva OB\u017d.<\/span><\/span><\/p>\n","protected":false},"excerpt":{"rendered":"<p>Projekt\u00a0&#8220;Politika\u00a0(ni)je\u00a0za mene!&#8221;\u00a0kojeg provodi PRONI Centar kroz Regionalni info-centar za mlade Osijek, zapo\u010deo je s provedbom 01. velja\u010de, a trajat \u0107e do 01. listopada 2013. godine. Provodi se u suradnji i financijsku podr\u0161ku Savjeta mladih Osje\u010dko-baranjske \u017eupanije, te suradnju ostalih Savjeta mladih i organizacija civilnog dru\u0161tva OB\u017d.<\/p>\n","protected":false},"author":5,"featured_media":0,"comment_status":"open","ping_status":"open","sticky":false,"template":"","format":"standard","meta":{"footnotes":""},"categories":[4],"tags":[],"_links":{"self":[{"href":"https:\/\/proni.hr\/old.proni.hr\/wp-json\/wp\/v2\/posts\/239"}],"collection":[{"href":"https:\/\/proni.hr\/old.proni.hr\/wp-json\/wp\/v2\/posts"}],"about":[{"href":"https:\/\/proni.hr\/old.proni.hr\/wp-json\/wp\/v2\/types\/post"}],"author":[{"embeddable":true,"href":"https:\/\/proni.hr\/old.proni.hr\/wp-json\/wp\/v2\/users\/5"}],"replies":[{"embeddable":true,"href":"https:\/\/proni.hr\/old.proni.hr\/wp-json\/wp\/v2\/comments?post=239"}],"version-history":[{"count":0,"href":"https:\/\/proni.hr\/old.proni.hr\/wp-json\/wp\/v2\/posts\/239\/revisions"}],"wp:attachment":[{"href":"https:\/\/proni.hr\/old.proni.hr\/wp-json\/wp\/v2\/media?parent=239"}],"wp:term":[{"taxonomy":"category","embeddable":true,"href":"https:\/\/proni.hr\/old.proni.hr\/wp-json\/wp\/v2\/categories?post=239"},{"taxonomy":"post_tag","embeddable":true,"href":"https:\/\/proni.hr\/old.proni.hr\/wp-json\/wp\/v2\/tags?post=239"}],"curies":[{"name":"wp","href":"https:\/\/api.w.org\/{rel}","templated":true}]}}