{"id":241,"date":"2015-01-05T16:44:59","date_gmt":"2015-01-05T16:44:59","guid":{"rendered":"http:\/\/proni.hr\/?p=241"},"modified":"2015-01-05T16:44:59","modified_gmt":"2015-01-05T16:44:59","slug":"trening-za-turisticke-vodice-komunikacija-turistickih-vodica-s-osobama-s-invaliditetom","status":"publish","type":"post","link":"https:\/\/proni.hr\/old.proni.hr\/trening-za-turisticke-vodice-komunikacija-turistickih-vodica-s-osobama-s-invaliditetom\/","title":{"rendered":"Trening za turisti\u010dke vodi\u010de &#8220;Komunikacija turisti\u010dkih vodi\u010da s osobama s invaliditetom&#8221;"},"content":{"rendered":"<p class=\"sadrzaj\" align=\"justify\"><span class=\"sadrzaj sadrzaj\">Ju\u010der je u prostorijama Regionalnog informativnog centra za mlade Osijek odr\u017ean trening za turisti\u010dke vodi\u010de pod nazivom\u00a0<\/span>&#8220;Komunikacija turisti\u010dkih vodi\u010da s osobama s invaliditetom&#8221;.<\/p>\n<p class=\"sadrzaj sadrzaj sadrzaj\" align=\"justify\">\n<p class=\"sadrzaj sadrzaj sadrzaj\" align=\"justify\"><span class=\"sadrzaj\">Turisti\u010dka zajednica grada Osijeka, uz sufinanciranje Hrvatske turisti\u010dke zajednice provodi projekt pod nazivom \u201eOSIJEK \u2013 TURISTI\u010cKO ODREDI\u0160TE BEZ BARIJERA\u201d koji za cilj ima omogu\u0107iti nova znanja i vje\u0161tine turisti\u010dkim vodi\u010dima koji rade na podru\u010dju grada Osijeka i regije Isto\u010dne Hrvatske, za komunikaciju i vo\u0111enje turisti\u010dkih programa za osobe s invaliditetom, posebice slijepe i slabovidne osobe.<br \/>\n<\/span><br \/>\n<span class=\"sadrzaj\">Sukladno projektnim ciljevima i planiranim aktivnostima, trenerica PRONI Centra za socijalno podu\u010davanje, Irena Mikuli\u0107, pripremila je i provela trening program na temu \u201eKomunikacija turisti\u010dkih vodi\u010da s osobama s invaliditetom\u201c.<\/span><\/p>\n<p class=\"sadrzaj\" align=\"justify\">\nTrening na navedenu temu odr\u017ean je 19. velja\u010de 2013. godine u prostorijama Regionalnog Informativnog centra za mlade Osijek.<\/p>\n<p>Rad s turisti\u010dkim vodi\u010dima obuhvatio je razli\u010dite teme iz podru\u010dja informiranja, komunikacije, prava osoba s invaliditetom, alata potrebnih za komunikaciju posebice sa slijepima i slabovidnima, ali i niz prakti\u010dnih vje\u017ebi i prijenosa iskustava kojima su sudionici potaknuti na promi\u0161ljanje i u\u010denje o konkretnim vje\u0161tinama i usvajanje konkretnih znanja vezano uz spomenute teme.<\/p>\n<p>U prakti\u010dnom dijelu treninga, omogu\u0107eno je iskustveno u\u010denje sudionika kroz razmjena njihovih iskustava, dobivanje korisnih odgovora na mnoga prakti\u010dna pitanja, kroz prakti\u010dne vje\u017ebe i razgovor s gostima iz \u0160portske udruge slijepih \u201eSvjetlost\u201c Osijek, a poseban doprinos kvaliteti u\u010denja turisti\u010dkih vodi\u010da dao je\u00a0 predsjednik ove udruge, gosp. Stojan Bjelajac.<\/p>\n<p>Uz stjecanje korisnih informacija, usvajanje novih znanja i iskustveno u\u010denje polaznika ovog programa, trening je omogu\u0107io kreiranje novih idejnih rje\u0161enja za turisti\u010dke potrebe grada Osijeka koje \u0107e omogu\u0107iti sudjelovanje slijepim osobama u turisti\u010dkim programima. Razvojem inovativnih alata i kreativnih rje\u0161enja za turisti\u010dke potrebe, kao i razvojem suradnje razli\u010ditih dionika u zajednici, grad Osijek postaje jedno od odredi\u0161ta bez barijera, koje te\u017ee unaprje\u0111enju turisti\u010dke djelatnosti oslu\u0161kuju\u0107i potrebe razli\u010ditih ciljanih korisnika.<\/p>\n","protected":false},"excerpt":{"rendered":"<p>Ju\u010der je u prostorijama Regionalnog informativnog centra za mlade Osijek odr\u017ean trening za turisti\u010dke vodi\u010de pod nazivom\u00a0&#8220;Komunikacija turisti\u010dkih vodi\u010da s osobama s invaliditetom&#8221;. Turisti\u010dka zajednica grada Osijeka, uz sufinanciranje Hrvatske turisti\u010dke zajednice provodi projekt pod nazivom \u201eOSIJEK \u2013 TURISTI\u010cKO ODREDI\u0160TE BEZ BARIJERA\u201d koji za cilj ima omogu\u0107iti nova znanja i vje\u0161tine turisti\u010dkim vodi\u010dima koji rade [&hellip;]<\/p>\n","protected":false},"author":5,"featured_media":0,"comment_status":"open","ping_status":"open","sticky":false,"template":"","format":"standard","meta":{"footnotes":""},"categories":[4],"tags":[],"_links":{"self":[{"href":"https:\/\/proni.hr\/old.proni.hr\/wp-json\/wp\/v2\/posts\/241"}],"collection":[{"href":"https:\/\/proni.hr\/old.proni.hr\/wp-json\/wp\/v2\/posts"}],"about":[{"href":"https:\/\/proni.hr\/old.proni.hr\/wp-json\/wp\/v2\/types\/post"}],"author":[{"embeddable":true,"href":"https:\/\/proni.hr\/old.proni.hr\/wp-json\/wp\/v2\/users\/5"}],"replies":[{"embeddable":true,"href":"https:\/\/proni.hr\/old.proni.hr\/wp-json\/wp\/v2\/comments?post=241"}],"version-history":[{"count":0,"href":"https:\/\/proni.hr\/old.proni.hr\/wp-json\/wp\/v2\/posts\/241\/revisions"}],"wp:attachment":[{"href":"https:\/\/proni.hr\/old.proni.hr\/wp-json\/wp\/v2\/media?parent=241"}],"wp:term":[{"taxonomy":"category","embeddable":true,"href":"https:\/\/proni.hr\/old.proni.hr\/wp-json\/wp\/v2\/categories?post=241"},{"taxonomy":"post_tag","embeddable":true,"href":"https:\/\/proni.hr\/old.proni.hr\/wp-json\/wp\/v2\/tags?post=241"}],"curies":[{"name":"wp","href":"https:\/\/api.w.org\/{rel}","templated":true}]}}