{"id":243,"date":"2015-01-05T16:45:20","date_gmt":"2015-01-05T16:45:20","guid":{"rendered":"http:\/\/proni.hr\/?p=243"},"modified":"2015-01-05T16:45:20","modified_gmt":"2015-01-05T16:45:20","slug":"odrzana-konferencija-za-novinare","status":"publish","type":"post","link":"https:\/\/proni.hr\/old.proni.hr\/odrzana-konferencija-za-novinare\/","title":{"rendered":"Odr\u017eana konferencija za novinare"},"content":{"rendered":"<p><span class=\"sadrzaj\">U Regionalnom info-centru za mlade Osijek, 25. sije\u010dnja 2013. godine odr\u017eana je konferencija za novinare na kojoj je predstavljen projekt<strong><a href=\"http:\/\/www.proni.hr\/index.php\/vijesti\/index.php\/aktivni-projekti\/28.-zvjezdica.html\">&#8220;28. zvjezdica&#8221;<\/a><\/strong>. Predstavljeni su detalji provedbe projekta i njegovih aktivnosti, koje \u0107e do kraja o\u017eujka 2014. provoditi PRONI Centar s partnerima\u00a0<\/span><a href=\"http:\/\/www.zamisli.hr\/\" target=\"_blank\">ZAMISLI<\/a><span class=\"sadrzaj\">\u00a0iz Zagreba i\u00a0<\/span><a href=\"http:\/\/www.infozona.hr\/\" target=\"_blank\">INFO ZONOM<\/a><span class=\"sadrzaj\">\u00a0iz Splita. Projekt je financiran sredstvima Europske unije kroz program IPA INFO 2011.<br \/>\nIntervju Radio Osijeka s izvr\u0161nom direktoricom PRONI Centra, Sanjom Vukovi\u0107 \u010covi\u0107, mo\u017eete poslu\u0161ati\u00a0<\/span><a href=\"http:\/\/www.hrt.hr\/index.php?id=475&amp;tx_ttnews=199051&amp;tx_ttnews=475&amp;cHash=ebcd400318\">ovdje&#8230;<\/a><\/p>\n","protected":false},"excerpt":{"rendered":"<p>U Regionalnom info-centru za mlade Osijek, 25. sije\u010dnja 2013. godine odr\u017eana je konferencija za novinare na kojoj je predstavljen projekt&#8220;28. zvjezdica&#8221;. Predstavljeni su detalji provedbe projekta i njegovih aktivnosti, koje \u0107e do kraja o\u017eujka 2014. provoditi PRONI Centar s partnerima\u00a0ZAMISLI\u00a0iz Zagreba i\u00a0INFO ZONOM\u00a0iz Splita. Projekt je financiran sredstvima Europske unije kroz program IPA INFO 2011. [&hellip;]<\/p>\n","protected":false},"author":5,"featured_media":0,"comment_status":"open","ping_status":"open","sticky":false,"template":"","format":"standard","meta":{"footnotes":""},"categories":[4],"tags":[],"_links":{"self":[{"href":"https:\/\/proni.hr\/old.proni.hr\/wp-json\/wp\/v2\/posts\/243"}],"collection":[{"href":"https:\/\/proni.hr\/old.proni.hr\/wp-json\/wp\/v2\/posts"}],"about":[{"href":"https:\/\/proni.hr\/old.proni.hr\/wp-json\/wp\/v2\/types\/post"}],"author":[{"embeddable":true,"href":"https:\/\/proni.hr\/old.proni.hr\/wp-json\/wp\/v2\/users\/5"}],"replies":[{"embeddable":true,"href":"https:\/\/proni.hr\/old.proni.hr\/wp-json\/wp\/v2\/comments?post=243"}],"version-history":[{"count":0,"href":"https:\/\/proni.hr\/old.proni.hr\/wp-json\/wp\/v2\/posts\/243\/revisions"}],"wp:attachment":[{"href":"https:\/\/proni.hr\/old.proni.hr\/wp-json\/wp\/v2\/media?parent=243"}],"wp:term":[{"taxonomy":"category","embeddable":true,"href":"https:\/\/proni.hr\/old.proni.hr\/wp-json\/wp\/v2\/categories?post=243"},{"taxonomy":"post_tag","embeddable":true,"href":"https:\/\/proni.hr\/old.proni.hr\/wp-json\/wp\/v2\/tags?post=243"}],"curies":[{"name":"wp","href":"https:\/\/api.w.org\/{rel}","templated":true}]}}