{"id":246,"date":"2015-01-05T16:46:27","date_gmt":"2015-01-05T16:46:27","guid":{"rendered":"http:\/\/proni.hr\/?p=246"},"modified":"2015-01-05T16:46:27","modified_gmt":"2015-01-05T16:46:27","slug":"28-zvjezdica-odrzan-prvi-parterski-sastanak","status":"publish","type":"post","link":"https:\/\/proni.hr\/old.proni.hr\/28-zvjezdica-odrzan-prvi-parterski-sastanak\/","title":{"rendered":"28. Zvjezdica \u2013 Odr\u017ean prvi parterski sastanak!"},"content":{"rendered":"<div align=\"justify\"><span class=\"sadrzaj\">Predstavnici INFOZONE, ZAMISLI\u00a0i PRONI Centra, partneri na projektu\u00a0<a href=\"http:\/\/www.proni.hr\/index.php\/vijesti\/index.php\/aktivni-projekti\/28.-zvjezdica.html\">&#8220;28. Zvjezdica&#8221;<\/a>, odr\u017eali su\u00a01. radni sastanak,\u00a0<\/span><span class=\"sadrzaj\">17. sije\u010dnja 2013.,\u00a0<\/span><span class=\"sadrzaj\">u prostoru Regionalnog info-centra za mlade Zagreb.<\/span><span class=\"sadrzaj\">\u00a0Osim dogovora o na\u010dinu komunikacije i upoznavanja s projektom op\u0107enito, na sastanku su dogovoreni svi potrebni detalji predstoje\u0107ih aktivnosti. Tako je krenula priprema \u201eMasovne diskusije\u201c koje \u0107e se odr\u017eati u Splitu, Zagrebu i Osijeku, u o\u017eujku, sve u isti dan i isto vrijeme.\u00a0<\/span><\/div>\n<div align=\"justify\"><span class=\"sadrzaj\">Projekt finacira\u00a0<a href=\"http:\/\/www.delhrv.ec.europa.eu\/?lang=hr&amp;content=4507\" target=\"_blank\">Europska unija kroz Program IPA INFO 2011<\/a>\u00a0.<\/span><\/div>\n","protected":false},"excerpt":{"rendered":"<p>Predstavnici INFOZONE, ZAMISLI\u00a0i PRONI Centra, partneri na projektu\u00a0&#8220;28. Zvjezdica&#8221;, odr\u017eali su\u00a01. radni sastanak,\u00a017. sije\u010dnja 2013.,\u00a0u prostoru Regionalnog info-centra za mlade Zagreb.\u00a0Osim dogovora o na\u010dinu komunikacije i upoznavanja s projektom op\u0107enito, na sastanku su dogovoreni svi potrebni detalji predstoje\u0107ih aktivnosti. Tako je krenula priprema \u201eMasovne diskusije\u201c koje \u0107e se odr\u017eati u Splitu, Zagrebu i Osijeku, u [&hellip;]<\/p>\n","protected":false},"author":5,"featured_media":0,"comment_status":"open","ping_status":"open","sticky":false,"template":"","format":"standard","meta":{"footnotes":""},"categories":[4],"tags":[],"_links":{"self":[{"href":"https:\/\/proni.hr\/old.proni.hr\/wp-json\/wp\/v2\/posts\/246"}],"collection":[{"href":"https:\/\/proni.hr\/old.proni.hr\/wp-json\/wp\/v2\/posts"}],"about":[{"href":"https:\/\/proni.hr\/old.proni.hr\/wp-json\/wp\/v2\/types\/post"}],"author":[{"embeddable":true,"href":"https:\/\/proni.hr\/old.proni.hr\/wp-json\/wp\/v2\/users\/5"}],"replies":[{"embeddable":true,"href":"https:\/\/proni.hr\/old.proni.hr\/wp-json\/wp\/v2\/comments?post=246"}],"version-history":[{"count":0,"href":"https:\/\/proni.hr\/old.proni.hr\/wp-json\/wp\/v2\/posts\/246\/revisions"}],"wp:attachment":[{"href":"https:\/\/proni.hr\/old.proni.hr\/wp-json\/wp\/v2\/media?parent=246"}],"wp:term":[{"taxonomy":"category","embeddable":true,"href":"https:\/\/proni.hr\/old.proni.hr\/wp-json\/wp\/v2\/categories?post=246"},{"taxonomy":"post_tag","embeddable":true,"href":"https:\/\/proni.hr\/old.proni.hr\/wp-json\/wp\/v2\/tags?post=246"}],"curies":[{"name":"wp","href":"https:\/\/api.w.org\/{rel}","templated":true}]}}