{"id":2794,"date":"2016-02-23T14:19:58","date_gmt":"2016-02-23T14:19:58","guid":{"rendered":"http:\/\/proni.hr\/?p=2794"},"modified":"2016-03-29T10:14:21","modified_gmt":"2016-03-29T10:14:21","slug":"poziv-na-sudjelovanje-u-istrazivanju","status":"publish","type":"post","link":"https:\/\/proni.hr\/old.proni.hr\/poziv-na-sudjelovanje-u-istrazivanju\/","title":{"rendered":"Poziv na sudjelovanje u istra\u017eivanju"},"content":{"rendered":"<p>PRONI Centar za socijalno podu\u010davanje provodi istra\u017eivanje o Razini i potrebama informiranosti mladih od 15 do 30 godina na podru\u010dju grada Vukovara. Istra\u017eivanje se provodi u sklopu projekta &#8220;<a href=\"https:\/\/proni.hr\/old.proni.hr\/portfolio-items\/projekt-i-strategija\/?portfolioID=1284http:\/\/\">I-Strategija<\/a>&#8221; kroz program Erasmus+ financiranog sredstvima Europske unije.<\/p>\n<p><a href=\"https:\/\/docs.google.com\/forms\/d\/1Wkhsj0mgBXE4rsDtMMMdPKp9K64iUZ-jObOFBptOEsQ\/edit?usp=drive_web\" target=\"_blank\">ISPUNI ANKETU\u00a0<\/a><\/p>\n<p>Projekt \u0107e se provoditi u razdoblju od 4. sije\u010dnja 2016. do 4. srpnja 2016. godine na podru\u010dju grada Vukovara. Glavni cilj projekta je izrada, promocija i primjena <strong>Strategije informiranja mladih<\/strong> na podru\u010dju grada Vukovara.<\/p>\n<p>Upitnik je namijenjen svima od 15 do 30 godina koji dolaze iz Vukovara i onima koji nisu iz Vukovara, ali \u017eive, rade, studiraju ili se \u0161koluju u Vukovaru.<\/p>\n<p><em>Koliko ste informirani, o \u010demu \u017eelite biti informirani i na koji na\u010din &#8211; recite nam u ovome kratkom, ali vrlo va\u017enom upitniku.<\/em><\/p>\n","protected":false},"excerpt":{"rendered":"<p>PRONI Centar za socijalno podu\u010davanje provodi istra\u017eivanje o Razini i potrebama informiranosti mladih od 15 do 30 godina na podru\u010dju grada Vukovara. Istra\u017eivanje se provodi u sklopu projekta &#8220;I-Strategija&#8221; kroz program Erasmus+ financiranog sredstvima Europske unije. ISPUNI ANKETU\u00a0 Projekt \u0107e se provoditi u razdoblju od 4. sije\u010dnja 2016. do 4. srpnja 2016. godine na podru\u010dju [&hellip;]<\/p>\n","protected":false},"author":4,"featured_media":2795,"comment_status":"closed","ping_status":"open","sticky":false,"template":"","format":"standard","meta":{"footnotes":""},"categories":[4],"tags":[],"_links":{"self":[{"href":"https:\/\/proni.hr\/old.proni.hr\/wp-json\/wp\/v2\/posts\/2794"}],"collection":[{"href":"https:\/\/proni.hr\/old.proni.hr\/wp-json\/wp\/v2\/posts"}],"about":[{"href":"https:\/\/proni.hr\/old.proni.hr\/wp-json\/wp\/v2\/types\/post"}],"author":[{"embeddable":true,"href":"https:\/\/proni.hr\/old.proni.hr\/wp-json\/wp\/v2\/users\/4"}],"replies":[{"embeddable":true,"href":"https:\/\/proni.hr\/old.proni.hr\/wp-json\/wp\/v2\/comments?post=2794"}],"version-history":[{"count":0,"href":"https:\/\/proni.hr\/old.proni.hr\/wp-json\/wp\/v2\/posts\/2794\/revisions"}],"wp:featuredmedia":[{"embeddable":true,"href":"https:\/\/proni.hr\/old.proni.hr\/wp-json\/wp\/v2\/media\/2795"}],"wp:attachment":[{"href":"https:\/\/proni.hr\/old.proni.hr\/wp-json\/wp\/v2\/media?parent=2794"}],"wp:term":[{"taxonomy":"category","embeddable":true,"href":"https:\/\/proni.hr\/old.proni.hr\/wp-json\/wp\/v2\/categories?post=2794"},{"taxonomy":"post_tag","embeddable":true,"href":"https:\/\/proni.hr\/old.proni.hr\/wp-json\/wp\/v2\/tags?post=2794"}],"curies":[{"name":"wp","href":"https:\/\/api.w.org\/{rel}","templated":true}]}}