{"id":2801,"date":"2016-02-26T08:40:04","date_gmt":"2016-02-26T08:40:04","guid":{"rendered":"http:\/\/proni.hr\/?p=2801"},"modified":"2016-02-26T08:42:04","modified_gmt":"2016-02-26T08:42:04","slug":"info-centar-za-mlade-vukovar-proslavio-8-rodendan","status":"publish","type":"post","link":"https:\/\/proni.hr\/old.proni.hr\/info-centar-za-mlade-vukovar-proslavio-8-rodendan\/","title":{"rendered":"Info centar za mlade Vukovar proslavio 8. ro\u0111endan"},"content":{"rendered":"<p>U petak, 19.velja\u010de 2016. godine proslavljen je 8. ro\u0111endan Info centra za mlade Vukovar.<\/p>\n<p>Info centar za mlade Vukovar vrlo je zna\u010dajan u gradu Vukovaru, usmjeren je na op\u0107e informiranje mladih i prilago\u0111ava se svim pitanjima i potrebama mladog \u010dovjeka. \u00a0Info-centar za mlade Vukovar djeluje na podru\u010dju grada Vukovara, usmjeren na sve mlade u dobi izme\u0111u 15 i 30 godina. Prilago\u0111en je onima koji nemaju mogu\u0107nosti za istra\u017eivanje informacija, kao i onima kojima su postoje\u0107e mogu\u0107nosti nedovoljne. Info-centar pru\u017ea mladima raznovrsne informacije na jednom mjestu, kao i mogu\u0107nost stjecanja vje\u0161tina u pronala\u017eenju istih.<\/p>\n<p>Kroz 8 godina informirano je vi\u0161e od 5000 mladih metodom &#8220;lice u lice&#8221;, u volonterskoj bazi trenutno je 101 volonter, provedeno je 8 velikih istra\u017eivanja, vi\u0161e od 1000 mladih pro\u0161lo je edukacije ICM-a i uspje\u0161no je provedeno 6 sajmova informiranja mladih &#8211; VuMi.<\/p>\n<p>Uz kratak video uradak o razvoju i aktivnostima Info centra za mlade Vukovar kroz 8 godina postojanja kao i me\u0111usobno upoznavanje onih koji su nam se pridru\u017eiti po prvi puta taj dan s onima koji su s nama dugo, pa \u010dak i cijelih 8 godina, koliko i postoji ICM Vukovar prikazali smo brojne aktivnosti i vrijedne volontere koji su obilje\u017eili informiranje mladih u gradu Vukovaru te tako zajedno podigli ne samo razinu informiranosti mladih nego i razinu kvalitete \u017eivota mladih u gradu Vukovaru.<\/p>\n<p>Volonteri ICM-a osmislili su novu dru\u0161tvenu igru &#8220;\u010covje\u010de, informiraj se!&#8221; gdje su u timovima provjeravali znanje o Info centru za mlade Vukovar, a za pobjednike su bile osigurane i nagrade.<\/p>\n<p>Ukoliko \u017eelite saznati vi\u0161e o Info centru za mlade posjetite na\u0161u Facebook stranicu <a href=\"https:\/\/www.facebook.com\/Info.centar.za.mlade.Vukovar\" target=\"_blank\">Info centar za mlade Vukovar<\/a>.<\/p>\n","protected":false},"excerpt":{"rendered":"<p>U petak, 19.velja\u010de 2016. godine proslavljen je 8. ro\u0111endan Info centra za mlade Vukovar. Info centar za mlade Vukovar vrlo je zna\u010dajan u gradu Vukovaru, usmjeren je na op\u0107e informiranje mladih i prilago\u0111ava se svim pitanjima i potrebama mladog \u010dovjeka. \u00a0Info-centar za mlade Vukovar djeluje na podru\u010dju grada Vukovara, usmjeren na sve mlade u dobi [&hellip;]<\/p>\n","protected":false},"author":4,"featured_media":2802,"comment_status":"closed","ping_status":"closed","sticky":false,"template":"","format":"standard","meta":{"footnotes":""},"categories":[4],"tags":[],"_links":{"self":[{"href":"https:\/\/proni.hr\/old.proni.hr\/wp-json\/wp\/v2\/posts\/2801"}],"collection":[{"href":"https:\/\/proni.hr\/old.proni.hr\/wp-json\/wp\/v2\/posts"}],"about":[{"href":"https:\/\/proni.hr\/old.proni.hr\/wp-json\/wp\/v2\/types\/post"}],"author":[{"embeddable":true,"href":"https:\/\/proni.hr\/old.proni.hr\/wp-json\/wp\/v2\/users\/4"}],"replies":[{"embeddable":true,"href":"https:\/\/proni.hr\/old.proni.hr\/wp-json\/wp\/v2\/comments?post=2801"}],"version-history":[{"count":0,"href":"https:\/\/proni.hr\/old.proni.hr\/wp-json\/wp\/v2\/posts\/2801\/revisions"}],"wp:featuredmedia":[{"embeddable":true,"href":"https:\/\/proni.hr\/old.proni.hr\/wp-json\/wp\/v2\/media\/2802"}],"wp:attachment":[{"href":"https:\/\/proni.hr\/old.proni.hr\/wp-json\/wp\/v2\/media?parent=2801"}],"wp:term":[{"taxonomy":"category","embeddable":true,"href":"https:\/\/proni.hr\/old.proni.hr\/wp-json\/wp\/v2\/categories?post=2801"},{"taxonomy":"post_tag","embeddable":true,"href":"https:\/\/proni.hr\/old.proni.hr\/wp-json\/wp\/v2\/tags?post=2801"}],"curies":[{"name":"wp","href":"https:\/\/api.w.org\/{rel}","templated":true}]}}