{"id":2806,"date":"2016-03-11T10:18:57","date_gmt":"2016-03-11T10:18:57","guid":{"rendered":"http:\/\/proni.hr\/?p=2806"},"modified":"2016-03-11T10:19:38","modified_gmt":"2016-03-11T10:19:38","slug":"provedena-3-aktivnost-projekta-a-la-2","status":"publish","type":"post","link":"https:\/\/proni.hr\/old.proni.hr\/provedena-3-aktivnost-projekta-a-la-2\/","title":{"rendered":"Provedena 3. aktivnost projekta &#8221;A-LA!? 2&#8221;"},"content":{"rendered":"<p>U \u010detvrtak 10.03.2016. u prostoru Gradske vije\u0107nice Grada Siska, odr\u017ean je drugi sastanak sa Savjetom mladih Grada Siska u okvuru aktivnosti br. 3 &#8221;Pra\u0107enje provedbe Gradskog programa za mlade Sisak&#8221;, projekta &#8221;A-LA!? 2 &#8211; A lokalni aktivizam!? 2&#8221;.<\/p>\n<p><a href=\"http:\/\/www.icm-sisak.info\/wp-content\/uploads\/2016\/03\/20160310_152333.jpg\"><img loading=\"lazy\" decoding=\"async\" class=\"alignleft  wp-image-7382\" src=\"http:\/\/www.icm-sisak.info\/wp-content\/uploads\/2016\/03\/20160310_152333.jpg\" alt=\"20160310_152333\" width=\"164\" height=\"123\" \/><\/a><\/p>\n<p>Temeljeno na odr\u017eivosti prvog provedenog projekta &#8221;A-LA!?&#8221; a sukladno rezultatima provedenog Istra\u017eivanja &#8221;Dru\u0161tveni polo\u017eaj mladih i va\u017enost aktivnog sudjelovanja mladih u dru\u0161tvenim procesima u gradu Sisku&#8221;, Aktivnost br. 3 je program s kojim smo pratili\u00a0provedbu novog Gradskog programa za mlade Grada Siska (u daljnjem tekstu GPM Sisak).<\/p>\n<p>U nastojanju da se dokument i prioritetne mjere u njemu opisane provedu, posvetili smo se pra\u0107enju djelovanja\u00a0i potpori rada Savjeta mladih Grada Siska \u010dija je zada\u0107a upravo provedba GPM Sisak.<\/p>\n<p>U svrhu pra\u0107enja provedbe prioritetnih mjera opisanih GPM Sisak, odr\u017eali smo\u00a0ukupno dva fokus sastanka kojima smo\u00a0evaluirali dosada\u0161nju implementaciju GPM Sisak te razviti nove ideje o na\u010dinu provedbe mjera iz lokalne politike za mlade u skladu sa Planom rada\u00a0Savjeta mladih Grada Siska.<\/p>\n<p>Kreirali smo plan pra\u0107enja provedbe prioritetnih mjera GPM Grada Siska, odnosno djelovanja Savjeta mladih Grada Siska u tom smislu, s ciljem poticanja kvalitetnijeg djelovanja Savjeta mladih Grada Siska te potpore u implementaciji GPM Sisak.\u00a0Kreiran plan pra\u0107enja dostavljen je Gradu Sisku s kojim smo se obvezali i nakon provedbe ove aktivnosti, pru\u017eati potporu Savjetu mladih Grada Siska u provedbi GPM Sisak te kreiranju budu\u0107ih programa\/projekata koji im predstoje do kraja 2016. godine.<\/p>\n<p>Plan pra\u0107enja provedbe GPM Sisak mo\u017eete pogledati na prilo\u017eenom \u00a0linku:\u00a0<a href=\"http:\/\/www.icm-sisak.info\/wp-content\/uploads\/2016\/03\/Plan-pra\u0107enja-provedbe-GPM-Sisak.pdf\">Plan pra\u0107enja provedbe GPM Sisak<\/a>.<\/p>\n<p>Projekt &#8221;A-LA!? 2&#8221; financiran je od \u00a0Ministarstva socijalne politike i mladih a provodi se u suradnji sa Gradom Siskom i Sisa\u010dko-moslava\u010dkom \u017eupanijom.<\/p>\n<p><a href=\"http:\/\/www.icm-sisak.info\/wp-content\/uploads\/2015\/12\/a-la-2-logo5.png\"><img loading=\"lazy\" decoding=\"async\" class=\" size-full wp-image-7364 alignleft\" src=\"http:\/\/www.icm-sisak.info\/wp-content\/uploads\/2015\/12\/a-la-2-logo5.png\" alt=\"a-la 2 logo\" width=\"120\" height=\"67\" \/><\/a>\u00a0<a href=\"http:\/\/www.icm-sisak.info\/wp-content\/uploads\/2015\/12\/222_105_Ministarstvo_sovijalne_politike_i_mladih.jpg\"><img loading=\"lazy\" decoding=\"async\" class=\"  wp-image-7097 alignleft\" src=\"http:\/\/www.icm-sisak.info\/wp-content\/uploads\/2015\/12\/222_105_Ministarstvo_sovijalne_politike_i_mladih.jpg\" alt=\"222_105_Ministarstvo_sovijalne_politike_i_mladih\" width=\"178\" height=\"84\" \/><\/a><\/p>\n<p>&nbsp;<\/p>\n","protected":false},"excerpt":{"rendered":"<p>U \u010detvrtak 10.03.2016. u prostoru Gradske vije\u0107nice Grada Siska, odr\u017ean je drugi sastanak sa Savjetom mladih Grada Siska u okvuru aktivnosti br. 3 &#8221;Pra\u0107enje provedbe Gradskog programa za mlade Sisak&#8221;, projekta &#8221;A-LA!? 2 &#8211; A lokalni aktivizam!? 2&#8221;. Temeljeno na odr\u017eivosti prvog provedenog projekta &#8221;A-LA!?&#8221; a sukladno rezultatima provedenog Istra\u017eivanja &#8221;Dru\u0161tveni polo\u017eaj mladih i va\u017enost [&hellip;]<\/p>\n","protected":false},"author":5,"featured_media":2807,"comment_status":"closed","ping_status":"closed","sticky":false,"template":"","format":"standard","meta":{"footnotes":""},"categories":[4],"tags":[],"_links":{"self":[{"href":"https:\/\/proni.hr\/old.proni.hr\/wp-json\/wp\/v2\/posts\/2806"}],"collection":[{"href":"https:\/\/proni.hr\/old.proni.hr\/wp-json\/wp\/v2\/posts"}],"about":[{"href":"https:\/\/proni.hr\/old.proni.hr\/wp-json\/wp\/v2\/types\/post"}],"author":[{"embeddable":true,"href":"https:\/\/proni.hr\/old.proni.hr\/wp-json\/wp\/v2\/users\/5"}],"replies":[{"embeddable":true,"href":"https:\/\/proni.hr\/old.proni.hr\/wp-json\/wp\/v2\/comments?post=2806"}],"version-history":[{"count":0,"href":"https:\/\/proni.hr\/old.proni.hr\/wp-json\/wp\/v2\/posts\/2806\/revisions"}],"wp:featuredmedia":[{"embeddable":true,"href":"https:\/\/proni.hr\/old.proni.hr\/wp-json\/wp\/v2\/media\/2807"}],"wp:attachment":[{"href":"https:\/\/proni.hr\/old.proni.hr\/wp-json\/wp\/v2\/media?parent=2806"}],"wp:term":[{"taxonomy":"category","embeddable":true,"href":"https:\/\/proni.hr\/old.proni.hr\/wp-json\/wp\/v2\/categories?post=2806"},{"taxonomy":"post_tag","embeddable":true,"href":"https:\/\/proni.hr\/old.proni.hr\/wp-json\/wp\/v2\/tags?post=2806"}],"curies":[{"name":"wp","href":"https:\/\/api.w.org\/{rel}","templated":true}]}}