{"id":2810,"date":"2016-03-25T11:31:25","date_gmt":"2016-03-25T11:31:25","guid":{"rendered":"http:\/\/proni.hr\/?p=2810"},"modified":"2016-03-29T10:12:11","modified_gmt":"2016-03-29T10:12:11","slug":"provdene-fokus-grupe-s-90-vukovarskih-srednjoskolaca","status":"publish","type":"post","link":"https:\/\/proni.hr\/old.proni.hr\/provdene-fokus-grupe-s-90-vukovarskih-srednjoskolaca\/","title":{"rendered":"Provedene Fokus grupe s 90 vukovarskih srednjo\u0161kolaca"},"content":{"rendered":"<p>U okviru projekta <strong>&#8220;<a href=\"https:\/\/proni.hr\/old.proni.hr\/portfolio-items\/projekt-i-strategija\/?portfolioID=1284http:\/\/\">I-Strategija<\/a>&#8220;<\/strong> financiranog sredstvima Europske unije kroz program <strong>Erasmus+<\/strong>, PRONI Centar proveo je 4 Fokus grupe sa srednjo\u0161kolcima.<\/p>\n<p><strong>90 u\u010denika 4 srednje \u0161kole u Vukovaru<\/strong> sudjelovalo je u Fokus grupama te se aktivno uklju\u010dilo u diskusiju o pravovremenom i pravovaljanom informiranju mladih na podru\u010dju grada Vukovara. Tako\u0111er, iznijeli su svoje mi\u0161ljenje i iskustva potra\u017eivanja informacija i mane i prednosti odre\u0111enog na\u010dina informiranja mladih, te otvoreno govorili o kojim temama bi htjeli biti informirani i na koji na\u010din, te je vi\u0161e od polovice sudionika zaklju\u010dilo kako su i oni sami odgovorni za to o \u010demu \u0107e biti informirani, isto kao i institucije, udruge i organizacije koje informiraju mlade.<\/p>\n<p>Sudionicima je predstvaljen projekt i ciljevi projekta te potvrda o ste\u010denim vje\u0161tinama i kompetencijama u obrazovnim aktivnostima kroz program Erasmus+ &#8211; Youthpass, za \u0161to su pokazali veliki interes. Nakon upoznavanja sudionika i s projektom i jedni s drugima, prikazali smo rezultate istra\u017eivanja koje je provedeno ranije s 300 mladih u Vukovaru na istu temu. Za vrijeme diskusije svi u\u010denici su bili aktivni i na kraju su izrazili \u017eelju za sudjelovanjem i u drugim aktivnostima projekta, kao i na uklju\u010divanje u zajedni\u010dku Fokus grupu s donosiocima odluka, 13.5.2016. godine.<\/p>\n<p>U Strukovnoj \u0161koli Vukovar fokus grupa odr\u017eana je 7.3.2016. godine gdje je sudjelovalo 20 u\u010denika.<\/p>\n<p><a href=\"https:\/\/proni.hr\/old.proni.hr\/wp-content\/uploads\/2016\/03\/DSC05903.jpg\"><img loading=\"lazy\" decoding=\"async\" class=\"  wp-image-2812 aligncenter\" src=\"https:\/\/proni.hr\/old.proni.hr\/wp-content\/uploads\/2016\/03\/DSC05903-300x225.jpg\" alt=\"DSC05903\" width=\"400\" height=\"300\" srcset=\"https:\/\/proni.hr\/old.proni.hr\/wp-content\/uploads\/2016\/03\/DSC05903-300x225.jpg 300w, https:\/\/proni.hr\/old.proni.hr\/wp-content\/uploads\/2016\/03\/DSC05903.jpg 640w\" sizes=\"(max-width: 400px) 100vw, 400px\" \/><\/a><\/p>\n<p>U Gimnaziji Vukovar fokus grupa odr\u017eana je 10.3.2016. godine gdje je sudjelovao 21 u\u010denik.<\/p>\n<p><img loading=\"lazy\" decoding=\"async\" class=\"  wp-image-2813 aligncenter\" src=\"https:\/\/proni.hr\/old.proni.hr\/wp-content\/uploads\/2016\/03\/20160310_124654-300x169.jpg\" alt=\"20160310_124654\" width=\"401\" height=\"226\" srcset=\"https:\/\/proni.hr\/old.proni.hr\/wp-content\/uploads\/2016\/03\/20160310_124654-300x169.jpg 300w, https:\/\/proni.hr\/old.proni.hr\/wp-content\/uploads\/2016\/03\/20160310_124654-1024x576.jpg 1024w\" sizes=\"(max-width: 401px) 100vw, 401px\" \/><\/p>\n<p>U Tehni\u010dkoj \u0161koli Nikole Tesle Vukovar fokus grupa odr\u017eana je 14.3.2016. godine gdje je sudjelovalo 22 u\u010denika.<\/p>\n<p><img loading=\"lazy\" decoding=\"async\" class=\"  wp-image-2815 aligncenter\" src=\"https:\/\/proni.hr\/old.proni.hr\/wp-content\/uploads\/2016\/03\/DSC05928-300x225.jpg\" alt=\"DSC05928\" width=\"400\" height=\"300\" srcset=\"https:\/\/proni.hr\/old.proni.hr\/wp-content\/uploads\/2016\/03\/DSC05928-300x225.jpg 300w, https:\/\/proni.hr\/old.proni.hr\/wp-content\/uploads\/2016\/03\/DSC05928.jpg 640w\" sizes=\"(max-width: 400px) 100vw, 400px\" \/><\/p>\n<p>U Ekonomskoj \u0161koli Vukovar fokus grupa odr\u017eana je 17.3.2016. godine gdje je sudjelovalo 27 u\u010denika.<\/p>\n<p><img loading=\"lazy\" decoding=\"async\" class=\" wp-image-2817  aligncenter\" src=\"https:\/\/proni.hr\/old.proni.hr\/wp-content\/uploads\/2016\/03\/DSC059451-e1458905343570-225x300.jpg\" alt=\"\" width=\"287\" height=\"383\" srcset=\"https:\/\/proni.hr\/old.proni.hr\/wp-content\/uploads\/2016\/03\/DSC059451-e1458905343570-225x300.jpg 225w, https:\/\/proni.hr\/old.proni.hr\/wp-content\/uploads\/2016\/03\/DSC059451-e1458905343570.jpg 480w\" sizes=\"(max-width: 287px) 100vw, 287px\" \/><\/p>\n","protected":false},"excerpt":{"rendered":"<p>U okviru projekta &#8220;I-Strategija&#8220; financiranog sredstvima Europske unije kroz program Erasmus+, PRONI Centar proveo je 4 Fokus grupe sa srednjo\u0161kolcima. 90 u\u010denika 4 srednje \u0161kole u Vukovaru sudjelovalo je u Fokus grupama te se aktivno uklju\u010dilo u diskusiju o pravovremenom i pravovaljanom informiranju mladih na podru\u010dju grada Vukovara. Tako\u0111er, iznijeli su svoje mi\u0161ljenje i iskustva [&hellip;]<\/p>\n","protected":false},"author":4,"featured_media":2811,"comment_status":"closed","ping_status":"closed","sticky":false,"template":"","format":"standard","meta":{"footnotes":""},"categories":[4],"tags":[],"_links":{"self":[{"href":"https:\/\/proni.hr\/old.proni.hr\/wp-json\/wp\/v2\/posts\/2810"}],"collection":[{"href":"https:\/\/proni.hr\/old.proni.hr\/wp-json\/wp\/v2\/posts"}],"about":[{"href":"https:\/\/proni.hr\/old.proni.hr\/wp-json\/wp\/v2\/types\/post"}],"author":[{"embeddable":true,"href":"https:\/\/proni.hr\/old.proni.hr\/wp-json\/wp\/v2\/users\/4"}],"replies":[{"embeddable":true,"href":"https:\/\/proni.hr\/old.proni.hr\/wp-json\/wp\/v2\/comments?post=2810"}],"version-history":[{"count":0,"href":"https:\/\/proni.hr\/old.proni.hr\/wp-json\/wp\/v2\/posts\/2810\/revisions"}],"wp:featuredmedia":[{"embeddable":true,"href":"https:\/\/proni.hr\/old.proni.hr\/wp-json\/wp\/v2\/media\/2811"}],"wp:attachment":[{"href":"https:\/\/proni.hr\/old.proni.hr\/wp-json\/wp\/v2\/media?parent=2810"}],"wp:term":[{"taxonomy":"category","embeddable":true,"href":"https:\/\/proni.hr\/old.proni.hr\/wp-json\/wp\/v2\/categories?post=2810"},{"taxonomy":"post_tag","embeddable":true,"href":"https:\/\/proni.hr\/old.proni.hr\/wp-json\/wp\/v2\/tags?post=2810"}],"curies":[{"name":"wp","href":"https:\/\/api.w.org\/{rel}","templated":true}]}}