{"id":2831,"date":"2016-03-31T07:52:50","date_gmt":"2016-03-31T07:52:50","guid":{"rendered":"http:\/\/proni.hr\/?p=2831"},"modified":"2016-08-19T11:26:14","modified_gmt":"2016-08-19T11:26:14","slug":"odrzana-fokus-grupa-s-donosiocima-odluka-u-vukovaru","status":"publish","type":"post","link":"https:\/\/proni.hr\/old.proni.hr\/odrzana-fokus-grupa-s-donosiocima-odluka-u-vukovaru\/","title":{"rendered":"Odr\u017eana fokus grupa s donosiocima odluka u Vukovaru"},"content":{"rendered":"<p>30.o\u017eujka 2016. godine odr\u017eana je fokus grupa s donosiocima odluka u sklopu projekta &#8220;<a href=\"https:\/\/proni.hr\/old.proni.hr\/portfolio-items\/projekt-i-strategija\/\" target=\"_blank\">I-Strategija<\/a>&#8221; kojega provodi PRONI Centar za socijalno podu\u010davanje kroz program Erasmus+ financiran sredstvima Europske unije.<\/p>\n<p>Ovo je 6. u nizu fokus grupa, a na prethodnih 5 sastali su se mladi ljudi. Sve fokus grupe bazirale su se na temu Pravovremeno i pravovaljano informiranje mladih na podru\u010dju grada Vukovara.<\/p>\n<p>U prostoru Info centra za mlade Vukovar ju\u010der se okupio 21 donosioc odluka te su aktivno sudjelovali u raspravi i kroz 4 sata razgovora i razmjene iskustava, razmi\u0161ljanja i prijedloga za pobolj\u0161anje informiranja mladih zaklju\u010dili kako svaka organizacija mo\u017ee uparijediti informiranje koje je usmjereno prema mladima.<\/p>\n<p>Donosioci odluka imali su priliku pogledati i prokomentirati rezultate istra\u017eivanja i fokus grupa s mladima, te usporediti sa svojim razmi\u0161ljanjima i djelovanju organizacije po pitanju iste teme.<\/p>\n<p>Na Fokus grupi sudjelovali su predstavnici Savjetodavnog odbora Info centra za mlade Vukovar \u2013 Europski dom Vukovar, Hrvatski zavod za zapo\u0161ljavanje \u2013 Podru\u010dni ured Vukovar i Centar za informiranje i savjetovanje o karijeri \u2013 CISOK, MUP \u2013 Policija u zajednici i Grad Vukovar, predstavnici Savjeta mladih grada Vukovara, predstavnici medija \u2013 manjinske novine \u201eIzvor\u201c i Radio Dunav, predstavnica Gradskog vije\u0107a, predstavnici Vukovarske razvojne agencije \u2013 VURA, predstavnice Gradske knji\u017enice Vukovar, predstavnici Veleu\u010dili\u0161ta Lavoslav Ru\u017ei\u010dka \u2013 predsjednik i \u010dlanica Studentskog zbora, predstavnici srednjih \u0161kola, te predstavnici raznih udruga \u2013 Vukovarci dobre volje, dru\u0161tvo Na\u0161a djeca i Udruga \u017eena Vukovar.<\/p>\n<p><a href=\"https:\/\/proni.hr\/old.proni.hr\/wp-content\/uploads\/2016\/03\/DSC06042.jpg\"><img loading=\"lazy\" decoding=\"async\" class=\" wp-image-2833 aligncenter\" src=\"https:\/\/proni.hr\/old.proni.hr\/wp-content\/uploads\/2016\/03\/DSC06042-300x225.jpg\" alt=\"DSC06042\" width=\"437\" height=\"328\" srcset=\"https:\/\/proni.hr\/old.proni.hr\/wp-content\/uploads\/2016\/03\/DSC06042-300x225.jpg 300w, https:\/\/proni.hr\/old.proni.hr\/wp-content\/uploads\/2016\/03\/DSC06042-1024x768.jpg 1024w\" sizes=\"(max-width: 437px) 100vw, 437px\" \/><\/a><\/p>\n<p>Sudjelovanjem na ovoj fokus grupi donosioci odluka imali su priliku ostaviti utjecaj na razvoj komunikacije s mladima te tako\u0111er prepoznati va\u017enost metoda i na\u010dina informiranja mladih tako da informiranje bude prilago\u0111eno potrebama i u skladu s trendovima me\u0111u mladima. Sudjelovanjem u ovoj fokus grupi donosioci odluka imali su priliku i pove\u0107ati svoju vidljivost me\u0111u mladima na podru\u010dju informiranja mladih tako \u0161to \u0107e zaklju\u010dci fokus grupe biti prezentirani mladima i uvr\u0161teni u Strategiju informiranja mladih.<\/p>\n<p>Izradom, promocijom i primjenom Strategije informiranja mladih na podru\u010dju grada Vukovara <strong>\u017eelimo podi\u0107i svijest<\/strong> mladih, relevantnih institucija i \u0161ire javnosti o va\u017enosti mladih ljudi u dru\u0161tvu i va\u017enosti kvalitetne potpore mladima kroz to\u010dno, jasno i pravovremeno informiranje, odnosno sustavno doprinijeti <strong>podizanju razine informiranosti mladih<\/strong>, a sukladno tomu i podizanju kvalitete \u017eivota mladih u lokalnoj zajednici.<\/p>\n","protected":false},"excerpt":{"rendered":"<p>30.o\u017eujka 2016. godine odr\u017eana je fokus grupa s donosiocima odluka u sklopu projekta &#8220;I-Strategija&#8221; kojega provodi PRONI Centar za socijalno podu\u010davanje kroz program Erasmus+ financiran sredstvima Europske unije. Ovo je 6. u nizu fokus grupa, a na prethodnih 5 sastali su se mladi ljudi. Sve fokus grupe bazirale su se na temu Pravovremeno i pravovaljano [&hellip;]<\/p>\n","protected":false},"author":4,"featured_media":2832,"comment_status":"closed","ping_status":"closed","sticky":false,"template":"","format":"standard","meta":{"footnotes":""},"categories":[4],"tags":[],"_links":{"self":[{"href":"https:\/\/proni.hr\/old.proni.hr\/wp-json\/wp\/v2\/posts\/2831"}],"collection":[{"href":"https:\/\/proni.hr\/old.proni.hr\/wp-json\/wp\/v2\/posts"}],"about":[{"href":"https:\/\/proni.hr\/old.proni.hr\/wp-json\/wp\/v2\/types\/post"}],"author":[{"embeddable":true,"href":"https:\/\/proni.hr\/old.proni.hr\/wp-json\/wp\/v2\/users\/4"}],"replies":[{"embeddable":true,"href":"https:\/\/proni.hr\/old.proni.hr\/wp-json\/wp\/v2\/comments?post=2831"}],"version-history":[{"count":1,"href":"https:\/\/proni.hr\/old.proni.hr\/wp-json\/wp\/v2\/posts\/2831\/revisions"}],"predecessor-version":[{"id":3137,"href":"https:\/\/proni.hr\/old.proni.hr\/wp-json\/wp\/v2\/posts\/2831\/revisions\/3137"}],"wp:featuredmedia":[{"embeddable":true,"href":"https:\/\/proni.hr\/old.proni.hr\/wp-json\/wp\/v2\/media\/2832"}],"wp:attachment":[{"href":"https:\/\/proni.hr\/old.proni.hr\/wp-json\/wp\/v2\/media?parent=2831"}],"wp:term":[{"taxonomy":"category","embeddable":true,"href":"https:\/\/proni.hr\/old.proni.hr\/wp-json\/wp\/v2\/categories?post=2831"},{"taxonomy":"post_tag","embeddable":true,"href":"https:\/\/proni.hr\/old.proni.hr\/wp-json\/wp\/v2\/tags?post=2831"}],"curies":[{"name":"wp","href":"https:\/\/api.w.org\/{rel}","templated":true}]}}