{"id":2836,"date":"2016-04-01T10:45:09","date_gmt":"2016-04-01T10:45:09","guid":{"rendered":"http:\/\/proni.hr\/?p=2836"},"modified":"2016-04-03T19:51:06","modified_gmt":"2016-04-03T19:51:06","slug":"mala-skola-zivotnih-vjestin","status":"publish","type":"post","link":"https:\/\/proni.hr\/old.proni.hr\/mala-skola-zivotnih-vjestin\/","title":{"rendered":"Zapo\u010dela Mala \u0161kola \u017eivotnih vje\u0161tina"},"content":{"rendered":"<p>U Osijeku, u prostoru Regionalnog info-centra za mlade, u tijeku je provedba treninga <em>Mala \u0161kola \u017eivotnih vje\u0161tina<\/em>.<\/p>\n<p>Rije\u010d je o setu radionica koje se svake godine odr\u017eavaju s<strong> ciljem osna\u017eivanja mladih i ja\u010danja njihovih socijalnih vje\u0161tina<\/strong>.<span id=\"more-1532\"><\/span><\/p>\n<p>Prve dvije (od \u010detiri) radionice odr\u017eane su 16. i 29. o\u017eujka 2016., a druge dvije \u0107e se provesti u travnju. Tako \u0107e se tre\u0107a radionica u nizu odr\u017eati <strong>5. travnja 2016.<br \/>\n<\/strong><\/p>\n<p>Na ovogodi\u0161nju Malu \u0161kolu prijavilo se <strong>12 srednjo\u0161kolaca<\/strong> (u\u010denici I. gimnazije, Ekonomske i upravne \u0161kole, Tehnolo\u0161ke \u0161kole i prirodoslovne gimnazije, te Medicinske \u0161kole Osijek).<\/p>\n<p>Mladi \u0107e kroz program imati priliku osvijestiti svoj vlastiti potencijal, pove\u0107ati komunikacijske vje\u0161tine te raditi na svom samopouzdanju. Osim rada na sebi, mladi \u0107e dobiti znanja kako upravljati ku\u0107nim prora\u010dunom, kako bolje rje\u0161avati problemske situacije te kako pobolj\u0161ati odnos s roditeljima.<\/p>\n<p>Ovaj trening provodi se u sklopu programa <a href=\"https:\/\/proni.hr\/old.proni.hr\/portfolio-items\/regionalni-info-centar-za-mlade-osijek\/?portfolioID=1284\"><strong>Regionalni info-centar za mlade Osijek<\/strong><\/a>.<\/p>\n","protected":false},"excerpt":{"rendered":"<p>U Osijeku, u prostoru Regionalnog info-centra za mlade, u tijeku je provedba treninga Mala \u0161kola \u017eivotnih vje\u0161tina. Rije\u010d je o setu radionica koje se svake godine odr\u017eavaju s ciljem osna\u017eivanja mladih i ja\u010danja njihovih socijalnih vje\u0161tina. Prve dvije (od \u010detiri) radionice odr\u017eane su 16. i 29. o\u017eujka 2016., a druge dvije \u0107e se provesti u [&hellip;]<\/p>\n","protected":false},"author":5,"featured_media":2837,"comment_status":"closed","ping_status":"closed","sticky":false,"template":"","format":"standard","meta":{"footnotes":""},"categories":[4],"tags":[],"_links":{"self":[{"href":"https:\/\/proni.hr\/old.proni.hr\/wp-json\/wp\/v2\/posts\/2836"}],"collection":[{"href":"https:\/\/proni.hr\/old.proni.hr\/wp-json\/wp\/v2\/posts"}],"about":[{"href":"https:\/\/proni.hr\/old.proni.hr\/wp-json\/wp\/v2\/types\/post"}],"author":[{"embeddable":true,"href":"https:\/\/proni.hr\/old.proni.hr\/wp-json\/wp\/v2\/users\/5"}],"replies":[{"embeddable":true,"href":"https:\/\/proni.hr\/old.proni.hr\/wp-json\/wp\/v2\/comments?post=2836"}],"version-history":[{"count":0,"href":"https:\/\/proni.hr\/old.proni.hr\/wp-json\/wp\/v2\/posts\/2836\/revisions"}],"wp:featuredmedia":[{"embeddable":true,"href":"https:\/\/proni.hr\/old.proni.hr\/wp-json\/wp\/v2\/media\/2837"}],"wp:attachment":[{"href":"https:\/\/proni.hr\/old.proni.hr\/wp-json\/wp\/v2\/media?parent=2836"}],"wp:term":[{"taxonomy":"category","embeddable":true,"href":"https:\/\/proni.hr\/old.proni.hr\/wp-json\/wp\/v2\/categories?post=2836"},{"taxonomy":"post_tag","embeddable":true,"href":"https:\/\/proni.hr\/old.proni.hr\/wp-json\/wp\/v2\/tags?post=2836"}],"curies":[{"name":"wp","href":"https:\/\/api.w.org\/{rel}","templated":true}]}}