{"id":2846,"date":"2016-04-05T12:50:16","date_gmt":"2016-04-05T12:50:16","guid":{"rendered":"http:\/\/proni.hr\/?p=2846"},"modified":"2016-04-05T12:50:16","modified_gmt":"2016-04-05T12:50:16","slug":"odrzana-fokus-grupa-sa-studentima","status":"publish","type":"post","link":"https:\/\/proni.hr\/old.proni.hr\/odrzana-fokus-grupa-sa-studentima\/","title":{"rendered":"Odr\u017eana fokus grupa sa studentima"},"content":{"rendered":"<p>U petak, 1.travnja 2016. godine odr\u017eana fokus grupa sa studentima koji ili studiraju u Vukovaru ili dolaze iz Vukovara, a studiraju u drugim gradovima. Fokus grupa odr\u017eala se u sklopu projekta &#8220;<a href=\"https:\/\/proni.hr\/old.proni.hr\/portfolio-items\/projekt-i-strategija\/?portfolioID=1284\" target=\"_blank\">I-Strategija<\/a>&#8221; financirana sredstvima Europske unije kroz program Erasmus+.<\/p>\n<p>Ovo je posljednja u nizu fokus grupa u kojoj su pojedina\u010dno grupe bile homogene, odnosno svaka od fokus grupa okupljala je posebno srednjo\u0161kolce, zatim mlade izvan obrazovnog sustava i nezaposlene mlade, zatim donositelje odluka i na kraju studente. Zavr\u0161na fokus grupa odr\u017eat \u0107e se 13. svibnja 2016. godine na kojoj \u0107e sudionici svih navedenih grupa imati priliku sudjelovati\u00a0 i zajedni\u010dki porazgovarati i donijeti zaklju\u010dke vezane za temu Pravovremeno i pravovaljano informiranje mladih na podru\u010dju grada Vukovara.<\/p>\n<p>Teme koje uglavnom zanimaju studente koji su sudjelovali su formalno i neformalno obrazovanje, zapo\u0161ljavanje i poduzetni\u0161tvo te putovanja i mobilnost studenata, a \u017eele biti informirani putem interneta (e-mail i Facebook), usmenim putem te putem SMS poruke i telefonskog poziva.<\/p>\n<p>Ono u \u010demu su bili suglasni je zaklju\u010dak kako nisu dovoljno informirani, odnosno da u prevelikoj koli\u010dini informacija je te\u0161ko odabrati pravu i \u010desto prave informacije ne sti\u017eu u pravo vrijeme.<\/p>\n<p>Izrazili su i \u017eelju za sudjelovanjem u izradi Strategije informiranja mladih. Izradom, promocijom i primjenom Strategije informiranja mladih na podru\u010dju grada Vukovara <strong>\u017eelimo podi\u0107i svijest<\/strong> mladih, relevantnih institucija i \u0161ire javnosti o va\u017enosti mladih ljudi u dru\u0161tvu i va\u017enosti kvalitetne potpore mladima kroz to\u010dno, jasno i pravovremeno informiranje, odnosno sustavno doprinijeti <strong>podizanju razine informiranosti mladih<\/strong>, a sukladno tomu i podizanju kvalitete \u017eivota mladih u lokalnoj zajednici.<\/p>\n<p><a href=\"https:\/\/proni.hr\/old.proni.hr\/wp-content\/uploads\/2016\/04\/12968037_10209183363006652_7383819537525959355_o.jpg\"><img loading=\"lazy\" decoding=\"async\" class=\" size-medium wp-image-2848 aligncenter\" src=\"https:\/\/proni.hr\/old.proni.hr\/wp-content\/uploads\/2016\/04\/12968037_10209183363006652_7383819537525959355_o-300x169.jpg\" alt=\"12968037_10209183363006652_7383819537525959355_o\" width=\"300\" height=\"169\" srcset=\"https:\/\/proni.hr\/old.proni.hr\/wp-content\/uploads\/2016\/04\/12968037_10209183363006652_7383819537525959355_o-300x169.jpg 300w, https:\/\/proni.hr\/old.proni.hr\/wp-content\/uploads\/2016\/04\/12968037_10209183363006652_7383819537525959355_o.jpg 972w\" sizes=\"(max-width: 300px) 100vw, 300px\" \/><\/a><\/p>\n","protected":false},"excerpt":{"rendered":"<p>U petak, 1.travnja 2016. godine odr\u017eana fokus grupa sa studentima koji ili studiraju u Vukovaru ili dolaze iz Vukovara, a studiraju u drugim gradovima. Fokus grupa odr\u017eala se u sklopu projekta &#8220;I-Strategija&#8221; financirana sredstvima Europske unije kroz program Erasmus+. Ovo je posljednja u nizu fokus grupa u kojoj su pojedina\u010dno grupe bile homogene, odnosno svaka [&hellip;]<\/p>\n","protected":false},"author":4,"featured_media":2847,"comment_status":"closed","ping_status":"open","sticky":false,"template":"","format":"standard","meta":{"footnotes":""},"categories":[4],"tags":[],"_links":{"self":[{"href":"https:\/\/proni.hr\/old.proni.hr\/wp-json\/wp\/v2\/posts\/2846"}],"collection":[{"href":"https:\/\/proni.hr\/old.proni.hr\/wp-json\/wp\/v2\/posts"}],"about":[{"href":"https:\/\/proni.hr\/old.proni.hr\/wp-json\/wp\/v2\/types\/post"}],"author":[{"embeddable":true,"href":"https:\/\/proni.hr\/old.proni.hr\/wp-json\/wp\/v2\/users\/4"}],"replies":[{"embeddable":true,"href":"https:\/\/proni.hr\/old.proni.hr\/wp-json\/wp\/v2\/comments?post=2846"}],"version-history":[{"count":0,"href":"https:\/\/proni.hr\/old.proni.hr\/wp-json\/wp\/v2\/posts\/2846\/revisions"}],"wp:featuredmedia":[{"embeddable":true,"href":"https:\/\/proni.hr\/old.proni.hr\/wp-json\/wp\/v2\/media\/2847"}],"wp:attachment":[{"href":"https:\/\/proni.hr\/old.proni.hr\/wp-json\/wp\/v2\/media?parent=2846"}],"wp:term":[{"taxonomy":"category","embeddable":true,"href":"https:\/\/proni.hr\/old.proni.hr\/wp-json\/wp\/v2\/categories?post=2846"},{"taxonomy":"post_tag","embeddable":true,"href":"https:\/\/proni.hr\/old.proni.hr\/wp-json\/wp\/v2\/tags?post=2846"}],"curies":[{"name":"wp","href":"https:\/\/api.w.org\/{rel}","templated":true}]}}