{"id":4024,"date":"2018-02-09T09:55:19","date_gmt":"2018-02-09T09:55:19","guid":{"rendered":"http:\/\/proni.hr\/?p=4024"},"modified":"2018-02-09T13:44:02","modified_gmt":"2018-02-09T13:44:02","slug":"otvoreni-prvi-skolski-volonterski-klubovi-na-podrucju-vsz","status":"publish","type":"post","link":"https:\/\/proni.hr\/old.proni.hr\/otvoreni-prvi-skolski-volonterski-klubovi-na-podrucju-vsz\/","title":{"rendered":"Otvoreni prvi \u0161kolski volonterski klubovi na podru\u010dju VS\u017d"},"content":{"rendered":"<p>U okviru projekta \u201c<a href=\"https:\/\/proni.hr\/old.proni.hr\/portfolio-items\/skolontiranje\/?portfolioID=1284\">\u0160kolontiranje<\/a>\u201d, koji za cilj ima pove\u0107ati broj kvalitetnih i odr\u017eivih volonterskih programa, posebice programa \u0161kolskog volontiranja i volontiranja u zajednici otvorena su prva tri kluba na podru\u010dju Vukovarsko-srijemske \u017eupanije.<\/p>\n<p>Dana 7.2.2018. otvoren su prva dva \u0161kolska volonterska kluba na podru\u010dju Vukovarsko-srijemske \u017eupanije. \u0160kolski volonterski klub &#8221;Zvrk&#8221;, \u010diji je koordinator Mia Bili\u0107, otvoren je u Tehni\u010dkoj \u0161koli Ru\u0111era Bo\u0161kovi\u0107a Vinkovci, dok se u Osnovnoj \u0161koli Nikole Tesle u Mirkovcima volonterski klub zove &#8221;Junaci Tesline ulice&#8221;, \u010diji je koordinator Alen Turjak. Sve\u010dana otvorenja klubova uprili\u010dena su predstavom, monodramom i glazbenim programom u\u010denika. Na otvorenju su predstavljene i aktivnosti koje \u0107e se provoditi u sklopu projekta.<\/p>\n<p>08.02.2018. sve\u010dano je otvoren jo\u0161 jedan \u0161kolski volonterki klub \u201eAgape\u201c u Industrijsko-obrtni\u010dkoj \u0161koli \u017dupanja na podru\u010dju Vukovarsko-srijemske \u017eupanije.\u00a0 Sve\u010dani program vodio je Silvio Golubovi\u0107 zamjenik koordinatorice volontera, a u nastavku programa prisutne je pozdravio ravnatelj \u0161kole, te su nakon njega u\u010denici kroz prezentaciju predstavili aktivnosti koje su radili do osnivanja volonterskog kluba, \u0161to za njih zna\u010di biti volonter te aktivnosti kojima \u0107e se baviti u okviru kluba. Koordinator \u0160VK-a u \u017dupanji je profesorica Vedrana \u0160arec.<\/p>\n<p>Novoosnovanim klubovima \u017eelimo puno uspjeha, volonterskih sati i zabave u radu.<\/p>\n<p>&nbsp;<\/p>\n<p>&nbsp;<\/p>\n<p><a href=\"https:\/\/proni.hr\/old.proni.hr\/wp-content\/uploads\/2018\/02\/Otvaranje-\u0160VK-a-Mirkovci-1.jpg\"><img loading=\"lazy\" decoding=\"async\" class=\"aligncenter wp-image-4017\" src=\"https:\/\/proni.hr\/old.proni.hr\/wp-content\/uploads\/2018\/02\/Otvaranje-\u0160VK-a-Mirkovci-1-300x225.jpg\" alt=\"Otvaranje \u0160VK-a - Mirkovci 1\" width=\"400\" height=\"300\" srcset=\"https:\/\/proni.hr\/old.proni.hr\/wp-content\/uploads\/2018\/02\/Otvaranje-\u0160VK-a-Mirkovci-1-300x225.jpg 300w, https:\/\/proni.hr\/old.proni.hr\/wp-content\/uploads\/2018\/02\/Otvaranje-\u0160VK-a-Mirkovci-1-768x576.jpg 768w, https:\/\/proni.hr\/old.proni.hr\/wp-content\/uploads\/2018\/02\/Otvaranje-\u0160VK-a-Mirkovci-1.jpg 1024w, https:\/\/proni.hr\/old.proni.hr\/wp-content\/uploads\/2018\/02\/Otvaranje-\u0160VK-a-Mirkovci-1-600x450.jpg 600w, https:\/\/proni.hr\/old.proni.hr\/wp-content\/uploads\/2018\/02\/Otvaranje-\u0160VK-a-Mirkovci-1-213x160.jpg 213w\" sizes=\"(max-width: 400px) 100vw, 400px\" \/><\/a><\/p>\n<p><a href=\"https:\/\/proni.hr\/old.proni.hr\/wp-content\/uploads\/2018\/02\/Otvaranje-\u0160VK-a-Mirkovci.jpg\"><img loading=\"lazy\" decoding=\"async\" class=\"aligncenter wp-image-4018\" src=\"https:\/\/proni.hr\/old.proni.hr\/wp-content\/uploads\/2018\/02\/Otvaranje-\u0160VK-a-Mirkovci-300x225.jpg\" alt=\"Otvaranje \u0160VK-a - Mirkovci\" width=\"400\" height=\"300\" srcset=\"https:\/\/proni.hr\/old.proni.hr\/wp-content\/uploads\/2018\/02\/Otvaranje-\u0160VK-a-Mirkovci-300x225.jpg 300w, https:\/\/proni.hr\/old.proni.hr\/wp-content\/uploads\/2018\/02\/Otvaranje-\u0160VK-a-Mirkovci-768x576.jpg 768w, https:\/\/proni.hr\/old.proni.hr\/wp-content\/uploads\/2018\/02\/Otvaranje-\u0160VK-a-Mirkovci.jpg 1024w, https:\/\/proni.hr\/old.proni.hr\/wp-content\/uploads\/2018\/02\/Otvaranje-\u0160VK-a-Mirkovci-600x450.jpg 600w, https:\/\/proni.hr\/old.proni.hr\/wp-content\/uploads\/2018\/02\/Otvaranje-\u0160VK-a-Mirkovci-213x160.jpg 213w\" sizes=\"(max-width: 400px) 100vw, 400px\" \/><\/a><\/p>\n<p><a href=\"https:\/\/proni.hr\/old.proni.hr\/wp-content\/uploads\/2018\/02\/Otvaranje-\u0160VK-a-Vinkovci-1.jpg\"><img loading=\"lazy\" decoding=\"async\" class=\"aligncenter wp-image-4019\" src=\"https:\/\/proni.hr\/old.proni.hr\/wp-content\/uploads\/2018\/02\/Otvaranje-\u0160VK-a-Vinkovci-1-300x225.jpg\" alt=\"Otvaranje \u0160VK-a - Vinkovci 1\" width=\"400\" height=\"300\" srcset=\"https:\/\/proni.hr\/old.proni.hr\/wp-content\/uploads\/2018\/02\/Otvaranje-\u0160VK-a-Vinkovci-1-300x225.jpg 300w, https:\/\/proni.hr\/old.proni.hr\/wp-content\/uploads\/2018\/02\/Otvaranje-\u0160VK-a-Vinkovci-1-768x576.jpg 768w, https:\/\/proni.hr\/old.proni.hr\/wp-content\/uploads\/2018\/02\/Otvaranje-\u0160VK-a-Vinkovci-1.jpg 1024w, https:\/\/proni.hr\/old.proni.hr\/wp-content\/uploads\/2018\/02\/Otvaranje-\u0160VK-a-Vinkovci-1-600x450.jpg 600w, https:\/\/proni.hr\/old.proni.hr\/wp-content\/uploads\/2018\/02\/Otvaranje-\u0160VK-a-Vinkovci-1-213x160.jpg 213w\" sizes=\"(max-width: 400px) 100vw, 400px\" \/><\/a><\/p>\n<p><a href=\"https:\/\/proni.hr\/old.proni.hr\/wp-content\/uploads\/2018\/02\/Otvaranje-\u0160VK-a-Vinkovci-2.jpg\"><img loading=\"lazy\" decoding=\"async\" class=\"aligncenter wp-image-4020\" src=\"https:\/\/proni.hr\/old.proni.hr\/wp-content\/uploads\/2018\/02\/Otvaranje-\u0160VK-a-Vinkovci-2-300x254.jpg\" alt=\"Otvaranje \u0160VK-a - Vinkovci 2\" width=\"400\" height=\"338\" srcset=\"https:\/\/proni.hr\/old.proni.hr\/wp-content\/uploads\/2018\/02\/Otvaranje-\u0160VK-a-Vinkovci-2-300x254.jpg 300w, https:\/\/proni.hr\/old.proni.hr\/wp-content\/uploads\/2018\/02\/Otvaranje-\u0160VK-a-Vinkovci-2-768x651.jpg 768w, https:\/\/proni.hr\/old.proni.hr\/wp-content\/uploads\/2018\/02\/Otvaranje-\u0160VK-a-Vinkovci-2.jpg 1024w, https:\/\/proni.hr\/old.proni.hr\/wp-content\/uploads\/2018\/02\/Otvaranje-\u0160VK-a-Vinkovci-2-600x509.jpg 600w, https:\/\/proni.hr\/old.proni.hr\/wp-content\/uploads\/2018\/02\/Otvaranje-\u0160VK-a-Vinkovci-2-189x160.jpg 189w\" sizes=\"(max-width: 400px) 100vw, 400px\" \/><\/a><\/p>\n<p><a href=\"https:\/\/proni.hr\/old.proni.hr\/wp-content\/uploads\/2018\/02\/Otvaranje-\u0160VK-a-\u017dupanja-1.jpg\"><img loading=\"lazy\" decoding=\"async\" class=\"aligncenter wp-image-4022\" src=\"https:\/\/proni.hr\/old.proni.hr\/wp-content\/uploads\/2018\/02\/Otvaranje-\u0160VK-a-\u017dupanja-1-300x225.jpg\" alt=\"Otvaranje \u0160VK-a - \u017dupanja 1\" width=\"400\" height=\"300\" srcset=\"https:\/\/proni.hr\/old.proni.hr\/wp-content\/uploads\/2018\/02\/Otvaranje-\u0160VK-a-\u017dupanja-1-300x225.jpg 300w, https:\/\/proni.hr\/old.proni.hr\/wp-content\/uploads\/2018\/02\/Otvaranje-\u0160VK-a-\u017dupanja-1-768x576.jpg 768w, https:\/\/proni.hr\/old.proni.hr\/wp-content\/uploads\/2018\/02\/Otvaranje-\u0160VK-a-\u017dupanja-1.jpg 1024w, https:\/\/proni.hr\/old.proni.hr\/wp-content\/uploads\/2018\/02\/Otvaranje-\u0160VK-a-\u017dupanja-1-600x450.jpg 600w, https:\/\/proni.hr\/old.proni.hr\/wp-content\/uploads\/2018\/02\/Otvaranje-\u0160VK-a-\u017dupanja-1-213x160.jpg 213w\" sizes=\"(max-width: 400px) 100vw, 400px\" \/><\/a><\/p>\n<p><a href=\"https:\/\/proni.hr\/old.proni.hr\/wp-content\/uploads\/2018\/02\/Otvaranje-\u0160VK-a-\u017dupanja.jpg\"><img loading=\"lazy\" decoding=\"async\" class=\"aligncenter wp-image-4023\" src=\"https:\/\/proni.hr\/old.proni.hr\/wp-content\/uploads\/2018\/02\/Otvaranje-\u0160VK-a-\u017dupanja-300x225.jpg\" alt=\"Otvaranje \u0160VK-a - \u017dupanja\" width=\"400\" height=\"300\" srcset=\"https:\/\/proni.hr\/old.proni.hr\/wp-content\/uploads\/2018\/02\/Otvaranje-\u0160VK-a-\u017dupanja-300x225.jpg 300w, https:\/\/proni.hr\/old.proni.hr\/wp-content\/uploads\/2018\/02\/Otvaranje-\u0160VK-a-\u017dupanja-768x576.jpg 768w, https:\/\/proni.hr\/old.proni.hr\/wp-content\/uploads\/2018\/02\/Otvaranje-\u0160VK-a-\u017dupanja.jpg 1024w, https:\/\/proni.hr\/old.proni.hr\/wp-content\/uploads\/2018\/02\/Otvaranje-\u0160VK-a-\u017dupanja-600x450.jpg 600w, https:\/\/proni.hr\/old.proni.hr\/wp-content\/uploads\/2018\/02\/Otvaranje-\u0160VK-a-\u017dupanja-213x160.jpg 213w\" sizes=\"(max-width: 400px) 100vw, 400px\" \/><\/a><\/p>\n<p>&nbsp;<\/p>\n","protected":false},"excerpt":{"rendered":"<p>U okviru projekta \u201c\u0160kolontiranje\u201d, koji za cilj ima pove\u0107ati broj kvalitetnih i odr\u017eivih volonterskih programa, posebice programa \u0161kolskog volontiranja i volontiranja u zajednici otvorena su prva tri kluba na podru\u010dju Vukovarsko-srijemske \u017eupanije. Dana 7.2.2018. otvoren su prva dva \u0161kolska volonterska kluba na podru\u010dju Vukovarsko-srijemske \u017eupanije. \u0160kolski volonterski klub &#8221;Zvrk&#8221;, \u010diji je koordinator Mia Bili\u0107, otvoren [&hellip;]<\/p>\n","protected":false},"author":4,"featured_media":4021,"comment_status":"closed","ping_status":"open","sticky":false,"template":"","format":"standard","meta":{"footnotes":""},"categories":[4],"tags":[],"_links":{"self":[{"href":"https:\/\/proni.hr\/old.proni.hr\/wp-json\/wp\/v2\/posts\/4024"}],"collection":[{"href":"https:\/\/proni.hr\/old.proni.hr\/wp-json\/wp\/v2\/posts"}],"about":[{"href":"https:\/\/proni.hr\/old.proni.hr\/wp-json\/wp\/v2\/types\/post"}],"author":[{"embeddable":true,"href":"https:\/\/proni.hr\/old.proni.hr\/wp-json\/wp\/v2\/users\/4"}],"replies":[{"embeddable":true,"href":"https:\/\/proni.hr\/old.proni.hr\/wp-json\/wp\/v2\/comments?post=4024"}],"version-history":[{"count":4,"href":"https:\/\/proni.hr\/old.proni.hr\/wp-json\/wp\/v2\/posts\/4024\/revisions"}],"predecessor-version":[{"id":4028,"href":"https:\/\/proni.hr\/old.proni.hr\/wp-json\/wp\/v2\/posts\/4024\/revisions\/4028"}],"wp:featuredmedia":[{"embeddable":true,"href":"https:\/\/proni.hr\/old.proni.hr\/wp-json\/wp\/v2\/media\/4021"}],"wp:attachment":[{"href":"https:\/\/proni.hr\/old.proni.hr\/wp-json\/wp\/v2\/media?parent=4024"}],"wp:term":[{"taxonomy":"category","embeddable":true,"href":"https:\/\/proni.hr\/old.proni.hr\/wp-json\/wp\/v2\/categories?post=4024"},{"taxonomy":"post_tag","embeddable":true,"href":"https:\/\/proni.hr\/old.proni.hr\/wp-json\/wp\/v2\/tags?post=4024"}],"curies":[{"name":"wp","href":"https:\/\/api.w.org\/{rel}","templated":true}]}}