{"id":4029,"date":"2018-02-13T11:00:39","date_gmt":"2018-02-13T11:00:39","guid":{"rendered":"http:\/\/proni.hr\/?p=4029"},"modified":"2018-02-14T09:10:49","modified_gmt":"2018-02-14T09:10:49","slug":"ekonomska-skola-vukovar-svecano-otvorila-skolski-volonterski-klub","status":"publish","type":"post","link":"https:\/\/proni.hr\/old.proni.hr\/ekonomska-skola-vukovar-svecano-otvorila-skolski-volonterski-klub\/","title":{"rendered":"Ekonomska \u0161kola Vukovar sve\u010dano otvorila \u0160kolski volonterski klub"},"content":{"rendered":"<p>U okviru projekta \u201c<a href=\"https:\/\/proni.hr\/old.proni.hr\/portfolio-items\/skolontiranje\/?portfolioID=1284\">\u0160kolontiranje<\/a>\u201d, koji za cilj ima pove\u0107ati broj kvalitetnih i odr\u017eivih volonterskih programa, posebice programa \u0161kolskog volontiranja i volontiranja u zajednici otvoren je jo\u0161 jedan \u0161kolski volonterski klub na podru\u010dju Vukovarsko-srijemske \u017eupanije.<br \/>\nTako je u ponedjeljak 12.velja\u010de 2018. svoja Klupska vrata otvorila Ekonomska \u0161kola Vukovar, na \u010dijoj sve\u010danosti je ravnateljica \u0161kole istaknula zna\u010daj volonterstva u \u0161kolskoj ustanovi te me\u0111u u\u010denicima, dok su koordinatorica i zamjenica Volonterskog kluba Ekonomske \u0161kole Vukovar predstavile program i plan rada. Na samoj sve\u010danosti uz prigodan govor voditelja projekta uru\u010dena je i tehni\u010dka oprema za potrebe rada Kluba, a sama sve\u010danost otvaranja, bila je popra\u0107ena recitatorskim i glazbenim nastupima u\u010denika &#8211; volontera<span style=\"display: inline !important; float: none; background-color: transparent; color: #333333; font-family: Georgia,'Times New Roman','Bitstream Charter',Times,serif; font-size: 16px; font-style: normal; font-variant: normal; font-weight: 400; letter-spacing: normal; line-height: 24px; orphans: 2; text-align: left; text-decoration: none; text-indent: 0px; text-transform: none; -webkit-text-stroke-width: 0px; white-space: normal; word-spacing: 0px; word-wrap: break-word;\">.<\/span><\/p>\n<p><a href=\"https:\/\/proni.hr\/old.proni.hr\/wp-content\/uploads\/2018\/02\/Otvaranje-\u0160VK-a-Ekonomska-4.jpg\"><img loading=\"lazy\" decoding=\"async\" class=\"aligncenter wp-image-4035\" src=\"https:\/\/proni.hr\/old.proni.hr\/wp-content\/uploads\/2018\/02\/Otvaranje-\u0160VK-a-Ekonomska-4-300x225.jpg\" alt=\"Otvaranje \u0160VK-a Ekonomska (4)\" width=\"399\" height=\"299\" srcset=\"https:\/\/proni.hr\/old.proni.hr\/wp-content\/uploads\/2018\/02\/Otvaranje-\u0160VK-a-Ekonomska-4-300x225.jpg 300w, https:\/\/proni.hr\/old.proni.hr\/wp-content\/uploads\/2018\/02\/Otvaranje-\u0160VK-a-Ekonomska-4-768x576.jpg 768w, https:\/\/proni.hr\/old.proni.hr\/wp-content\/uploads\/2018\/02\/Otvaranje-\u0160VK-a-Ekonomska-4.jpg 1024w, https:\/\/proni.hr\/old.proni.hr\/wp-content\/uploads\/2018\/02\/Otvaranje-\u0160VK-a-Ekonomska-4-600x450.jpg 600w, https:\/\/proni.hr\/old.proni.hr\/wp-content\/uploads\/2018\/02\/Otvaranje-\u0160VK-a-Ekonomska-4-213x160.jpg 213w\" sizes=\"(max-width: 399px) 100vw, 399px\" \/><\/a><\/p>\n<p><a href=\"https:\/\/proni.hr\/old.proni.hr\/wp-content\/uploads\/2018\/02\/Otvaranje-\u0160VK-a-Ekonomska-5.jpg\"><img loading=\"lazy\" decoding=\"async\" class=\"aligncenter wp-image-4036\" src=\"https:\/\/proni.hr\/old.proni.hr\/wp-content\/uploads\/2018\/02\/Otvaranje-\u0160VK-a-Ekonomska-5-300x225.jpg\" alt=\"Otvaranje \u0160VK-a Ekonomska (5)\" width=\"400\" height=\"300\" srcset=\"https:\/\/proni.hr\/old.proni.hr\/wp-content\/uploads\/2018\/02\/Otvaranje-\u0160VK-a-Ekonomska-5-300x225.jpg 300w, https:\/\/proni.hr\/old.proni.hr\/wp-content\/uploads\/2018\/02\/Otvaranje-\u0160VK-a-Ekonomska-5-768x576.jpg 768w, https:\/\/proni.hr\/old.proni.hr\/wp-content\/uploads\/2018\/02\/Otvaranje-\u0160VK-a-Ekonomska-5.jpg 1024w, https:\/\/proni.hr\/old.proni.hr\/wp-content\/uploads\/2018\/02\/Otvaranje-\u0160VK-a-Ekonomska-5-600x450.jpg 600w, https:\/\/proni.hr\/old.proni.hr\/wp-content\/uploads\/2018\/02\/Otvaranje-\u0160VK-a-Ekonomska-5-213x160.jpg 213w\" sizes=\"(max-width: 400px) 100vw, 400px\" \/><\/a><\/p>\n<p><a href=\"https:\/\/proni.hr\/old.proni.hr\/wp-content\/uploads\/2018\/02\/Otvaranje-\u0160VK-a-Ekonomska-2.jpg\"><img loading=\"lazy\" decoding=\"async\" class=\"aligncenter wp-image-4033\" src=\"https:\/\/proni.hr\/old.proni.hr\/wp-content\/uploads\/2018\/02\/Otvaranje-\u0160VK-a-Ekonomska-2-300x225.jpg\" alt=\"Otvaranje \u0160VK-a Ekonomska (2)\" width=\"400\" height=\"300\" srcset=\"https:\/\/proni.hr\/old.proni.hr\/wp-content\/uploads\/2018\/02\/Otvaranje-\u0160VK-a-Ekonomska-2-300x225.jpg 300w, https:\/\/proni.hr\/old.proni.hr\/wp-content\/uploads\/2018\/02\/Otvaranje-\u0160VK-a-Ekonomska-2-768x576.jpg 768w, https:\/\/proni.hr\/old.proni.hr\/wp-content\/uploads\/2018\/02\/Otvaranje-\u0160VK-a-Ekonomska-2.jpg 1024w, https:\/\/proni.hr\/old.proni.hr\/wp-content\/uploads\/2018\/02\/Otvaranje-\u0160VK-a-Ekonomska-2-600x450.jpg 600w, https:\/\/proni.hr\/old.proni.hr\/wp-content\/uploads\/2018\/02\/Otvaranje-\u0160VK-a-Ekonomska-2-213x160.jpg 213w\" sizes=\"(max-width: 400px) 100vw, 400px\" \/><\/a><\/p>\n<p><a href=\"https:\/\/proni.hr\/old.proni.hr\/wp-content\/uploads\/2018\/02\/Otvaranje-\u0160VK-a-Ekonomska-6.jpg\"><img loading=\"lazy\" decoding=\"async\" class=\"aligncenter wp-image-4037\" src=\"https:\/\/proni.hr\/old.proni.hr\/wp-content\/uploads\/2018\/02\/Otvaranje-\u0160VK-a-Ekonomska-6-300x225.jpg\" alt=\"Otvaranje \u0160VK-a Ekonomska (6)\" width=\"400\" height=\"300\" srcset=\"https:\/\/proni.hr\/old.proni.hr\/wp-content\/uploads\/2018\/02\/Otvaranje-\u0160VK-a-Ekonomska-6-300x225.jpg 300w, https:\/\/proni.hr\/old.proni.hr\/wp-content\/uploads\/2018\/02\/Otvaranje-\u0160VK-a-Ekonomska-6-768x576.jpg 768w, https:\/\/proni.hr\/old.proni.hr\/wp-content\/uploads\/2018\/02\/Otvaranje-\u0160VK-a-Ekonomska-6.jpg 1024w, https:\/\/proni.hr\/old.proni.hr\/wp-content\/uploads\/2018\/02\/Otvaranje-\u0160VK-a-Ekonomska-6-600x450.jpg 600w, https:\/\/proni.hr\/old.proni.hr\/wp-content\/uploads\/2018\/02\/Otvaranje-\u0160VK-a-Ekonomska-6-213x160.jpg 213w\" sizes=\"(max-width: 400px) 100vw, 400px\" \/><\/a><\/p>\n<p><a href=\"https:\/\/proni.hr\/old.proni.hr\/wp-content\/uploads\/2018\/02\/Otvaranje-\u0160VK-a-Ekonomska-7.jpg\"><img loading=\"lazy\" decoding=\"async\" class=\"aligncenter wp-image-4038\" src=\"https:\/\/proni.hr\/old.proni.hr\/wp-content\/uploads\/2018\/02\/Otvaranje-\u0160VK-a-Ekonomska-7-300x225.jpg\" alt=\"Otvaranje \u0160VK-a Ekonomska (7)\" width=\"400\" height=\"300\" srcset=\"https:\/\/proni.hr\/old.proni.hr\/wp-content\/uploads\/2018\/02\/Otvaranje-\u0160VK-a-Ekonomska-7-300x225.jpg 300w, https:\/\/proni.hr\/old.proni.hr\/wp-content\/uploads\/2018\/02\/Otvaranje-\u0160VK-a-Ekonomska-7-768x576.jpg 768w, https:\/\/proni.hr\/old.proni.hr\/wp-content\/uploads\/2018\/02\/Otvaranje-\u0160VK-a-Ekonomska-7.jpg 1024w, https:\/\/proni.hr\/old.proni.hr\/wp-content\/uploads\/2018\/02\/Otvaranje-\u0160VK-a-Ekonomska-7-600x450.jpg 600w, https:\/\/proni.hr\/old.proni.hr\/wp-content\/uploads\/2018\/02\/Otvaranje-\u0160VK-a-Ekonomska-7-213x160.jpg 213w\" sizes=\"(max-width: 400px) 100vw, 400px\" \/><\/a><\/p>\n<p><a href=\"https:\/\/proni.hr\/old.proni.hr\/wp-content\/uploads\/2018\/02\/Otvaranje-\u0160VK-a-Ekonomska-8.jpg\"><img loading=\"lazy\" decoding=\"async\" class=\"aligncenter wp-image-4039\" src=\"https:\/\/proni.hr\/old.proni.hr\/wp-content\/uploads\/2018\/02\/Otvaranje-\u0160VK-a-Ekonomska-8-300x225.jpg\" alt=\"Otvaranje \u0160VK-a Ekonomska (8)\" width=\"400\" height=\"300\" srcset=\"https:\/\/proni.hr\/old.proni.hr\/wp-content\/uploads\/2018\/02\/Otvaranje-\u0160VK-a-Ekonomska-8-300x225.jpg 300w, https:\/\/proni.hr\/old.proni.hr\/wp-content\/uploads\/2018\/02\/Otvaranje-\u0160VK-a-Ekonomska-8-768x576.jpg 768w, https:\/\/proni.hr\/old.proni.hr\/wp-content\/uploads\/2018\/02\/Otvaranje-\u0160VK-a-Ekonomska-8.jpg 1024w, https:\/\/proni.hr\/old.proni.hr\/wp-content\/uploads\/2018\/02\/Otvaranje-\u0160VK-a-Ekonomska-8-600x450.jpg 600w, https:\/\/proni.hr\/old.proni.hr\/wp-content\/uploads\/2018\/02\/Otvaranje-\u0160VK-a-Ekonomska-8-213x160.jpg 213w\" sizes=\"(max-width: 400px) 100vw, 400px\" \/><\/a><\/p>\n<p><a href=\"https:\/\/proni.hr\/old.proni.hr\/wp-content\/uploads\/2018\/02\/Otvaranje-\u0160VK-a-Ekonomska-9.jpg\"><img loading=\"lazy\" decoding=\"async\" class=\"aligncenter wp-image-4040\" src=\"https:\/\/proni.hr\/old.proni.hr\/wp-content\/uploads\/2018\/02\/Otvaranje-\u0160VK-a-Ekonomska-9-300x225.jpg\" alt=\"Otvaranje \u0160VK-a Ekonomska (9)\" width=\"400\" height=\"300\" srcset=\"https:\/\/proni.hr\/old.proni.hr\/wp-content\/uploads\/2018\/02\/Otvaranje-\u0160VK-a-Ekonomska-9-300x225.jpg 300w, https:\/\/proni.hr\/old.proni.hr\/wp-content\/uploads\/2018\/02\/Otvaranje-\u0160VK-a-Ekonomska-9-768x576.jpg 768w, https:\/\/proni.hr\/old.proni.hr\/wp-content\/uploads\/2018\/02\/Otvaranje-\u0160VK-a-Ekonomska-9.jpg 1024w, https:\/\/proni.hr\/old.proni.hr\/wp-content\/uploads\/2018\/02\/Otvaranje-\u0160VK-a-Ekonomska-9-600x450.jpg 600w, https:\/\/proni.hr\/old.proni.hr\/wp-content\/uploads\/2018\/02\/Otvaranje-\u0160VK-a-Ekonomska-9-213x160.jpg 213w\" sizes=\"(max-width: 400px) 100vw, 400px\" \/><\/a><\/p>\n<p><a href=\"https:\/\/proni.hr\/old.proni.hr\/wp-content\/uploads\/2018\/02\/Otvaranje-\u0160VK-a-Ekonomska-10.jpg\"><img loading=\"lazy\" decoding=\"async\" class=\"aligncenter wp-image-4041\" src=\"https:\/\/proni.hr\/old.proni.hr\/wp-content\/uploads\/2018\/02\/Otvaranje-\u0160VK-a-Ekonomska-10-300x225.jpg\" alt=\"Otvaranje \u0160VK-a Ekonomska (10)\" width=\"399\" height=\"299\" srcset=\"https:\/\/proni.hr\/old.proni.hr\/wp-content\/uploads\/2018\/02\/Otvaranje-\u0160VK-a-Ekonomska-10-300x225.jpg 300w, https:\/\/proni.hr\/old.proni.hr\/wp-content\/uploads\/2018\/02\/Otvaranje-\u0160VK-a-Ekonomska-10-768x576.jpg 768w, https:\/\/proni.hr\/old.proni.hr\/wp-content\/uploads\/2018\/02\/Otvaranje-\u0160VK-a-Ekonomska-10.jpg 1024w, https:\/\/proni.hr\/old.proni.hr\/wp-content\/uploads\/2018\/02\/Otvaranje-\u0160VK-a-Ekonomska-10-600x450.jpg 600w, https:\/\/proni.hr\/old.proni.hr\/wp-content\/uploads\/2018\/02\/Otvaranje-\u0160VK-a-Ekonomska-10-213x160.jpg 213w\" sizes=\"(max-width: 399px) 100vw, 399px\" \/><\/a><\/p>\n<p>&nbsp;<\/p>\n","protected":false},"excerpt":{"rendered":"<p>U okviru projekta \u201c\u0160kolontiranje\u201d, koji za cilj ima pove\u0107ati broj kvalitetnih i odr\u017eivih volonterskih programa, posebice programa \u0161kolskog volontiranja i volontiranja u zajednici otvoren je jo\u0161 jedan \u0161kolski volonterski klub na podru\u010dju Vukovarsko-srijemske \u017eupanije. Tako je u ponedjeljak 12.velja\u010de 2018. svoja Klupska vrata otvorila Ekonomska \u0161kola Vukovar, na \u010dijoj sve\u010danosti je ravnateljica \u0161kole istaknula zna\u010daj [&hellip;]<\/p>\n","protected":false},"author":4,"featured_media":4032,"comment_status":"closed","ping_status":"open","sticky":false,"template":"","format":"standard","meta":{"footnotes":""},"categories":[4],"tags":[],"_links":{"self":[{"href":"https:\/\/proni.hr\/old.proni.hr\/wp-json\/wp\/v2\/posts\/4029"}],"collection":[{"href":"https:\/\/proni.hr\/old.proni.hr\/wp-json\/wp\/v2\/posts"}],"about":[{"href":"https:\/\/proni.hr\/old.proni.hr\/wp-json\/wp\/v2\/types\/post"}],"author":[{"embeddable":true,"href":"https:\/\/proni.hr\/old.proni.hr\/wp-json\/wp\/v2\/users\/4"}],"replies":[{"embeddable":true,"href":"https:\/\/proni.hr\/old.proni.hr\/wp-json\/wp\/v2\/comments?post=4029"}],"version-history":[{"count":5,"href":"https:\/\/proni.hr\/old.proni.hr\/wp-json\/wp\/v2\/posts\/4029\/revisions"}],"predecessor-version":[{"id":4045,"href":"https:\/\/proni.hr\/old.proni.hr\/wp-json\/wp\/v2\/posts\/4029\/revisions\/4045"}],"wp:featuredmedia":[{"embeddable":true,"href":"https:\/\/proni.hr\/old.proni.hr\/wp-json\/wp\/v2\/media\/4032"}],"wp:attachment":[{"href":"https:\/\/proni.hr\/old.proni.hr\/wp-json\/wp\/v2\/media?parent=4029"}],"wp:term":[{"taxonomy":"category","embeddable":true,"href":"https:\/\/proni.hr\/old.proni.hr\/wp-json\/wp\/v2\/categories?post=4029"},{"taxonomy":"post_tag","embeddable":true,"href":"https:\/\/proni.hr\/old.proni.hr\/wp-json\/wp\/v2\/tags?post=4029"}],"curies":[{"name":"wp","href":"https:\/\/api.w.org\/{rel}","templated":true}]}}