{"id":403,"date":"2015-01-05T19:16:38","date_gmt":"2015-01-05T19:16:38","guid":{"rendered":"http:\/\/proni.hr\/?p=403"},"modified":"2015-01-05T19:16:38","modified_gmt":"2015-01-05T19:16:38","slug":"posjeta-iz-sad-a","status":"publish","type":"post","link":"https:\/\/proni.hr\/old.proni.hr\/posjeta-iz-sad-a\/","title":{"rendered":"Posjeta iz SAD-a"},"content":{"rendered":"<p>U okviru posjeta profesora i studenata Fakulteta za socijalni rad iz Indiane (SAD) koji su 17. i 18. svibnja 2011. pripremili i odr\u017eali radionicu na temu &#8220;Kriti\u010dko razmi\u0161ljanje&#8221;, te tri prezentacije na teme vezane uz postoje\u0107e usluge za mlade u SAD-u u\u00a0podru\u010dju socijalnih vje\u0161tina, zapo\u0161ljavanja i volonterskog uklju\u010divanja u zajednicu, PRONI Centar Vam poklanja kori\u0161tene prezentacije, koje mo\u017eete preuzeti\u00a0<a href=\"http:\/\/www.proni.hr\/index.php\/vijesti\/documents\/presentation.zip\">ovdje<\/a>.<\/p>\n","protected":false},"excerpt":{"rendered":"<p>U okviru posjeta profesora i studenata Fakulteta za socijalni rad iz Indiane (SAD) koji su 17. i 18. svibnja 2011. pripremili i odr\u017eali radionicu na temu &#8220;Kriti\u010dko razmi\u0161ljanje&#8221;, te tri prezentacije na teme vezane uz postoje\u0107e usluge za mlade u SAD-u u\u00a0podru\u010dju socijalnih vje\u0161tina, zapo\u0161ljavanja i volonterskog uklju\u010divanja u zajednicu, PRONI Centar Vam poklanja kori\u0161tene [&hellip;]<\/p>\n","protected":false},"author":5,"featured_media":0,"comment_status":"open","ping_status":"open","sticky":false,"template":"","format":"standard","meta":{"footnotes":""},"categories":[4],"tags":[],"_links":{"self":[{"href":"https:\/\/proni.hr\/old.proni.hr\/wp-json\/wp\/v2\/posts\/403"}],"collection":[{"href":"https:\/\/proni.hr\/old.proni.hr\/wp-json\/wp\/v2\/posts"}],"about":[{"href":"https:\/\/proni.hr\/old.proni.hr\/wp-json\/wp\/v2\/types\/post"}],"author":[{"embeddable":true,"href":"https:\/\/proni.hr\/old.proni.hr\/wp-json\/wp\/v2\/users\/5"}],"replies":[{"embeddable":true,"href":"https:\/\/proni.hr\/old.proni.hr\/wp-json\/wp\/v2\/comments?post=403"}],"version-history":[{"count":0,"href":"https:\/\/proni.hr\/old.proni.hr\/wp-json\/wp\/v2\/posts\/403\/revisions"}],"wp:attachment":[{"href":"https:\/\/proni.hr\/old.proni.hr\/wp-json\/wp\/v2\/media?parent=403"}],"wp:term":[{"taxonomy":"category","embeddable":true,"href":"https:\/\/proni.hr\/old.proni.hr\/wp-json\/wp\/v2\/categories?post=403"},{"taxonomy":"post_tag","embeddable":true,"href":"https:\/\/proni.hr\/old.proni.hr\/wp-json\/wp\/v2\/tags?post=403"}],"curies":[{"name":"wp","href":"https:\/\/api.w.org\/{rel}","templated":true}]}}