{"id":405,"date":"2015-01-05T19:17:44","date_gmt":"2015-01-05T19:17:44","guid":{"rendered":"http:\/\/proni.hr\/?p=405"},"modified":"2015-01-05T19:17:44","modified_gmt":"2015-01-05T19:17:44","slug":"zajedno-za-mlade","status":"publish","type":"post","link":"https:\/\/proni.hr\/old.proni.hr\/zajedno-za-mlade\/","title":{"rendered":"Zajedno za mlade"},"content":{"rendered":"<p>Predstavnici Hrvatskog zavoda za zapo\u0161ljavanje, Podru\u010dnih slu\u017ebi Osijek, Vukovar i Sisak, Volonterskog centra Osijek, te PRONI Centra, odr\u017eali su prvi radni sastanak u okviru partnerskog projekta &#8220;<a href=\"http:\/\/www.proni.hr\/index.php\/vijesti\/index.php\/aktivni-projekti\/Operativna-grupa-za-zaposljavanje-mladih.html\">Operativna grupa za zapo\u0161ljavanje mladih<\/a>&#8220;. Sastanak je odr\u017ean 24.05. u prostorijama\u00a0<a href=\"http:\/\/www.icm-osijek.info\/\" target=\"_blank\">Regionalnog info centra za mlade Osijek<\/a>, gdje \u0107e se tijekom godinu dana,\u00a0pored\u00a0<a href=\"http:\/\/www.icm-vukovar.info\/\" target=\"_blank\">vukovarskog<\/a>\u00a0i\u00a0<a href=\"http:\/\/www.icm-sisak.info\/\" target=\"_blank\">sisa\u010dkog<\/a>\u00a0Info centra za mlade,\u00a0odr\u017eati niz projektnih aktivnosti. Me\u0111usobno upoznavanje partnera, te upoznavanje s cjelokupnim projektom\u00a0i planiranje aktivnosti bile su glavne\u00a0teme ovog sastanka, nakon \u010dega slijedi\u00a0provedba aktivnosti usmjerene ka mladima i njihovom lak\u0161em uklju\u010divanju u tr\u017ei\u0161te rada.<\/p>\n","protected":false},"excerpt":{"rendered":"<p>Predstavnici Hrvatskog zavoda za zapo\u0161ljavanje, Podru\u010dnih slu\u017ebi Osijek, Vukovar i Sisak, Volonterskog centra Osijek, te PRONI Centra, odr\u017eali su prvi radni sastanak u okviru partnerskog projekta &#8220;Operativna grupa za zapo\u0161ljavanje mladih&#8220;. Sastanak je odr\u017ean 24.05. u prostorijama\u00a0Regionalnog info centra za mlade Osijek, gdje \u0107e se tijekom godinu dana,\u00a0pored\u00a0vukovarskog\u00a0i\u00a0sisa\u010dkog\u00a0Info centra za mlade,\u00a0odr\u017eati niz projektnih aktivnosti. Me\u0111usobno [&hellip;]<\/p>\n","protected":false},"author":5,"featured_media":0,"comment_status":"open","ping_status":"open","sticky":false,"template":"","format":"standard","meta":{"footnotes":""},"categories":[4],"tags":[],"_links":{"self":[{"href":"https:\/\/proni.hr\/old.proni.hr\/wp-json\/wp\/v2\/posts\/405"}],"collection":[{"href":"https:\/\/proni.hr\/old.proni.hr\/wp-json\/wp\/v2\/posts"}],"about":[{"href":"https:\/\/proni.hr\/old.proni.hr\/wp-json\/wp\/v2\/types\/post"}],"author":[{"embeddable":true,"href":"https:\/\/proni.hr\/old.proni.hr\/wp-json\/wp\/v2\/users\/5"}],"replies":[{"embeddable":true,"href":"https:\/\/proni.hr\/old.proni.hr\/wp-json\/wp\/v2\/comments?post=405"}],"version-history":[{"count":0,"href":"https:\/\/proni.hr\/old.proni.hr\/wp-json\/wp\/v2\/posts\/405\/revisions"}],"wp:attachment":[{"href":"https:\/\/proni.hr\/old.proni.hr\/wp-json\/wp\/v2\/media?parent=405"}],"wp:term":[{"taxonomy":"category","embeddable":true,"href":"https:\/\/proni.hr\/old.proni.hr\/wp-json\/wp\/v2\/categories?post=405"},{"taxonomy":"post_tag","embeddable":true,"href":"https:\/\/proni.hr\/old.proni.hr\/wp-json\/wp\/v2\/tags?post=405"}],"curies":[{"name":"wp","href":"https:\/\/api.w.org\/{rel}","templated":true}]}}