{"id":4139,"date":"2018-02-28T14:36:17","date_gmt":"2018-02-28T14:36:17","guid":{"rendered":"http:\/\/proni.hr\/?p=4139"},"modified":"2018-02-28T14:37:09","modified_gmt":"2018-02-28T14:37:09","slug":"ciklus-radionica-biti-volonter-nastavljen-u-vsz","status":"publish","type":"post","link":"https:\/\/proni.hr\/old.proni.hr\/ciklus-radionica-biti-volonter-nastavljen-u-vsz\/","title":{"rendered":"Ciklus radionica &#8220;Biti volonter&#8221; nastavljen u Vukovarsko-srijemskoj \u017eupaniji"},"content":{"rendered":"<p>U okviru projekta \u201e<a href=\"https:\/\/proni.hr\/old.proni.hr\/portfolio-items\/skolontiranje\/?portfolioID=1284\">\u0160kolontiranje<\/a>\u201c, koji ima za cilj pove\u0107ati broj kvalitetnih i odr\u017eivih volonterskih programa, 28. velja\u010de 2018. provedena je radionica \u201eBiti volonter\u201c s \u010dlanovima i koordinatoricama \u0161kolskog volonterskog kluba Ekonomske \u0161kole Vukovar, profesoricom Mirjanom Mirkovi\u0107 te Sanjom Slijep\u010devi\u0107. Na samoj radionici sudionici su upoznati s okvirima volontiranja, pravima i obvezama te drugim zna\u010dajkama volonterstva, a u svrhu poticanja njihovog daljnjeg motiviranja na aktivno i kvalitetno volontiranje, kako u samom Klubu, tako i lokalnoj zajednici.<\/p>\n<p><a href=\"https:\/\/proni.hr\/old.proni.hr\/wp-content\/uploads\/2018\/02\/Biti-volonter-Ekonomska-3.jpg\"><img loading=\"lazy\" decoding=\"async\" class=\"aligncenter wp-image-4142\" src=\"https:\/\/proni.hr\/old.proni.hr\/wp-content\/uploads\/2018\/02\/Biti-volonter-Ekonomska-3-300x169.jpg\" alt=\"Biti volonter - Ekonomska (3)\" width=\"460\" height=\"259\" srcset=\"https:\/\/proni.hr\/old.proni.hr\/wp-content\/uploads\/2018\/02\/Biti-volonter-Ekonomska-3-300x169.jpg 300w, https:\/\/proni.hr\/old.proni.hr\/wp-content\/uploads\/2018\/02\/Biti-volonter-Ekonomska-3-768x432.jpg 768w, https:\/\/proni.hr\/old.proni.hr\/wp-content\/uploads\/2018\/02\/Biti-volonter-Ekonomska-3.jpg 1024w, https:\/\/proni.hr\/old.proni.hr\/wp-content\/uploads\/2018\/02\/Biti-volonter-Ekonomska-3-600x338.jpg 600w, https:\/\/proni.hr\/old.proni.hr\/wp-content\/uploads\/2018\/02\/Biti-volonter-Ekonomska-3-280x158.jpg 280w\" sizes=\"(max-width: 460px) 100vw, 460px\" \/><\/a><\/p>\n<p><a href=\"https:\/\/proni.hr\/old.proni.hr\/wp-content\/uploads\/2018\/02\/Biti-volonter-Ekonomska-2.jpg\"><img loading=\"lazy\" decoding=\"async\" class=\"aligncenter wp-image-4141\" src=\"https:\/\/proni.hr\/old.proni.hr\/wp-content\/uploads\/2018\/02\/Biti-volonter-Ekonomska-2-300x169.jpg\" alt=\"Biti volonter - Ekonomska (2)\" width=\"460\" height=\"259\" srcset=\"https:\/\/proni.hr\/old.proni.hr\/wp-content\/uploads\/2018\/02\/Biti-volonter-Ekonomska-2-300x169.jpg 300w, https:\/\/proni.hr\/old.proni.hr\/wp-content\/uploads\/2018\/02\/Biti-volonter-Ekonomska-2-768x432.jpg 768w, https:\/\/proni.hr\/old.proni.hr\/wp-content\/uploads\/2018\/02\/Biti-volonter-Ekonomska-2.jpg 1024w, https:\/\/proni.hr\/old.proni.hr\/wp-content\/uploads\/2018\/02\/Biti-volonter-Ekonomska-2-600x338.jpg 600w, https:\/\/proni.hr\/old.proni.hr\/wp-content\/uploads\/2018\/02\/Biti-volonter-Ekonomska-2-280x158.jpg 280w\" sizes=\"(max-width: 460px) 100vw, 460px\" \/><\/a><\/p>\n<p><a href=\"https:\/\/proni.hr\/old.proni.hr\/wp-content\/uploads\/2018\/02\/Biti-volonter-Ekonomska-4.jpg\"><img loading=\"lazy\" decoding=\"async\" class=\"aligncenter wp-image-4143\" src=\"https:\/\/proni.hr\/old.proni.hr\/wp-content\/uploads\/2018\/02\/Biti-volonter-Ekonomska-4-300x169.jpg\" alt=\"Biti volonter - Ekonomska (4)\" width=\"460\" height=\"259\" srcset=\"https:\/\/proni.hr\/old.proni.hr\/wp-content\/uploads\/2018\/02\/Biti-volonter-Ekonomska-4-300x169.jpg 300w, https:\/\/proni.hr\/old.proni.hr\/wp-content\/uploads\/2018\/02\/Biti-volonter-Ekonomska-4-768x432.jpg 768w, https:\/\/proni.hr\/old.proni.hr\/wp-content\/uploads\/2018\/02\/Biti-volonter-Ekonomska-4.jpg 1024w, https:\/\/proni.hr\/old.proni.hr\/wp-content\/uploads\/2018\/02\/Biti-volonter-Ekonomska-4-600x338.jpg 600w, https:\/\/proni.hr\/old.proni.hr\/wp-content\/uploads\/2018\/02\/Biti-volonter-Ekonomska-4-280x158.jpg 280w\" sizes=\"(max-width: 460px) 100vw, 460px\" \/><\/a><\/p>\n<p><a href=\"https:\/\/proni.hr\/old.proni.hr\/wp-content\/uploads\/2018\/02\/Biti-volonter-Ekonomska-6.jpg\"><img loading=\"lazy\" decoding=\"async\" class=\"aligncenter wp-image-4145\" src=\"https:\/\/proni.hr\/old.proni.hr\/wp-content\/uploads\/2018\/02\/Biti-volonter-Ekonomska-6-300x169.jpg\" alt=\"Biti volonter - Ekonomska (6)\" width=\"460\" height=\"259\" srcset=\"https:\/\/proni.hr\/old.proni.hr\/wp-content\/uploads\/2018\/02\/Biti-volonter-Ekonomska-6-300x169.jpg 300w, https:\/\/proni.hr\/old.proni.hr\/wp-content\/uploads\/2018\/02\/Biti-volonter-Ekonomska-6-768x432.jpg 768w, https:\/\/proni.hr\/old.proni.hr\/wp-content\/uploads\/2018\/02\/Biti-volonter-Ekonomska-6.jpg 1024w, https:\/\/proni.hr\/old.proni.hr\/wp-content\/uploads\/2018\/02\/Biti-volonter-Ekonomska-6-600x338.jpg 600w, https:\/\/proni.hr\/old.proni.hr\/wp-content\/uploads\/2018\/02\/Biti-volonter-Ekonomska-6-280x158.jpg 280w\" sizes=\"(max-width: 460px) 100vw, 460px\" \/><\/a><\/p>\n<p><a href=\"https:\/\/proni.hr\/old.proni.hr\/wp-content\/uploads\/2018\/02\/Biti-volonter-Ekonomska-1.jpg\"><img loading=\"lazy\" decoding=\"async\" class=\"aligncenter wp-image-4140\" src=\"https:\/\/proni.hr\/old.proni.hr\/wp-content\/uploads\/2018\/02\/Biti-volonter-Ekonomska-1-300x169.jpg\" alt=\"Biti volonter - Ekonomska (1)\" width=\"460\" height=\"259\" srcset=\"https:\/\/proni.hr\/old.proni.hr\/wp-content\/uploads\/2018\/02\/Biti-volonter-Ekonomska-1-300x169.jpg 300w, https:\/\/proni.hr\/old.proni.hr\/wp-content\/uploads\/2018\/02\/Biti-volonter-Ekonomska-1-768x432.jpg 768w, https:\/\/proni.hr\/old.proni.hr\/wp-content\/uploads\/2018\/02\/Biti-volonter-Ekonomska-1.jpg 1024w, https:\/\/proni.hr\/old.proni.hr\/wp-content\/uploads\/2018\/02\/Biti-volonter-Ekonomska-1-600x338.jpg 600w, https:\/\/proni.hr\/old.proni.hr\/wp-content\/uploads\/2018\/02\/Biti-volonter-Ekonomska-1-280x158.jpg 280w\" sizes=\"(max-width: 460px) 100vw, 460px\" \/><\/a><\/p>\n","protected":false},"excerpt":{"rendered":"<p>U okviru projekta \u201e\u0160kolontiranje\u201c, koji ima za cilj pove\u0107ati broj kvalitetnih i odr\u017eivih volonterskih programa, 28. velja\u010de 2018. provedena je radionica \u201eBiti volonter\u201c s \u010dlanovima i koordinatoricama \u0161kolskog volonterskog kluba Ekonomske \u0161kole Vukovar, profesoricom Mirjanom Mirkovi\u0107 te Sanjom Slijep\u010devi\u0107. Na samoj radionici sudionici su upoznati s okvirima volontiranja, pravima i obvezama te drugim zna\u010dajkama volonterstva, [&hellip;]<\/p>\n","protected":false},"author":4,"featured_media":4144,"comment_status":"closed","ping_status":"open","sticky":false,"template":"","format":"standard","meta":{"footnotes":""},"categories":[4],"tags":[],"_links":{"self":[{"href":"https:\/\/proni.hr\/old.proni.hr\/wp-json\/wp\/v2\/posts\/4139"}],"collection":[{"href":"https:\/\/proni.hr\/old.proni.hr\/wp-json\/wp\/v2\/posts"}],"about":[{"href":"https:\/\/proni.hr\/old.proni.hr\/wp-json\/wp\/v2\/types\/post"}],"author":[{"embeddable":true,"href":"https:\/\/proni.hr\/old.proni.hr\/wp-json\/wp\/v2\/users\/4"}],"replies":[{"embeddable":true,"href":"https:\/\/proni.hr\/old.proni.hr\/wp-json\/wp\/v2\/comments?post=4139"}],"version-history":[{"count":3,"href":"https:\/\/proni.hr\/old.proni.hr\/wp-json\/wp\/v2\/posts\/4139\/revisions"}],"predecessor-version":[{"id":4148,"href":"https:\/\/proni.hr\/old.proni.hr\/wp-json\/wp\/v2\/posts\/4139\/revisions\/4148"}],"wp:featuredmedia":[{"embeddable":true,"href":"https:\/\/proni.hr\/old.proni.hr\/wp-json\/wp\/v2\/media\/4144"}],"wp:attachment":[{"href":"https:\/\/proni.hr\/old.proni.hr\/wp-json\/wp\/v2\/media?parent=4139"}],"wp:term":[{"taxonomy":"category","embeddable":true,"href":"https:\/\/proni.hr\/old.proni.hr\/wp-json\/wp\/v2\/categories?post=4139"},{"taxonomy":"post_tag","embeddable":true,"href":"https:\/\/proni.hr\/old.proni.hr\/wp-json\/wp\/v2\/tags?post=4139"}],"curies":[{"name":"wp","href":"https:\/\/api.w.org\/{rel}","templated":true}]}}