{"id":4167,"date":"2018-03-05T12:29:16","date_gmt":"2018-03-05T12:29:16","guid":{"rendered":"http:\/\/proni.hr\/?p=4167"},"modified":"2018-04-10T10:05:43","modified_gmt":"2018-04-10T10:05:43","slug":"uspostavi-kontakt-povezi-se-novi-projekt-proni-centra","status":"publish","type":"post","link":"https:\/\/proni.hr\/old.proni.hr\/uspostavi-kontakt-povezi-se-novi-projekt-proni-centra\/","title":{"rendered":"&#8220;Uspostavi kontakt &#8211; pove\u017ei se&#8221; novi projekt PRONI Centra"},"content":{"rendered":"<p>Projekt <a href=\"https:\/\/proni.hr\/old.proni.hr\/portfolio-items\/uspostavi-kontakt-povezi-se\/?portfolioID=1284\" target=\"_blank\">&#8220;Uspostavi kontakt-pove\u017ei se&#8221;<\/a> koji za cilj ima potaknuti me\u0111usobno povezivanje, umre\u017eavanje i propitivanje mogu\u0107nosti za zajedni\u010dke partnerske projekte u podru\u010dju rada s mladima, udruga mladih i za mlade iz programskih i partnerskih zemalja (njih ukupno 11) slu\u017ebeno je zapo\u010deo 1. velja\u010de 2018. godine.<\/p>\n<p>Ciljana skupina projekta su predstavnici (njih 22) organizacija koje rade s mladima iz 10 zemalja s podru\u010dja Europe.<\/p>\n<p>Glavna aktivnost projekta bit \u0107e \u0161estodnevni Doga\u0111aj za uspostavljanje kontakata koji \u0107e se odr\u017eati u Hrvatskoj, Pirovac od 10.6. do 16.6.2018., a omogu\u0107it \u0107e:<\/p>\n<p>&#8211; me\u0111usobno upoznavanje i kvalitetnu razmjenu znanja, iskustava i metoda u radu s mladima razli\u010ditih organizacija u Europi<br \/>\n&#8211; bolje razumijevanje potreba i problema mladih u razli\u010ditim zemljama Europe<br \/>\n&#8211; upoznavanje s nacionalnim, europskim i me\u0111unarodnim kontekstom rada s mladima i prilikama za mlade u Europi<br \/>\n&#8211; kreiranje novih konkretnih partnerstava u podru\u010dju rada s mladima<br \/>\n&#8211; razvoj konkretnih projektnih ideja<br \/>\n&#8211; kreiranje konkretnih akcijskih planova partnera.<\/p>\n<p>Projekt financira Europska unije kroz program ERASMUS+ u iznosu od 15.886,00 eura u trajanju od 10 mjeseci.<\/p>\n<p>Vi\u0161e o projektu saznaj <a href=\"https:\/\/proni.hr\/old.proni.hr\/portfolio-items\/uspostavi-kontakt-povezi-se\/?portfolioID=1284\">ovdje<\/a>.<\/p>\n<p>&nbsp;<\/p>\n<p><a href=\"https:\/\/proni.hr\/old.proni.hr\/wp-content\/uploads\/2015\/05\/erasmus.jpg\"><img loading=\"lazy\" decoding=\"async\" class=\"aligncenter size-full wp-image-2252\" src=\"https:\/\/proni.hr\/old.proni.hr\/wp-content\/uploads\/2015\/05\/erasmus.jpg\" alt=\"erasmus\" width=\"245\" height=\"70\" \/><\/a><\/p>\n","protected":false},"excerpt":{"rendered":"<p>Projekt &#8220;Uspostavi kontakt-pove\u017ei se&#8221; koji za cilj ima potaknuti me\u0111usobno povezivanje, umre\u017eavanje i propitivanje mogu\u0107nosti za zajedni\u010dke partnerske projekte u podru\u010dju rada s mladima, udruga mladih i za mlade iz programskih i partnerskih zemalja (njih ukupno 11) slu\u017ebeno je zapo\u010deo 1. velja\u010de 2018. godine. Ciljana skupina projekta su predstavnici (njih 22) organizacija koje rade s [&hellip;]<\/p>\n","protected":false},"author":4,"featured_media":4169,"comment_status":"closed","ping_status":"open","sticky":false,"template":"","format":"standard","meta":{"footnotes":""},"categories":[4],"tags":[],"_links":{"self":[{"href":"https:\/\/proni.hr\/old.proni.hr\/wp-json\/wp\/v2\/posts\/4167"}],"collection":[{"href":"https:\/\/proni.hr\/old.proni.hr\/wp-json\/wp\/v2\/posts"}],"about":[{"href":"https:\/\/proni.hr\/old.proni.hr\/wp-json\/wp\/v2\/types\/post"}],"author":[{"embeddable":true,"href":"https:\/\/proni.hr\/old.proni.hr\/wp-json\/wp\/v2\/users\/4"}],"replies":[{"embeddable":true,"href":"https:\/\/proni.hr\/old.proni.hr\/wp-json\/wp\/v2\/comments?post=4167"}],"version-history":[{"count":5,"href":"https:\/\/proni.hr\/old.proni.hr\/wp-json\/wp\/v2\/posts\/4167\/revisions"}],"predecessor-version":[{"id":4346,"href":"https:\/\/proni.hr\/old.proni.hr\/wp-json\/wp\/v2\/posts\/4167\/revisions\/4346"}],"wp:featuredmedia":[{"embeddable":true,"href":"https:\/\/proni.hr\/old.proni.hr\/wp-json\/wp\/v2\/media\/4169"}],"wp:attachment":[{"href":"https:\/\/proni.hr\/old.proni.hr\/wp-json\/wp\/v2\/media?parent=4167"}],"wp:term":[{"taxonomy":"category","embeddable":true,"href":"https:\/\/proni.hr\/old.proni.hr\/wp-json\/wp\/v2\/categories?post=4167"},{"taxonomy":"post_tag","embeddable":true,"href":"https:\/\/proni.hr\/old.proni.hr\/wp-json\/wp\/v2\/tags?post=4167"}],"curies":[{"name":"wp","href":"https:\/\/api.w.org\/{rel}","templated":true}]}}