{"id":4255,"date":"2018-03-21T12:31:29","date_gmt":"2018-03-21T12:31:29","guid":{"rendered":"http:\/\/proni.hr\/?p=4255"},"modified":"2018-03-22T12:06:30","modified_gmt":"2018-03-22T12:06:30","slug":"zapocela-izobrazba-rad-s-mladima-i-rad-u-zajednici-s-ocd-ima-u-sisacko-moslavackoj-zupaniji","status":"publish","type":"post","link":"https:\/\/proni.hr\/old.proni.hr\/zapocela-izobrazba-rad-s-mladima-i-rad-u-zajednici-s-ocd-ima-u-sisacko-moslavackoj-zupaniji\/","title":{"rendered":"Zapo\u010dela izobrazba Rad s mladima i rad u zajednici s OCD-ima u Sisa\u010dko-moslava\u010dkoj \u017eupaniji"},"content":{"rendered":"<p>U okviru projekta \u201c<a href=\"https:\/\/proni.hr\/old.proni.hr\/portfolio-items\/skolontiranje\/?portfolioID=1284\">\u0160kolontiranje<\/a>\u201d, koji za cilj ima pove\u0107ati broj kvalitetnih i odr\u017eivih volonterskih programa, posebice programa \u0161kolskog volontiranja i volontiranja u zajednici, od srijede 21. o\u017eujka s po\u010detkom u 10 sati u prostorijama PRONI Centra za socijalno podu\u010davanje u Sisku, Ljudevita Gaja 2a, zapo\u010dela je edukacija predstavnika 8 organizacija civilnoga dru\u0161tva i volontera s podru\u010dja Sisa\u010dko-moslava\u010dke \u017eupanije.<\/p>\n<p>Edukacija pod nazivom &#8220;Rad s mladima i rad u zajednici&#8221;, koju provode trenerice iz PRONI Centra za socijalno podu\u010davanje, prvenstveno ima za cilj ja\u010dati kapacitete u udrugama za vo\u0111enje i razvoj novih aktivnosti i odr\u017eivih programa za rad s mladima u zajednici, odnosno pripremiti iste za suradnju sa \u0161kolama i njihovim \u0161kolskim volonterskim klubovima u podru\u010dju organizacije i provedbe volonterskih akcija u zajednici.<\/p>\n<p>&nbsp;<\/p>\n<p><a href=\"https:\/\/proni.hr\/old.proni.hr\/wp-content\/uploads\/2018\/03\/Rad-s-mladima-i-rad-u-zajednici-Sisak-1.jpg\"><img loading=\"lazy\" decoding=\"async\" class=\"aligncenter wp-image-4256\" src=\"https:\/\/proni.hr\/old.proni.hr\/wp-content\/uploads\/2018\/03\/Rad-s-mladima-i-rad-u-zajednici-Sisak-1-300x146.jpg\" alt=\"Rad s mladima i rad u zajednici - Sisak (1)\" width=\"450\" height=\"219\" srcset=\"https:\/\/proni.hr\/old.proni.hr\/wp-content\/uploads\/2018\/03\/Rad-s-mladima-i-rad-u-zajednici-Sisak-1-300x146.jpg 300w, https:\/\/proni.hr\/old.proni.hr\/wp-content\/uploads\/2018\/03\/Rad-s-mladima-i-rad-u-zajednici-Sisak-1-768x374.jpg 768w, https:\/\/proni.hr\/old.proni.hr\/wp-content\/uploads\/2018\/03\/Rad-s-mladima-i-rad-u-zajednici-Sisak-1.jpg 1024w, https:\/\/proni.hr\/old.proni.hr\/wp-content\/uploads\/2018\/03\/Rad-s-mladima-i-rad-u-zajednici-Sisak-1-600x292.jpg 600w, https:\/\/proni.hr\/old.proni.hr\/wp-content\/uploads\/2018\/03\/Rad-s-mladima-i-rad-u-zajednici-Sisak-1-280x136.jpg 280w\" sizes=\"(max-width: 450px) 100vw, 450px\" \/><\/a><\/p>\n<p><a href=\"https:\/\/proni.hr\/old.proni.hr\/wp-content\/uploads\/2018\/03\/Rad-s-mladima-i-rad-u-zajednici-Sisak-4.jpg\"><img loading=\"lazy\" decoding=\"async\" class=\"aligncenter wp-image-4261\" src=\"https:\/\/proni.hr\/old.proni.hr\/wp-content\/uploads\/2018\/03\/Rad-s-mladima-i-rad-u-zajednici-Sisak-4-300x169.jpg\" alt=\"Rad s mladima i rad u zajednici - Sisak (4)\" width=\"449\" height=\"253\" srcset=\"https:\/\/proni.hr\/old.proni.hr\/wp-content\/uploads\/2018\/03\/Rad-s-mladima-i-rad-u-zajednici-Sisak-4-300x169.jpg 300w, https:\/\/proni.hr\/old.proni.hr\/wp-content\/uploads\/2018\/03\/Rad-s-mladima-i-rad-u-zajednici-Sisak-4-768x432.jpg 768w, https:\/\/proni.hr\/old.proni.hr\/wp-content\/uploads\/2018\/03\/Rad-s-mladima-i-rad-u-zajednici-Sisak-4.jpg 1024w, https:\/\/proni.hr\/old.proni.hr\/wp-content\/uploads\/2018\/03\/Rad-s-mladima-i-rad-u-zajednici-Sisak-4-600x338.jpg 600w, https:\/\/proni.hr\/old.proni.hr\/wp-content\/uploads\/2018\/03\/Rad-s-mladima-i-rad-u-zajednici-Sisak-4-280x158.jpg 280w\" sizes=\"(max-width: 449px) 100vw, 449px\" \/><\/a><\/p>\n<p><a href=\"https:\/\/proni.hr\/old.proni.hr\/wp-content\/uploads\/2018\/03\/Rad-s-mladima-i-rad-u-zajednici-Sisak-6.jpg\"><img loading=\"lazy\" decoding=\"async\" class=\"aligncenter wp-image-4272\" src=\"https:\/\/proni.hr\/old.proni.hr\/wp-content\/uploads\/2018\/03\/Rad-s-mladima-i-rad-u-zajednici-Sisak-6-300x225.jpg\" alt=\"Rad s mladima i rad u zajednici - Sisak (6)\" width=\"447\" height=\"336\" srcset=\"https:\/\/proni.hr\/old.proni.hr\/wp-content\/uploads\/2018\/03\/Rad-s-mladima-i-rad-u-zajednici-Sisak-6-300x225.jpg 300w, https:\/\/proni.hr\/old.proni.hr\/wp-content\/uploads\/2018\/03\/Rad-s-mladima-i-rad-u-zajednici-Sisak-6-768x576.jpg 768w, https:\/\/proni.hr\/old.proni.hr\/wp-content\/uploads\/2018\/03\/Rad-s-mladima-i-rad-u-zajednici-Sisak-6.jpg 1024w, https:\/\/proni.hr\/old.proni.hr\/wp-content\/uploads\/2018\/03\/Rad-s-mladima-i-rad-u-zajednici-Sisak-6-600x450.jpg 600w, https:\/\/proni.hr\/old.proni.hr\/wp-content\/uploads\/2018\/03\/Rad-s-mladima-i-rad-u-zajednici-Sisak-6-213x160.jpg 213w\" sizes=\"(max-width: 447px) 100vw, 447px\" \/><\/a><\/p>\n","protected":false},"excerpt":{"rendered":"<p>U okviru projekta \u201c\u0160kolontiranje\u201d, koji za cilj ima pove\u0107ati broj kvalitetnih i odr\u017eivih volonterskih programa, posebice programa \u0161kolskog volontiranja i volontiranja u zajednici, od srijede 21. o\u017eujka s po\u010detkom u 10 sati u prostorijama PRONI Centra za socijalno podu\u010davanje u Sisku, Ljudevita Gaja 2a, zapo\u010dela je edukacija predstavnika 8 organizacija civilnoga dru\u0161tva i volontera s [&hellip;]<\/p>\n","protected":false},"author":4,"featured_media":4258,"comment_status":"closed","ping_status":"open","sticky":false,"template":"","format":"standard","meta":{"footnotes":""},"categories":[4],"tags":[],"_links":{"self":[{"href":"https:\/\/proni.hr\/old.proni.hr\/wp-json\/wp\/v2\/posts\/4255"}],"collection":[{"href":"https:\/\/proni.hr\/old.proni.hr\/wp-json\/wp\/v2\/posts"}],"about":[{"href":"https:\/\/proni.hr\/old.proni.hr\/wp-json\/wp\/v2\/types\/post"}],"author":[{"embeddable":true,"href":"https:\/\/proni.hr\/old.proni.hr\/wp-json\/wp\/v2\/users\/4"}],"replies":[{"embeddable":true,"href":"https:\/\/proni.hr\/old.proni.hr\/wp-json\/wp\/v2\/comments?post=4255"}],"version-history":[{"count":7,"href":"https:\/\/proni.hr\/old.proni.hr\/wp-json\/wp\/v2\/posts\/4255\/revisions"}],"predecessor-version":[{"id":4274,"href":"https:\/\/proni.hr\/old.proni.hr\/wp-json\/wp\/v2\/posts\/4255\/revisions\/4274"}],"wp:featuredmedia":[{"embeddable":true,"href":"https:\/\/proni.hr\/old.proni.hr\/wp-json\/wp\/v2\/media\/4258"}],"wp:attachment":[{"href":"https:\/\/proni.hr\/old.proni.hr\/wp-json\/wp\/v2\/media?parent=4255"}],"wp:term":[{"taxonomy":"category","embeddable":true,"href":"https:\/\/proni.hr\/old.proni.hr\/wp-json\/wp\/v2\/categories?post=4255"},{"taxonomy":"post_tag","embeddable":true,"href":"https:\/\/proni.hr\/old.proni.hr\/wp-json\/wp\/v2\/tags?post=4255"}],"curies":[{"name":"wp","href":"https:\/\/api.w.org\/{rel}","templated":true}]}}