{"id":4330,"date":"2018-03-28T11:40:47","date_gmt":"2018-03-28T11:40:47","guid":{"rendered":"http:\/\/proni.hr\/?p=4330"},"modified":"2018-03-28T13:55:08","modified_gmt":"2018-03-28T13:55:08","slug":"zavrsen-ciklus-radionica-biti-volonter","status":"publish","type":"post","link":"https:\/\/proni.hr\/old.proni.hr\/zavrsen-ciklus-radionica-biti-volonter\/","title":{"rendered":"Zavr\u0161en ciklus radionica &#8220;Biti volonter&#8221;"},"content":{"rendered":"<p>U okviru projekta \u201e<a href=\"https:\/\/proni.hr\/old.proni.hr\/portfolio-items\/skolontiranje\/?portfolioID=1284\">\u0160kolontiranje<\/a>\u201c, koji ima za cilj pove\u0107ati broj kvalitetnih i odr\u017eivih volonterskih programa, provedbom radionica u Ludini,\u00a0Mirkovcima i Vukovaru zavr\u0161en je ciklus radionica \u201cBiti volonter\u201d. Tako\u00a0su 23. o\u017eujka\u00a0u Osnovnoj \u00a0\u0161koli Ludina te 26.o\u017eujka u dvije \u0161kole \u2013 Osnovnoj \u0161koli Nikole Tesle Mirkovci i Osnovnoj \u0161koli Niole Andri\u0107a Vukovar, trenerice PRONI Centra odr\u017eale radionicu s u\u010denicima, roditeljima i koordinatorima uspostavljenih \u0161kolskih volonterskih klubova.\u00a0Cilj radionica i ovaj put bio je\u00a0upoznati \u010dlanov ovih Klubova s okvirima volontiranja te ih dodatno motivirati u svrhu kvalitetnijeg i u\u010dinkovitijeg planiranja i provedbe njihovih volonterskih programa.<\/p>\n<p><a href=\"https:\/\/proni.hr\/old.proni.hr\/wp-content\/uploads\/2018\/03\/Vukovar.jpg\"><img loading=\"lazy\" decoding=\"async\" class=\"aligncenter wp-image-4331\" src=\"https:\/\/proni.hr\/old.proni.hr\/wp-content\/uploads\/2018\/03\/Vukovar-300x225.jpg\" alt=\"Vukovar\" width=\"399\" height=\"299\" srcset=\"https:\/\/proni.hr\/old.proni.hr\/wp-content\/uploads\/2018\/03\/Vukovar-300x225.jpg 300w, https:\/\/proni.hr\/old.proni.hr\/wp-content\/uploads\/2018\/03\/Vukovar-768x576.jpg 768w, https:\/\/proni.hr\/old.proni.hr\/wp-content\/uploads\/2018\/03\/Vukovar-1024x768.jpg 1024w, https:\/\/proni.hr\/old.proni.hr\/wp-content\/uploads\/2018\/03\/Vukovar-600x450.jpg 600w, https:\/\/proni.hr\/old.proni.hr\/wp-content\/uploads\/2018\/03\/Vukovar-213x160.jpg 213w\" sizes=\"(max-width: 399px) 100vw, 399px\" \/><\/a><\/p>\n<p><a href=\"https:\/\/proni.hr\/old.proni.hr\/wp-content\/uploads\/2018\/03\/Vukovar2.jpg\"><img loading=\"lazy\" decoding=\"async\" class=\"aligncenter wp-image-4332\" src=\"https:\/\/proni.hr\/old.proni.hr\/wp-content\/uploads\/2018\/03\/Vukovar2-300x225.jpg\" alt=\"Vukovar2\" width=\"399\" height=\"299\" srcset=\"https:\/\/proni.hr\/old.proni.hr\/wp-content\/uploads\/2018\/03\/Vukovar2-300x225.jpg 300w, https:\/\/proni.hr\/old.proni.hr\/wp-content\/uploads\/2018\/03\/Vukovar2-768x576.jpg 768w, https:\/\/proni.hr\/old.proni.hr\/wp-content\/uploads\/2018\/03\/Vukovar2-1024x768.jpg 1024w, https:\/\/proni.hr\/old.proni.hr\/wp-content\/uploads\/2018\/03\/Vukovar2-600x450.jpg 600w, https:\/\/proni.hr\/old.proni.hr\/wp-content\/uploads\/2018\/03\/Vukovar2-213x160.jpg 213w\" sizes=\"(max-width: 399px) 100vw, 399px\" \/><\/a><\/p>\n","protected":false},"excerpt":{"rendered":"<p>U okviru projekta \u201e\u0160kolontiranje\u201c, koji ima za cilj pove\u0107ati broj kvalitetnih i odr\u017eivih volonterskih programa, provedbom radionica u Ludini,\u00a0Mirkovcima i Vukovaru zavr\u0161en je ciklus radionica \u201cBiti volonter\u201d. Tako\u00a0su 23. o\u017eujka\u00a0u Osnovnoj \u00a0\u0161koli Ludina te 26.o\u017eujka u dvije \u0161kole \u2013 Osnovnoj \u0161koli Nikole Tesle Mirkovci i Osnovnoj \u0161koli Niole Andri\u0107a Vukovar, trenerice PRONI Centra odr\u017eale radionicu [&hellip;]<\/p>\n","protected":false},"author":4,"featured_media":4329,"comment_status":"closed","ping_status":"open","sticky":false,"template":"","format":"standard","meta":{"footnotes":""},"categories":[4],"tags":[],"_links":{"self":[{"href":"https:\/\/proni.hr\/old.proni.hr\/wp-json\/wp\/v2\/posts\/4330"}],"collection":[{"href":"https:\/\/proni.hr\/old.proni.hr\/wp-json\/wp\/v2\/posts"}],"about":[{"href":"https:\/\/proni.hr\/old.proni.hr\/wp-json\/wp\/v2\/types\/post"}],"author":[{"embeddable":true,"href":"https:\/\/proni.hr\/old.proni.hr\/wp-json\/wp\/v2\/users\/4"}],"replies":[{"embeddable":true,"href":"https:\/\/proni.hr\/old.proni.hr\/wp-json\/wp\/v2\/comments?post=4330"}],"version-history":[{"count":5,"href":"https:\/\/proni.hr\/old.proni.hr\/wp-json\/wp\/v2\/posts\/4330\/revisions"}],"predecessor-version":[{"id":4341,"href":"https:\/\/proni.hr\/old.proni.hr\/wp-json\/wp\/v2\/posts\/4330\/revisions\/4341"}],"wp:featuredmedia":[{"embeddable":true,"href":"https:\/\/proni.hr\/old.proni.hr\/wp-json\/wp\/v2\/media\/4329"}],"wp:attachment":[{"href":"https:\/\/proni.hr\/old.proni.hr\/wp-json\/wp\/v2\/media?parent=4330"}],"wp:term":[{"taxonomy":"category","embeddable":true,"href":"https:\/\/proni.hr\/old.proni.hr\/wp-json\/wp\/v2\/categories?post=4330"},{"taxonomy":"post_tag","embeddable":true,"href":"https:\/\/proni.hr\/old.proni.hr\/wp-json\/wp\/v2\/tags?post=4330"}],"curies":[{"name":"wp","href":"https:\/\/api.w.org\/{rel}","templated":true}]}}