{"id":4356,"date":"2018-04-13T14:10:53","date_gmt":"2018-04-13T14:10:53","guid":{"rendered":"http:\/\/proni.hr\/?p=4356"},"modified":"2018-04-16T07:57:42","modified_gmt":"2018-04-16T07:57:42","slug":"odrzana-izobrazba-rad-s-mladima-i-rad-u-zajednici-u-vsz","status":"publish","type":"post","link":"https:\/\/proni.hr\/old.proni.hr\/odrzana-izobrazba-rad-s-mladima-i-rad-u-zajednici-u-vsz\/","title":{"rendered":"Odr\u017eana izobrazba &#8220;Rad s mladima i rad u zajednici&#8221; u VS\u017d"},"content":{"rendered":"<p>U okviru projekta &#8220;<a href=\"https:\/\/proni.hr\/old.proni.hr\/portfolio-items\/skolontiranje\/\">\u0160kolontiranje<\/a>&#8221; u Gradskoj knji\u017enici Vukovar od 9. do 11.travnja odr\u017ean je prvi dio izobrazbe &#8220;Rad s mladima i rad u zajednici&#8221; za predstavnike organizacija civilnoga dru\u0161tva s podru\u010dja Vukovarsko-srijemska \u017eupanije. Cilj izobrazbe, koju su provele trenerice iz PRONI Centra, bio je unaprijediti kapacitete organizacija u podru\u010dju rada s mladih, ali i motivirati iste na suradnju i povezivanje s odgojno-obrazovnim ustanovama u kojima su se osnovali \u0161kolski volonterski klubovi, kako bi zajedni\u010dkim snagama nastavili na razvoju volonterstva u lokalnim zajednicama. Na izobrazbi je sudjelovalo 10 predstavnika iz 6 organizacija civilnoga dru\u0161tva te jedna volonterka uklju\u010dena u provedbu projekta.<\/p>\n<p><a href=\"https:\/\/proni.hr\/old.proni.hr\/wp-content\/uploads\/2018\/04\/Rad-s-mladima-i-rad-u-zajednici-u-VS\u017d-2.jpg\"><img loading=\"lazy\" decoding=\"async\" class=\"aligncenter wp-image-4349\" src=\"https:\/\/proni.hr\/old.proni.hr\/wp-content\/uploads\/2018\/04\/Rad-s-mladima-i-rad-u-zajednici-u-VS\u017d-2-300x200.jpg\" alt=\"Rad s mladima i rad u zajednici u VS\u017d (2)\" width=\"402\" height=\"268\" srcset=\"https:\/\/proni.hr\/old.proni.hr\/wp-content\/uploads\/2018\/04\/Rad-s-mladima-i-rad-u-zajednici-u-VS\u017d-2-300x200.jpg 300w, https:\/\/proni.hr\/old.proni.hr\/wp-content\/uploads\/2018\/04\/Rad-s-mladima-i-rad-u-zajednici-u-VS\u017d-2-768x512.jpg 768w, https:\/\/proni.hr\/old.proni.hr\/wp-content\/uploads\/2018\/04\/Rad-s-mladima-i-rad-u-zajednici-u-VS\u017d-2.jpg 1024w, https:\/\/proni.hr\/old.proni.hr\/wp-content\/uploads\/2018\/04\/Rad-s-mladima-i-rad-u-zajednici-u-VS\u017d-2-600x400.jpg 600w, https:\/\/proni.hr\/old.proni.hr\/wp-content\/uploads\/2018\/04\/Rad-s-mladima-i-rad-u-zajednici-u-VS\u017d-2-240x160.jpg 240w\" sizes=\"(max-width: 402px) 100vw, 402px\" \/><\/a><\/p>\n<p><a href=\"https:\/\/proni.hr\/old.proni.hr\/wp-content\/uploads\/2018\/04\/Rad-s-mladima-i-rad-u-zajednici-u-VS\u017d-7.jpg\"><img loading=\"lazy\" decoding=\"async\" class=\"aligncenter wp-image-4354\" src=\"https:\/\/proni.hr\/old.proni.hr\/wp-content\/uploads\/2018\/04\/Rad-s-mladima-i-rad-u-zajednici-u-VS\u017d-7-300x200.jpg\" alt=\"Rad s mladima i rad u zajednici u VS\u017d (7)\" width=\"401\" height=\"267\" srcset=\"https:\/\/proni.hr\/old.proni.hr\/wp-content\/uploads\/2018\/04\/Rad-s-mladima-i-rad-u-zajednici-u-VS\u017d-7-300x200.jpg 300w, https:\/\/proni.hr\/old.proni.hr\/wp-content\/uploads\/2018\/04\/Rad-s-mladima-i-rad-u-zajednici-u-VS\u017d-7-768x512.jpg 768w, https:\/\/proni.hr\/old.proni.hr\/wp-content\/uploads\/2018\/04\/Rad-s-mladima-i-rad-u-zajednici-u-VS\u017d-7.jpg 1024w, https:\/\/proni.hr\/old.proni.hr\/wp-content\/uploads\/2018\/04\/Rad-s-mladima-i-rad-u-zajednici-u-VS\u017d-7-600x400.jpg 600w, https:\/\/proni.hr\/old.proni.hr\/wp-content\/uploads\/2018\/04\/Rad-s-mladima-i-rad-u-zajednici-u-VS\u017d-7-240x160.jpg 240w\" sizes=\"(max-width: 401px) 100vw, 401px\" \/><\/a><\/p>\n<p><a href=\"https:\/\/proni.hr\/old.proni.hr\/wp-content\/uploads\/2018\/04\/Rad-s-mladima-i-rad-u-zajednici-u-VS\u017d-1.jpg\"><img loading=\"lazy\" decoding=\"async\" class=\"aligncenter wp-image-4348\" src=\"https:\/\/proni.hr\/old.proni.hr\/wp-content\/uploads\/2018\/04\/Rad-s-mladima-i-rad-u-zajednici-u-VS\u017d-1-300x200.jpg\" alt=\"Rad s mladima i rad u zajednici u VS\u017d (1)\" width=\"401\" height=\"267\" srcset=\"https:\/\/proni.hr\/old.proni.hr\/wp-content\/uploads\/2018\/04\/Rad-s-mladima-i-rad-u-zajednici-u-VS\u017d-1-300x200.jpg 300w, https:\/\/proni.hr\/old.proni.hr\/wp-content\/uploads\/2018\/04\/Rad-s-mladima-i-rad-u-zajednici-u-VS\u017d-1-768x512.jpg 768w, https:\/\/proni.hr\/old.proni.hr\/wp-content\/uploads\/2018\/04\/Rad-s-mladima-i-rad-u-zajednici-u-VS\u017d-1.jpg 1024w, https:\/\/proni.hr\/old.proni.hr\/wp-content\/uploads\/2018\/04\/Rad-s-mladima-i-rad-u-zajednici-u-VS\u017d-1-600x400.jpg 600w, https:\/\/proni.hr\/old.proni.hr\/wp-content\/uploads\/2018\/04\/Rad-s-mladima-i-rad-u-zajednici-u-VS\u017d-1-240x160.jpg 240w\" sizes=\"(max-width: 401px) 100vw, 401px\" \/><\/a><\/p>\n<p><a href=\"https:\/\/proni.hr\/old.proni.hr\/wp-content\/uploads\/2018\/04\/Rad-s-mladima-i-rad-u-zajednici-u-VS\u017d-6.jpg\"><img loading=\"lazy\" decoding=\"async\" class=\"aligncenter wp-image-4353\" src=\"https:\/\/proni.hr\/old.proni.hr\/wp-content\/uploads\/2018\/04\/Rad-s-mladima-i-rad-u-zajednici-u-VS\u017d-6-300x200.jpg\" alt=\"Rad s mladima i rad u zajednici u VS\u017d (6)\" width=\"401\" height=\"267\" srcset=\"https:\/\/proni.hr\/old.proni.hr\/wp-content\/uploads\/2018\/04\/Rad-s-mladima-i-rad-u-zajednici-u-VS\u017d-6-300x200.jpg 300w, https:\/\/proni.hr\/old.proni.hr\/wp-content\/uploads\/2018\/04\/Rad-s-mladima-i-rad-u-zajednici-u-VS\u017d-6-768x512.jpg 768w, https:\/\/proni.hr\/old.proni.hr\/wp-content\/uploads\/2018\/04\/Rad-s-mladima-i-rad-u-zajednici-u-VS\u017d-6.jpg 1024w, https:\/\/proni.hr\/old.proni.hr\/wp-content\/uploads\/2018\/04\/Rad-s-mladima-i-rad-u-zajednici-u-VS\u017d-6-600x400.jpg 600w, https:\/\/proni.hr\/old.proni.hr\/wp-content\/uploads\/2018\/04\/Rad-s-mladima-i-rad-u-zajednici-u-VS\u017d-6-240x160.jpg 240w\" sizes=\"(max-width: 401px) 100vw, 401px\" \/><\/a><\/p>\n<p><a href=\"https:\/\/proni.hr\/old.proni.hr\/wp-content\/uploads\/2018\/04\/Rad-s-mladima-i-rad-u-zajednici-u-VS\u017d-5.jpg\"><img loading=\"lazy\" decoding=\"async\" class=\"aligncenter wp-image-4352\" src=\"https:\/\/proni.hr\/old.proni.hr\/wp-content\/uploads\/2018\/04\/Rad-s-mladima-i-rad-u-zajednici-u-VS\u017d-5-300x200.jpg\" alt=\"Rad s mladima i rad u zajednici u VS\u017d (5)\" width=\"401\" height=\"267\" srcset=\"https:\/\/proni.hr\/old.proni.hr\/wp-content\/uploads\/2018\/04\/Rad-s-mladima-i-rad-u-zajednici-u-VS\u017d-5-300x200.jpg 300w, https:\/\/proni.hr\/old.proni.hr\/wp-content\/uploads\/2018\/04\/Rad-s-mladima-i-rad-u-zajednici-u-VS\u017d-5-768x512.jpg 768w, https:\/\/proni.hr\/old.proni.hr\/wp-content\/uploads\/2018\/04\/Rad-s-mladima-i-rad-u-zajednici-u-VS\u017d-5.jpg 1024w, https:\/\/proni.hr\/old.proni.hr\/wp-content\/uploads\/2018\/04\/Rad-s-mladima-i-rad-u-zajednici-u-VS\u017d-5-600x400.jpg 600w, https:\/\/proni.hr\/old.proni.hr\/wp-content\/uploads\/2018\/04\/Rad-s-mladima-i-rad-u-zajednici-u-VS\u017d-5-240x160.jpg 240w\" sizes=\"(max-width: 401px) 100vw, 401px\" \/><\/a><\/p>\n<p><a href=\"https:\/\/proni.hr\/old.proni.hr\/wp-content\/uploads\/2018\/04\/Rad-s-mladima-i-rad-u-zajednici-u-VS\u017d-4.jpg\"><img loading=\"lazy\" decoding=\"async\" class=\"aligncenter wp-image-4351\" src=\"https:\/\/proni.hr\/old.proni.hr\/wp-content\/uploads\/2018\/04\/Rad-s-mladima-i-rad-u-zajednici-u-VS\u017d-4-300x200.jpg\" alt=\"Rad s mladima i rad u zajednici u VS\u017d (4)\" width=\"401\" height=\"267\" srcset=\"https:\/\/proni.hr\/old.proni.hr\/wp-content\/uploads\/2018\/04\/Rad-s-mladima-i-rad-u-zajednici-u-VS\u017d-4-300x200.jpg 300w, https:\/\/proni.hr\/old.proni.hr\/wp-content\/uploads\/2018\/04\/Rad-s-mladima-i-rad-u-zajednici-u-VS\u017d-4-768x512.jpg 768w, https:\/\/proni.hr\/old.proni.hr\/wp-content\/uploads\/2018\/04\/Rad-s-mladima-i-rad-u-zajednici-u-VS\u017d-4.jpg 1024w, https:\/\/proni.hr\/old.proni.hr\/wp-content\/uploads\/2018\/04\/Rad-s-mladima-i-rad-u-zajednici-u-VS\u017d-4-600x400.jpg 600w, https:\/\/proni.hr\/old.proni.hr\/wp-content\/uploads\/2018\/04\/Rad-s-mladima-i-rad-u-zajednici-u-VS\u017d-4-240x160.jpg 240w\" sizes=\"(max-width: 401px) 100vw, 401px\" \/><\/a><\/p>\n<p><a href=\"https:\/\/proni.hr\/old.proni.hr\/wp-content\/uploads\/2018\/04\/Rad-s-mladima-i-rad-u-zajednici-u-VS\u017d-8.jpg\"><img loading=\"lazy\" decoding=\"async\" class=\"aligncenter wp-image-4355\" src=\"https:\/\/proni.hr\/old.proni.hr\/wp-content\/uploads\/2018\/04\/Rad-s-mladima-i-rad-u-zajednici-u-VS\u017d-8-300x200.jpg\" alt=\"Rad s mladima i rad u zajednici u VS\u017d (8)\" width=\"401\" height=\"267\" srcset=\"https:\/\/proni.hr\/old.proni.hr\/wp-content\/uploads\/2018\/04\/Rad-s-mladima-i-rad-u-zajednici-u-VS\u017d-8-300x200.jpg 300w, https:\/\/proni.hr\/old.proni.hr\/wp-content\/uploads\/2018\/04\/Rad-s-mladima-i-rad-u-zajednici-u-VS\u017d-8-768x512.jpg 768w, https:\/\/proni.hr\/old.proni.hr\/wp-content\/uploads\/2018\/04\/Rad-s-mladima-i-rad-u-zajednici-u-VS\u017d-8.jpg 1024w, https:\/\/proni.hr\/old.proni.hr\/wp-content\/uploads\/2018\/04\/Rad-s-mladima-i-rad-u-zajednici-u-VS\u017d-8-600x400.jpg 600w, https:\/\/proni.hr\/old.proni.hr\/wp-content\/uploads\/2018\/04\/Rad-s-mladima-i-rad-u-zajednici-u-VS\u017d-8-240x160.jpg 240w\" sizes=\"(max-width: 401px) 100vw, 401px\" \/><\/a><\/p>\n","protected":false},"excerpt":{"rendered":"<p>U okviru projekta &#8220;\u0160kolontiranje&#8221; u Gradskoj knji\u017enici Vukovar od 9. do 11.travnja odr\u017ean je prvi dio izobrazbe &#8220;Rad s mladima i rad u zajednici&#8221; za predstavnike organizacija civilnoga dru\u0161tva s podru\u010dja Vukovarsko-srijemska \u017eupanije. Cilj izobrazbe, koju su provele trenerice iz PRONI Centra, bio je unaprijediti kapacitete organizacija u podru\u010dju rada s mladih, ali i motivirati [&hellip;]<\/p>\n","protected":false},"author":4,"featured_media":4350,"comment_status":"closed","ping_status":"open","sticky":false,"template":"","format":"standard","meta":{"footnotes":""},"categories":[4],"tags":[],"_links":{"self":[{"href":"https:\/\/proni.hr\/old.proni.hr\/wp-json\/wp\/v2\/posts\/4356"}],"collection":[{"href":"https:\/\/proni.hr\/old.proni.hr\/wp-json\/wp\/v2\/posts"}],"about":[{"href":"https:\/\/proni.hr\/old.proni.hr\/wp-json\/wp\/v2\/types\/post"}],"author":[{"embeddable":true,"href":"https:\/\/proni.hr\/old.proni.hr\/wp-json\/wp\/v2\/users\/4"}],"replies":[{"embeddable":true,"href":"https:\/\/proni.hr\/old.proni.hr\/wp-json\/wp\/v2\/comments?post=4356"}],"version-history":[{"count":3,"href":"https:\/\/proni.hr\/old.proni.hr\/wp-json\/wp\/v2\/posts\/4356\/revisions"}],"predecessor-version":[{"id":4364,"href":"https:\/\/proni.hr\/old.proni.hr\/wp-json\/wp\/v2\/posts\/4356\/revisions\/4364"}],"wp:featuredmedia":[{"embeddable":true,"href":"https:\/\/proni.hr\/old.proni.hr\/wp-json\/wp\/v2\/media\/4350"}],"wp:attachment":[{"href":"https:\/\/proni.hr\/old.proni.hr\/wp-json\/wp\/v2\/media?parent=4356"}],"wp:term":[{"taxonomy":"category","embeddable":true,"href":"https:\/\/proni.hr\/old.proni.hr\/wp-json\/wp\/v2\/categories?post=4356"},{"taxonomy":"post_tag","embeddable":true,"href":"https:\/\/proni.hr\/old.proni.hr\/wp-json\/wp\/v2\/tags?post=4356"}],"curies":[{"name":"wp","href":"https:\/\/api.w.org\/{rel}","templated":true}]}}