{"id":4360,"date":"2018-04-13T15:14:12","date_gmt":"2018-04-13T15:14:12","guid":{"rendered":"http:\/\/proni.hr\/?p=4360"},"modified":"2018-04-13T15:24:31","modified_gmt":"2018-04-13T15:24:31","slug":"zelis-li-postati-dio-pokretnih-slika-umjetnosti-i-kulture","status":"publish","type":"post","link":"https:\/\/proni.hr\/old.proni.hr\/zelis-li-postati-dio-pokretnih-slika-umjetnosti-i-kulture\/","title":{"rendered":"\u017deli\u0161 li postati dio Pokretnih slika umjetnosti i kulture?"},"content":{"rendered":"<p>U okviru projekta &#8220;<a href=\"https:\/\/proni.hr\/old.proni.hr\/portfolio-items\/projekt-pokretne-slike-umjetnosti-i-kulture\/\">Pokretne slike umjetnosti i kulture<\/a>&#8221; kojeg u suradnji s partnerima provodi PRONI Centar za socijalno podu\u010davanje, planirane su razli\u010dite radionice za mlade s Zmajevca, Darde, Vukovara i Osijeka.<\/p>\n<p>Stoga, ukoliko \u017eelite razvijati svoje umjetni\u010dke i kreativne, ali i ekonomske potencijale, kreirati programe u kulturi i potaknuti promjene u svom \u017eivotu i \u017eivotu svoje zajednice, pozivamo vas da se priklju\u010dite projektnim aktivnostima kroz sudjelovanje u ciklusima radionica primijenjenog dizajna, plesno-scenskih radionica te radionica multimedije i novinarstva.<\/p>\n<p>Svi zainteresirani trebaju ispuniti Prijavni obrazac i dostaviti ga na e-mail adresu: kultura@proni.hr najkasnije do <strong>30. travnja 2018.<\/strong> godine.<\/p>\n<p>U samom obrascu, kojeg mo\u017eete preuzeti <a href=\"https:\/\/proni.hr\/old.proni.hr\/wp-content\/uploads\/2018\/04\/Prijavni-obrazac.doc\" target=\"_blank\">ovdje<\/a>, mo\u017eete prona\u0107i vi\u0161e informacija o samom projektu.<\/p>\n<p><em>Jer umjetnost je biti KULturan!<\/em><\/p>\n","protected":false},"excerpt":{"rendered":"<p>U okviru projekta &#8220;Pokretne slike umjetnosti i kulture&#8221; kojeg u suradnji s partnerima provodi PRONI Centar za socijalno podu\u010davanje, planirane su razli\u010dite radionice za mlade s Zmajevca, Darde, Vukovara i Osijeka. Stoga, ukoliko \u017eelite razvijati svoje umjetni\u010dke i kreativne, ali i ekonomske potencijale, kreirati programe u kulturi i potaknuti promjene u svom \u017eivotu i \u017eivotu [&hellip;]<\/p>\n","protected":false},"author":4,"featured_media":4185,"comment_status":"closed","ping_status":"open","sticky":false,"template":"","format":"standard","meta":{"footnotes":""},"categories":[4],"tags":[],"_links":{"self":[{"href":"https:\/\/proni.hr\/old.proni.hr\/wp-json\/wp\/v2\/posts\/4360"}],"collection":[{"href":"https:\/\/proni.hr\/old.proni.hr\/wp-json\/wp\/v2\/posts"}],"about":[{"href":"https:\/\/proni.hr\/old.proni.hr\/wp-json\/wp\/v2\/types\/post"}],"author":[{"embeddable":true,"href":"https:\/\/proni.hr\/old.proni.hr\/wp-json\/wp\/v2\/users\/4"}],"replies":[{"embeddable":true,"href":"https:\/\/proni.hr\/old.proni.hr\/wp-json\/wp\/v2\/comments?post=4360"}],"version-history":[{"count":3,"href":"https:\/\/proni.hr\/old.proni.hr\/wp-json\/wp\/v2\/posts\/4360\/revisions"}],"predecessor-version":[{"id":4363,"href":"https:\/\/proni.hr\/old.proni.hr\/wp-json\/wp\/v2\/posts\/4360\/revisions\/4363"}],"wp:featuredmedia":[{"embeddable":true,"href":"https:\/\/proni.hr\/old.proni.hr\/wp-json\/wp\/v2\/media\/4185"}],"wp:attachment":[{"href":"https:\/\/proni.hr\/old.proni.hr\/wp-json\/wp\/v2\/media?parent=4360"}],"wp:term":[{"taxonomy":"category","embeddable":true,"href":"https:\/\/proni.hr\/old.proni.hr\/wp-json\/wp\/v2\/categories?post=4360"},{"taxonomy":"post_tag","embeddable":true,"href":"https:\/\/proni.hr\/old.proni.hr\/wp-json\/wp\/v2\/tags?post=4360"}],"curies":[{"name":"wp","href":"https:\/\/api.w.org\/{rel}","templated":true}]}}