{"id":4394,"date":"2018-04-27T12:25:41","date_gmt":"2018-04-27T12:25:41","guid":{"rendered":"http:\/\/proni.hr\/?p=4394"},"modified":"2018-04-27T12:25:41","modified_gmt":"2018-04-27T12:25:41","slug":"prijavi-se-na-kamp-za-mlade-u-okviru-projekt-pokretne-slike-umjetnosti-i-kulture","status":"publish","type":"post","link":"https:\/\/proni.hr\/old.proni.hr\/prijavi-se-na-kamp-za-mlade-u-okviru-projekt-pokretne-slike-umjetnosti-i-kulture\/","title":{"rendered":"Prijavi se na Kamp za mlade u okviru projekt Pokretne slike umjetnosti i kulture!"},"content":{"rendered":"<p>Pozivamo mlade <strong><em>od 15 do 25 godina na Uvodni kamp <a href=\"https:\/\/proni.hr\/old.proni.hr\/portfolio-items\/projekt-pokretne-slike-umjetnosti-i-kulture\/?portfolioID=1284\" target=\"_blank\" rel=\"noopener noreferrer\">projekta \u201ePokretne slike umjetnosti i kulture<\/a><\/em><\/strong>\u201c u Osijeku od <em><strong>23. \u2013 26. svibnja 2018.<\/strong> <\/em><\/p>\n<p>Ukoliko si mlada osoba koja je pripadnik\u00a0 nacionalne manjine, nezaposlena mlada osoba ili\u00a0 mlada osoba \u010dije su obitelji u sustavu socijalne skrbi onda je ovo informacija ba\u0161 za tebe. Prijavi se na kamp za mlade gdje \u0107e\u0161 zajedno s 80 mladih imati priliku u\u010diti, razmjenjivati iskustva i znanja s drugima\u00a0 te se isto tako dobro zabaviti.<br \/>\nProgram kampa omogu\u0107it \u0107e ti da se upozna\u0161 s\u00a0 radom\u00a0 TV postaja i radija, da sazna\u0161 kako nastaju on-line portali i kako se odr\u017eavaju stranice, \u0161to sve rade mladi ljudi i kako nastaju projekti mladih u kulturi i umjetnosti.<\/p>\n<p>Dodatno, na kampu \u0107e\u0161 \u010duti vi\u0161e o planiranim radionicama <strong><em>primijenjenog dizajna, multimedije i novinarstva, te plesno-scenskih radionica,<\/em><\/strong> u koje se mo\u017ee\u0161 uklju\u010diti te \u0107e\u0161 biti u mogu\u0107nosti da se dru\u017ei\u0161 i razmjenjuje\u0161 ideje. Od planiranih radionica mo\u017ee\u0161 se odlu\u010diti za jednu ili vi\u0161e njih, mo\u017ee\u0161 se \u010dak prijaviti za sudjelovanje na svim radionicama.<\/p>\n<p><strong>Prijavi se \u0161to prije jer su mjesta ograni\u010dena, program je zanimljiv, a dru\u0161tvo \u0107e biti jo\u0161 bolje.<\/strong><\/p>\n<p><strong>Rok za prijavu<\/strong> na Kamp je <strong>5.5.2018.<\/strong><\/p>\n<p><strong>Prijavi se online:<\/strong> <a href=\"https:\/\/docs.google.com\/forms\/d\/1-Oq4Wn3AuB-q8XF-WBKfBo57LV9zbZXauFdc27OMhvw\/viewform?edit_requested=true\" target=\"_blank\" rel=\"noopener noreferrer\">https:\/\/docs.google.com\/forms\/d\/1-Oq4Wn3AuB-q8XF-WBKfBo57LV9zbZXauFdc27OMhvw\/viewform?edit_requested=true<\/a><\/p>\n<p>Prijavite se mo\u017ee\u0161 i putem <a href=\"http:\/\/icm-osijek.info\/wp-content\/uploads\/2018\/04\/Prijavni-obrazac.doc\" target=\"_blank\" rel=\"noopener noreferrer\">prijavnice<\/a> koju \u0107e\u0161 ispuniti i poslati na: kultura@proni.hr<\/p>\n<p>Dodatne informacije o projektu, kampu te radionicama u koje se mo\u017ee\u0161 uklju\u010diti nakon kampa saznaj <a href=\"http:\/\/www.icm-vukovar.info\/umjetnost-je-biti-kulturan\/\" target=\"_blank\" rel=\"noopener noreferrer\">ovdje.<\/a><\/p>\n<p>Treba ti vi\u0161e informacija ili ima\u0161 neko pitanje slobodno nam se javi na: kultura@proni.hr ili nam po\u0161alji poruku na facebook <a href=\"https:\/\/www.facebook.com\/Pokretne-slike-umjetnosti-i-kulture-148722575825061\/\" target=\"_blank\" rel=\"noopener noreferrer\">Pokretne slike umjetnosti i kulture.\u00a0\u00a0 <\/a>Mo\u017ee\u0161 nas i lajkati pa tako biti na vrijeme informiran o svima planiranim aktivnostima u okviru projekta.<\/p>\n<p>Projekt \u201cPokretne slike umjetnosti i kulture \u201d provodi PRONI Centar za socijalno podu\u010davanje. Projekt se provodi u okviru Europskog socijalnog fonda, a traje od velja\u010de 2018. do kolovoza 2019. godine. Vrijednost projekta je 778.930,45 HRK.<\/p>\n<p><a href=\"http:\/\/www.icm-vukovar.info\/wp-content\/uploads\/2018\/04\/umjetnost-je-biti-kulturan.jpg\"><img loading=\"lazy\" decoding=\"async\" class=\"lazy aligncenter wp-image-3732 lazy-loaded\" src=\"http:\/\/www.icm-vukovar.info\/wp-content\/uploads\/2018\/04\/umjetnost-je-biti-kulturan-300x128.jpg\" sizes=\"(max-width: 420px) 100vw, 420px\" srcset=\"http:\/\/www.icm-vukovar.info\/wp-content\/uploads\/2018\/04\/umjetnost-je-biti-kulturan-300x128.jpg 300w, http:\/\/www.icm-vukovar.info\/wp-content\/uploads\/2018\/04\/umjetnost-je-biti-kulturan-768x327.jpg 768w, http:\/\/www.icm-vukovar.info\/wp-content\/uploads\/2018\/04\/umjetnost-je-biti-kulturan.jpg 975w\" alt=\"\" width=\"420\" height=\"179\" data-lazy-type=\"image\" data-lazy-src=\"http:\/\/www.icm-vukovar.info\/wp-content\/uploads\/2018\/04\/umjetnost-je-biti-kulturan-300x128.jpg\" data-lazy-srcset=\"http:\/\/www.icm-vukovar.info\/wp-content\/uploads\/2018\/04\/umjetnost-je-biti-kulturan-300x128.jpg 300w, http:\/\/www.icm-vukovar.info\/wp-content\/uploads\/2018\/04\/umjetnost-je-biti-kulturan-768x327.jpg 768w, http:\/\/www.icm-vukovar.info\/wp-content\/uploads\/2018\/04\/umjetnost-je-biti-kulturan.jpg 975w\" data-lazy-sizes=\"(max-width: 420px) 100vw, 420px\" \/><\/a><\/p>\n<p>&nbsp;<\/p>\n<p style=\"text-align: center;\">*****Nau\u010di (ili preporu\u010di) FOTOGRAFIRATI, SNIMATI, MONTIRATI, istra\u017ei \u0161to je VAP-NOP, sudjeluj u povijesnom nastanku koreografije najstarijeg oblika plesa na svijetu, nau\u010di \u0161to je dizajn i kako tradicijske elemente o\u017eivjeti modernim dizajnom, i budi dio tima Promjenotvorci i unesi promjenu u svoj \u017eivot i \u017eivot ove regije. Procjeni i razvij svoj ekonomski potencijal. Pove\u017ei se s drugima u svrhu budu\u0107e suradnje.***<\/p>\n<p style=\"text-align: center;\">\u2026 BIRAJ \u0160TO TE VOLJA JER UMJETNOST JE BITI KULturan!!\u2026<\/p>\n<p style=\"text-align: center;\">#KULtura<\/p>\n","protected":false},"excerpt":{"rendered":"<p>Pozivamo mlade od 15 do 25 godina na Uvodni kamp projekta \u201ePokretne slike umjetnosti i kulture\u201c u Osijeku od 23. \u2013 26. svibnja 2018. Ukoliko si mlada osoba koja je pripadnik\u00a0 nacionalne manjine, nezaposlena mlada osoba ili\u00a0 mlada osoba \u010dije su obitelji u sustavu socijalne skrbi onda je ovo informacija ba\u0161 za tebe. Prijavi se [&hellip;]<\/p>\n","protected":false},"author":4,"featured_media":4185,"comment_status":"closed","ping_status":"open","sticky":false,"template":"","format":"standard","meta":{"footnotes":""},"categories":[4],"tags":[],"_links":{"self":[{"href":"https:\/\/proni.hr\/old.proni.hr\/wp-json\/wp\/v2\/posts\/4394"}],"collection":[{"href":"https:\/\/proni.hr\/old.proni.hr\/wp-json\/wp\/v2\/posts"}],"about":[{"href":"https:\/\/proni.hr\/old.proni.hr\/wp-json\/wp\/v2\/types\/post"}],"author":[{"embeddable":true,"href":"https:\/\/proni.hr\/old.proni.hr\/wp-json\/wp\/v2\/users\/4"}],"replies":[{"embeddable":true,"href":"https:\/\/proni.hr\/old.proni.hr\/wp-json\/wp\/v2\/comments?post=4394"}],"version-history":[{"count":1,"href":"https:\/\/proni.hr\/old.proni.hr\/wp-json\/wp\/v2\/posts\/4394\/revisions"}],"predecessor-version":[{"id":4395,"href":"https:\/\/proni.hr\/old.proni.hr\/wp-json\/wp\/v2\/posts\/4394\/revisions\/4395"}],"wp:featuredmedia":[{"embeddable":true,"href":"https:\/\/proni.hr\/old.proni.hr\/wp-json\/wp\/v2\/media\/4185"}],"wp:attachment":[{"href":"https:\/\/proni.hr\/old.proni.hr\/wp-json\/wp\/v2\/media?parent=4394"}],"wp:term":[{"taxonomy":"category","embeddable":true,"href":"https:\/\/proni.hr\/old.proni.hr\/wp-json\/wp\/v2\/categories?post=4394"},{"taxonomy":"post_tag","embeddable":true,"href":"https:\/\/proni.hr\/old.proni.hr\/wp-json\/wp\/v2\/tags?post=4394"}],"curies":[{"name":"wp","href":"https:\/\/api.w.org\/{rel}","templated":true}]}}