{"id":4401,"date":"2018-05-08T13:23:32","date_gmt":"2018-05-08T13:23:32","guid":{"rendered":"http:\/\/proni.hr\/?p=4401"},"modified":"2018-05-08T13:58:45","modified_gmt":"2018-05-08T13:58:45","slug":"clanovi-skolskih-volonterskih-klubova-planiraju-skolonterske-akcije","status":"publish","type":"post","link":"https:\/\/proni.hr\/old.proni.hr\/clanovi-skolskih-volonterskih-klubova-planiraju-skolonterske-akcije\/","title":{"rendered":"\u010clanovi \u0161kolskih volonterskih klubova planiraju \u0161kolonterske akcije"},"content":{"rendered":"<p>U okviru projekta <a href=\"https:\/\/proni.hr\/old.proni.hr\/portfolio-items\/skolontiranje\/\">\u0160kolontiranje<\/a>, nastavljen je ciklus obrazovnih aktivnosti namijenjenih ja\u010danju kapaciteta \u010dlanova uspostavljenih \u0161kolskih volonterskih klubova u 10 odgojno-obrazovnih ustanova na podru\u010dju Sisa\u010dko-moslava\u010dke i Vukovarsko-srijemske \u017eupanije. Tako su, nakon provedenih izobrazbi u Sisa\u010dko-moslava\u010dkoj \u017eupaniji tijekom travnja, na red do\u0161le 2 osnovne i 3 srednje \u0161kole na podru\u010dju Vukovarsko-srijemske \u017eupanije. Stoga su po\u010detkom svibnja u Osnovnoj \u0161koli Nikole Andri\u0107a Vukovar, Osnovnoj \u0161koli Nikole Tesle Mirkovci, Ekonomskoj \u0161koli Vukovar, Tehni\u010dkoj \u0161koli Ru\u0111era Bo\u0161kovi\u0107a Vinkovci te Obrtni\u010dko-industrijskoj \u0161koli \u017dupanja, odr\u017eane radionice pod nazivom \u201cNa\u0161e \u0161kolonterske akcije\u201d. Iste su vodile trenerice iz PRONI Centra za socijalno podu\u010davanje, koje su zajedno s \u010dlanovi \u0161kolskih volonterskih klubova radile na planiranju i pripremi \u0161kolskih volonterskih akcija koje \u0107e se do kraja polugodi\u0161ta organizirati u \u0161kolama u okviru istoimenog projekta.<\/p>\n<p><a href=\"https:\/\/proni.hr\/old.proni.hr\/wp-content\/uploads\/2018\/05\/Izobrazba-Na\u0161e-\u0161kolonterske-akcije-O\u0160-Nikole-Tesle-Mirkovci-3.jpg\"><img loading=\"lazy\" decoding=\"async\" class=\"aligncenter wp-image-4415\" src=\"https:\/\/proni.hr\/old.proni.hr\/wp-content\/uploads\/2018\/05\/Izobrazba-Na\u0161e-\u0161kolonterske-akcije-O\u0160-Nikole-Tesle-Mirkovci-3-300x225.jpg\" alt=\"Izobrazba Na\u0161e \u0161kolonterske akcije - O\u0160 Nikole Tesle Mirkovci (3)\" width=\"451\" height=\"338\" srcset=\"https:\/\/proni.hr\/old.proni.hr\/wp-content\/uploads\/2018\/05\/Izobrazba-Na\u0161e-\u0161kolonterske-akcije-O\u0160-Nikole-Tesle-Mirkovci-3-300x225.jpg 300w, https:\/\/proni.hr\/old.proni.hr\/wp-content\/uploads\/2018\/05\/Izobrazba-Na\u0161e-\u0161kolonterske-akcije-O\u0160-Nikole-Tesle-Mirkovci-3-768x576.jpg 768w, https:\/\/proni.hr\/old.proni.hr\/wp-content\/uploads\/2018\/05\/Izobrazba-Na\u0161e-\u0161kolonterske-akcije-O\u0160-Nikole-Tesle-Mirkovci-3.jpg 1024w, https:\/\/proni.hr\/old.proni.hr\/wp-content\/uploads\/2018\/05\/Izobrazba-Na\u0161e-\u0161kolonterske-akcije-O\u0160-Nikole-Tesle-Mirkovci-3-600x450.jpg 600w, https:\/\/proni.hr\/old.proni.hr\/wp-content\/uploads\/2018\/05\/Izobrazba-Na\u0161e-\u0161kolonterske-akcije-O\u0160-Nikole-Tesle-Mirkovci-3-213x160.jpg 213w\" sizes=\"(max-width: 451px) 100vw, 451px\" \/><\/a><\/p>\n<p><a href=\"https:\/\/proni.hr\/old.proni.hr\/wp-content\/uploads\/2018\/05\/Izobrazba-Na\u0161e-\u0161kolonterske-akcije-O\u0160-Nikole-Tesle-Mirkovci-1.jpg\"><img loading=\"lazy\" decoding=\"async\" class=\"aligncenter wp-image-4414\" src=\"https:\/\/proni.hr\/old.proni.hr\/wp-content\/uploads\/2018\/05\/Izobrazba-Na\u0161e-\u0161kolonterske-akcije-O\u0160-Nikole-Tesle-Mirkovci-1-300x169.jpg\" alt=\"Izobrazba Na\u0161e \u0161kolonterske akcije - O\u0160 Nikole Tesle Mirkovci (1)\" width=\"451\" height=\"254\" srcset=\"https:\/\/proni.hr\/old.proni.hr\/wp-content\/uploads\/2018\/05\/Izobrazba-Na\u0161e-\u0161kolonterske-akcije-O\u0160-Nikole-Tesle-Mirkovci-1-300x169.jpg 300w, https:\/\/proni.hr\/old.proni.hr\/wp-content\/uploads\/2018\/05\/Izobrazba-Na\u0161e-\u0161kolonterske-akcije-O\u0160-Nikole-Tesle-Mirkovci-1-768x432.jpg 768w, https:\/\/proni.hr\/old.proni.hr\/wp-content\/uploads\/2018\/05\/Izobrazba-Na\u0161e-\u0161kolonterske-akcije-O\u0160-Nikole-Tesle-Mirkovci-1.jpg 1024w, https:\/\/proni.hr\/old.proni.hr\/wp-content\/uploads\/2018\/05\/Izobrazba-Na\u0161e-\u0161kolonterske-akcije-O\u0160-Nikole-Tesle-Mirkovci-1-600x338.jpg 600w, https:\/\/proni.hr\/old.proni.hr\/wp-content\/uploads\/2018\/05\/Izobrazba-Na\u0161e-\u0161kolonterske-akcije-O\u0160-Nikole-Tesle-Mirkovci-1-280x158.jpg 280w\" sizes=\"(max-width: 451px) 100vw, 451px\" \/><\/a><\/p>\n<p><a href=\"https:\/\/proni.hr\/old.proni.hr\/wp-content\/uploads\/2018\/05\/Izobrazba-Na\u0161e-\u0161kolonterske-akcije-Ekonomska-\u0161kola-Vukovar-7.jpg\"><img loading=\"lazy\" decoding=\"async\" class=\"aligncenter wp-image-4413\" src=\"https:\/\/proni.hr\/old.proni.hr\/wp-content\/uploads\/2018\/05\/Izobrazba-Na\u0161e-\u0161kolonterske-akcije-Ekonomska-\u0161kola-Vukovar-7-300x225.jpg\" alt=\"Izobrazba Na\u0161e \u0161kolonterske akcije - Ekonomska \u0161kola Vukovar (7)\" width=\"451\" height=\"338\" srcset=\"https:\/\/proni.hr\/old.proni.hr\/wp-content\/uploads\/2018\/05\/Izobrazba-Na\u0161e-\u0161kolonterske-akcije-Ekonomska-\u0161kola-Vukovar-7-300x225.jpg 300w, https:\/\/proni.hr\/old.proni.hr\/wp-content\/uploads\/2018\/05\/Izobrazba-Na\u0161e-\u0161kolonterske-akcije-Ekonomska-\u0161kola-Vukovar-7-768x576.jpg 768w, https:\/\/proni.hr\/old.proni.hr\/wp-content\/uploads\/2018\/05\/Izobrazba-Na\u0161e-\u0161kolonterske-akcije-Ekonomska-\u0161kola-Vukovar-7.jpg 1024w, https:\/\/proni.hr\/old.proni.hr\/wp-content\/uploads\/2018\/05\/Izobrazba-Na\u0161e-\u0161kolonterske-akcije-Ekonomska-\u0161kola-Vukovar-7-600x450.jpg 600w, https:\/\/proni.hr\/old.proni.hr\/wp-content\/uploads\/2018\/05\/Izobrazba-Na\u0161e-\u0161kolonterske-akcije-Ekonomska-\u0161kola-Vukovar-7-213x160.jpg 213w\" sizes=\"(max-width: 451px) 100vw, 451px\" \/><\/a><\/p>\n<p><a href=\"https:\/\/proni.hr\/old.proni.hr\/wp-content\/uploads\/2018\/05\/Izobrazba-Na\u0161e-\u0161kolonterske-akcije-Ekonomska-\u0161kola-Vukovar-5.jpg\"><img loading=\"lazy\" decoding=\"async\" class=\"aligncenter wp-image-4411\" src=\"https:\/\/proni.hr\/old.proni.hr\/wp-content\/uploads\/2018\/05\/Izobrazba-Na\u0161e-\u0161kolonterske-akcije-Ekonomska-\u0161kola-Vukovar-5-300x225.jpg\" alt=\"Izobrazba Na\u0161e \u0161kolonterske akcije - Ekonomska \u0161kola Vukovar (5)\" width=\"451\" height=\"338\" srcset=\"https:\/\/proni.hr\/old.proni.hr\/wp-content\/uploads\/2018\/05\/Izobrazba-Na\u0161e-\u0161kolonterske-akcije-Ekonomska-\u0161kola-Vukovar-5-300x225.jpg 300w, https:\/\/proni.hr\/old.proni.hr\/wp-content\/uploads\/2018\/05\/Izobrazba-Na\u0161e-\u0161kolonterske-akcije-Ekonomska-\u0161kola-Vukovar-5-768x576.jpg 768w, https:\/\/proni.hr\/old.proni.hr\/wp-content\/uploads\/2018\/05\/Izobrazba-Na\u0161e-\u0161kolonterske-akcije-Ekonomska-\u0161kola-Vukovar-5.jpg 1024w, https:\/\/proni.hr\/old.proni.hr\/wp-content\/uploads\/2018\/05\/Izobrazba-Na\u0161e-\u0161kolonterske-akcije-Ekonomska-\u0161kola-Vukovar-5-600x450.jpg 600w, https:\/\/proni.hr\/old.proni.hr\/wp-content\/uploads\/2018\/05\/Izobrazba-Na\u0161e-\u0161kolonterske-akcije-Ekonomska-\u0161kola-Vukovar-5-213x160.jpg 213w\" sizes=\"(max-width: 451px) 100vw, 451px\" \/><\/a><\/p>\n<p><a href=\"https:\/\/proni.hr\/old.proni.hr\/wp-content\/uploads\/2018\/05\/Izobrazba-Na\u0161e-\u0161kolonterske-akcije-Ekonomska-\u0161kola-Vukovar-4.jpg\"><img loading=\"lazy\" decoding=\"async\" class=\"aligncenter wp-image-4410\" src=\"https:\/\/proni.hr\/old.proni.hr\/wp-content\/uploads\/2018\/05\/Izobrazba-Na\u0161e-\u0161kolonterske-akcije-Ekonomska-\u0161kola-Vukovar-4-300x225.jpg\" alt=\"Izobrazba Na\u0161e \u0161kolonterske akcije - Ekonomska \u0161kola Vukovar (4)\" width=\"452\" height=\"339\" srcset=\"https:\/\/proni.hr\/old.proni.hr\/wp-content\/uploads\/2018\/05\/Izobrazba-Na\u0161e-\u0161kolonterske-akcije-Ekonomska-\u0161kola-Vukovar-4-300x225.jpg 300w, https:\/\/proni.hr\/old.proni.hr\/wp-content\/uploads\/2018\/05\/Izobrazba-Na\u0161e-\u0161kolonterske-akcije-Ekonomska-\u0161kola-Vukovar-4-768x576.jpg 768w, https:\/\/proni.hr\/old.proni.hr\/wp-content\/uploads\/2018\/05\/Izobrazba-Na\u0161e-\u0161kolonterske-akcije-Ekonomska-\u0161kola-Vukovar-4.jpg 1024w, https:\/\/proni.hr\/old.proni.hr\/wp-content\/uploads\/2018\/05\/Izobrazba-Na\u0161e-\u0161kolonterske-akcije-Ekonomska-\u0161kola-Vukovar-4-600x450.jpg 600w, https:\/\/proni.hr\/old.proni.hr\/wp-content\/uploads\/2018\/05\/Izobrazba-Na\u0161e-\u0161kolonterske-akcije-Ekonomska-\u0161kola-Vukovar-4-213x160.jpg 213w\" sizes=\"(max-width: 452px) 100vw, 452px\" \/><\/a><\/p>\n<p><a href=\"https:\/\/proni.hr\/old.proni.hr\/wp-content\/uploads\/2018\/05\/Izobrazba-Na\u0161e-\u0161kolonterske-akcije-\u017dupanja-3.jpg\"><img loading=\"lazy\" decoding=\"async\" class=\"aligncenter wp-image-4407\" src=\"https:\/\/proni.hr\/old.proni.hr\/wp-content\/uploads\/2018\/05\/Izobrazba-Na\u0161e-\u0161kolonterske-akcije-\u017dupanja-3-300x225.jpg\" alt=\"Izobrazba Na\u0161e \u0161kolonterske akcije - \u017dupanja (3)\" width=\"451\" height=\"338\" srcset=\"https:\/\/proni.hr\/old.proni.hr\/wp-content\/uploads\/2018\/05\/Izobrazba-Na\u0161e-\u0161kolonterske-akcije-\u017dupanja-3-300x225.jpg 300w, https:\/\/proni.hr\/old.proni.hr\/wp-content\/uploads\/2018\/05\/Izobrazba-Na\u0161e-\u0161kolonterske-akcije-\u017dupanja-3-768x576.jpg 768w, https:\/\/proni.hr\/old.proni.hr\/wp-content\/uploads\/2018\/05\/Izobrazba-Na\u0161e-\u0161kolonterske-akcije-\u017dupanja-3.jpg 1024w, https:\/\/proni.hr\/old.proni.hr\/wp-content\/uploads\/2018\/05\/Izobrazba-Na\u0161e-\u0161kolonterske-akcije-\u017dupanja-3-600x450.jpg 600w, https:\/\/proni.hr\/old.proni.hr\/wp-content\/uploads\/2018\/05\/Izobrazba-Na\u0161e-\u0161kolonterske-akcije-\u017dupanja-3-213x160.jpg 213w\" sizes=\"(max-width: 451px) 100vw, 451px\" \/><\/a><\/p>\n<p><a href=\"https:\/\/proni.hr\/old.proni.hr\/wp-content\/uploads\/2018\/05\/Izobrazba-Na\u0161e-\u0161kolonterske-akcije-\u017dupanja.jpg\"><img loading=\"lazy\" decoding=\"async\" class=\"aligncenter  wp-image-4418\" src=\"https:\/\/proni.hr\/old.proni.hr\/wp-content\/uploads\/2018\/05\/Izobrazba-Na\u0161e-\u0161kolonterske-akcije-\u017dupanja-300x225.jpg\" alt=\"Izobrazba Na\u0161e \u0161kolonterske akcije - \u017dupanja\" width=\"451\" height=\"338\" srcset=\"https:\/\/proni.hr\/old.proni.hr\/wp-content\/uploads\/2018\/05\/Izobrazba-Na\u0161e-\u0161kolonterske-akcije-\u017dupanja-300x225.jpg 300w, https:\/\/proni.hr\/old.proni.hr\/wp-content\/uploads\/2018\/05\/Izobrazba-Na\u0161e-\u0161kolonterske-akcije-\u017dupanja-768x576.jpg 768w, https:\/\/proni.hr\/old.proni.hr\/wp-content\/uploads\/2018\/05\/Izobrazba-Na\u0161e-\u0161kolonterske-akcije-\u017dupanja.jpg 1024w, https:\/\/proni.hr\/old.proni.hr\/wp-content\/uploads\/2018\/05\/Izobrazba-Na\u0161e-\u0161kolonterske-akcije-\u017dupanja-600x450.jpg 600w, https:\/\/proni.hr\/old.proni.hr\/wp-content\/uploads\/2018\/05\/Izobrazba-Na\u0161e-\u0161kolonterske-akcije-\u017dupanja-213x160.jpg 213w\" sizes=\"(max-width: 451px) 100vw, 451px\" \/><\/a><\/p>\n<p><a href=\"https:\/\/proni.hr\/old.proni.hr\/wp-content\/uploads\/2018\/05\/O\u0160-Nikole-Andri\u0107a-11.jpg\"><img loading=\"lazy\" decoding=\"async\" class=\"aligncenter wp-image-4406\" src=\"https:\/\/proni.hr\/old.proni.hr\/wp-content\/uploads\/2018\/05\/O\u0160-Nikole-Andri\u0107a-11-300x169.jpg\" alt=\"O\u0160 Nikole Andri\u0107a (11)\" width=\"451\" height=\"254\" srcset=\"https:\/\/proni.hr\/old.proni.hr\/wp-content\/uploads\/2018\/05\/O\u0160-Nikole-Andri\u0107a-11-300x169.jpg 300w, https:\/\/proni.hr\/old.proni.hr\/wp-content\/uploads\/2018\/05\/O\u0160-Nikole-Andri\u0107a-11-768x432.jpg 768w, https:\/\/proni.hr\/old.proni.hr\/wp-content\/uploads\/2018\/05\/O\u0160-Nikole-Andri\u0107a-11.jpg 1024w, https:\/\/proni.hr\/old.proni.hr\/wp-content\/uploads\/2018\/05\/O\u0160-Nikole-Andri\u0107a-11-600x338.jpg 600w, https:\/\/proni.hr\/old.proni.hr\/wp-content\/uploads\/2018\/05\/O\u0160-Nikole-Andri\u0107a-11-280x158.jpg 280w\" sizes=\"(max-width: 451px) 100vw, 451px\" \/><\/a><\/p>\n<p><a href=\"https:\/\/proni.hr\/old.proni.hr\/wp-content\/uploads\/2018\/05\/O\u0160-Nikole-Andri\u0107a-4.jpg\"><img loading=\"lazy\" decoding=\"async\" class=\"aligncenter wp-image-4405\" src=\"https:\/\/proni.hr\/old.proni.hr\/wp-content\/uploads\/2018\/05\/O\u0160-Nikole-Andri\u0107a-4-300x169.jpg\" alt=\"O\u0160 Nikole Andri\u0107a (4)\" width=\"451\" height=\"254\" srcset=\"https:\/\/proni.hr\/old.proni.hr\/wp-content\/uploads\/2018\/05\/O\u0160-Nikole-Andri\u0107a-4-300x169.jpg 300w, https:\/\/proni.hr\/old.proni.hr\/wp-content\/uploads\/2018\/05\/O\u0160-Nikole-Andri\u0107a-4-768x432.jpg 768w, https:\/\/proni.hr\/old.proni.hr\/wp-content\/uploads\/2018\/05\/O\u0160-Nikole-Andri\u0107a-4.jpg 1024w, https:\/\/proni.hr\/old.proni.hr\/wp-content\/uploads\/2018\/05\/O\u0160-Nikole-Andri\u0107a-4-600x338.jpg 600w, https:\/\/proni.hr\/old.proni.hr\/wp-content\/uploads\/2018\/05\/O\u0160-Nikole-Andri\u0107a-4-280x158.jpg 280w\" sizes=\"(max-width: 451px) 100vw, 451px\" \/><\/a><\/p>\n<p><a href=\"https:\/\/proni.hr\/old.proni.hr\/wp-content\/uploads\/2018\/05\/Izobrazba-Na\u0161e-\u0161kolonterske-akcije-Tehni\u010dka-\u0161kola-Vinkovci-3.jpg\"><img loading=\"lazy\" decoding=\"async\" class=\"aligncenter wp-image-4403\" src=\"https:\/\/proni.hr\/old.proni.hr\/wp-content\/uploads\/2018\/05\/Izobrazba-Na\u0161e-\u0161kolonterske-akcije-Tehni\u010dka-\u0161kola-Vinkovci-3-300x225.jpg\" alt=\"Izobrazba Na\u0161e \u0161kolonterske akcije - Tehni\u010dka \u0161kola Vinkovci (3)\" width=\"451\" height=\"338\" srcset=\"https:\/\/proni.hr\/old.proni.hr\/wp-content\/uploads\/2018\/05\/Izobrazba-Na\u0161e-\u0161kolonterske-akcije-Tehni\u010dka-\u0161kola-Vinkovci-3-300x225.jpg 300w, https:\/\/proni.hr\/old.proni.hr\/wp-content\/uploads\/2018\/05\/Izobrazba-Na\u0161e-\u0161kolonterske-akcije-Tehni\u010dka-\u0161kola-Vinkovci-3-768x576.jpg 768w, https:\/\/proni.hr\/old.proni.hr\/wp-content\/uploads\/2018\/05\/Izobrazba-Na\u0161e-\u0161kolonterske-akcije-Tehni\u010dka-\u0161kola-Vinkovci-3.jpg 1024w, https:\/\/proni.hr\/old.proni.hr\/wp-content\/uploads\/2018\/05\/Izobrazba-Na\u0161e-\u0161kolonterske-akcije-Tehni\u010dka-\u0161kola-Vinkovci-3-600x450.jpg 600w, https:\/\/proni.hr\/old.proni.hr\/wp-content\/uploads\/2018\/05\/Izobrazba-Na\u0161e-\u0161kolonterske-akcije-Tehni\u010dka-\u0161kola-Vinkovci-3-213x160.jpg 213w\" sizes=\"(max-width: 451px) 100vw, 451px\" \/><\/a><\/p>\n<p><a href=\"https:\/\/proni.hr\/old.proni.hr\/wp-content\/uploads\/2018\/05\/Izobrazba-Na\u0161e-\u0161kolonterske-akcije-O\u0160-Nikole-Tesle-Mirkovci-6.jpg\"><img loading=\"lazy\" decoding=\"async\" class=\"aligncenter wp-image-4402\" src=\"https:\/\/proni.hr\/old.proni.hr\/wp-content\/uploads\/2018\/05\/Izobrazba-Na\u0161e-\u0161kolonterske-akcije-O\u0160-Nikole-Tesle-Mirkovci-6-300x169.jpg\" alt=\"Izobrazba Na\u0161e \u0161kolonterske akcije - O\u0160 Nikole Tesle Mirkovci (6)\" width=\"451\" height=\"254\" srcset=\"https:\/\/proni.hr\/old.proni.hr\/wp-content\/uploads\/2018\/05\/Izobrazba-Na\u0161e-\u0161kolonterske-akcije-O\u0160-Nikole-Tesle-Mirkovci-6-300x169.jpg 300w, https:\/\/proni.hr\/old.proni.hr\/wp-content\/uploads\/2018\/05\/Izobrazba-Na\u0161e-\u0161kolonterske-akcije-O\u0160-Nikole-Tesle-Mirkovci-6-768x432.jpg 768w, https:\/\/proni.hr\/old.proni.hr\/wp-content\/uploads\/2018\/05\/Izobrazba-Na\u0161e-\u0161kolonterske-akcije-O\u0160-Nikole-Tesle-Mirkovci-6.jpg 1024w, https:\/\/proni.hr\/old.proni.hr\/wp-content\/uploads\/2018\/05\/Izobrazba-Na\u0161e-\u0161kolonterske-akcije-O\u0160-Nikole-Tesle-Mirkovci-6-600x338.jpg 600w, https:\/\/proni.hr\/old.proni.hr\/wp-content\/uploads\/2018\/05\/Izobrazba-Na\u0161e-\u0161kolonterske-akcije-O\u0160-Nikole-Tesle-Mirkovci-6-280x158.jpg 280w\" sizes=\"(max-width: 451px) 100vw, 451px\" \/><\/a><\/p>\n","protected":false},"excerpt":{"rendered":"<p>U okviru projekta \u0160kolontiranje, nastavljen je ciklus obrazovnih aktivnosti namijenjenih ja\u010danju kapaciteta \u010dlanova uspostavljenih \u0161kolskih volonterskih klubova u 10 odgojno-obrazovnih ustanova na podru\u010dju Sisa\u010dko-moslava\u010dke i Vukovarsko-srijemske \u017eupanije. Tako su, nakon provedenih izobrazbi u Sisa\u010dko-moslava\u010dkoj \u017eupaniji tijekom travnja, na red do\u0161le 2 osnovne i 3 srednje \u0161kole na podru\u010dju Vukovarsko-srijemske \u017eupanije. Stoga su po\u010detkom svibnja u [&hellip;]<\/p>\n","protected":false},"author":4,"featured_media":4412,"comment_status":"closed","ping_status":"open","sticky":false,"template":"","format":"standard","meta":{"footnotes":""},"categories":[4],"tags":[],"_links":{"self":[{"href":"https:\/\/proni.hr\/old.proni.hr\/wp-json\/wp\/v2\/posts\/4401"}],"collection":[{"href":"https:\/\/proni.hr\/old.proni.hr\/wp-json\/wp\/v2\/posts"}],"about":[{"href":"https:\/\/proni.hr\/old.proni.hr\/wp-json\/wp\/v2\/types\/post"}],"author":[{"embeddable":true,"href":"https:\/\/proni.hr\/old.proni.hr\/wp-json\/wp\/v2\/users\/4"}],"replies":[{"embeddable":true,"href":"https:\/\/proni.hr\/old.proni.hr\/wp-json\/wp\/v2\/comments?post=4401"}],"version-history":[{"count":2,"href":"https:\/\/proni.hr\/old.proni.hr\/wp-json\/wp\/v2\/posts\/4401\/revisions"}],"predecessor-version":[{"id":4419,"href":"https:\/\/proni.hr\/old.proni.hr\/wp-json\/wp\/v2\/posts\/4401\/revisions\/4419"}],"wp:featuredmedia":[{"embeddable":true,"href":"https:\/\/proni.hr\/old.proni.hr\/wp-json\/wp\/v2\/media\/4412"}],"wp:attachment":[{"href":"https:\/\/proni.hr\/old.proni.hr\/wp-json\/wp\/v2\/media?parent=4401"}],"wp:term":[{"taxonomy":"category","embeddable":true,"href":"https:\/\/proni.hr\/old.proni.hr\/wp-json\/wp\/v2\/categories?post=4401"},{"taxonomy":"post_tag","embeddable":true,"href":"https:\/\/proni.hr\/old.proni.hr\/wp-json\/wp\/v2\/tags?post=4401"}],"curies":[{"name":"wp","href":"https:\/\/api.w.org\/{rel}","templated":true}]}}