{"id":4437,"date":"2018-05-25T12:15:12","date_gmt":"2018-05-25T12:15:12","guid":{"rendered":"http:\/\/proni.hr\/?p=4437"},"modified":"2018-05-29T10:42:08","modified_gmt":"2018-05-29T10:42:08","slug":"odrzano-nekoliko-skolonterskih-akcija","status":"publish","type":"post","link":"https:\/\/proni.hr\/old.proni.hr\/odrzano-nekoliko-skolonterskih-akcija\/","title":{"rendered":"Odr\u017eano nekoliko \u0161kolonterskih akcija"},"content":{"rendered":"<p>U okviru projekta \u201c<a href=\"https:\/\/proni.hr\/old.proni.hr\/portfolio-items\/skolontiranje\/\">\u0160kolontiranje<\/a>\u201d, odr\u017eane su tri \u0161kolonterske akcije u organizaciji novoosnovanih \u0161kolskih volonterskih klubova, odnosno osnovnih i srednjih \u0161kola uklju\u010denih u provedbu projekta i PRONI Centra za socijalno podu\u010davanje.<\/p>\n<p>Tako je\u00a0 19.svibnja 2018. u Glini, u organizaciji \u0160kolskog volonterskog kluba &#8220;Manus Aperta&#8221; Srednje \u0161kole Glina, odr\u017eana \u0161kolonterska akcija &#8220;Hod za obrazovanje djece&#8221; koja je imala za cilj pru\u017eiti djeci\u00a0 priliku za obrazovanje kroz prikupljanje sredstava u svrhu osiguravanja mladim nadama da sjednu u \u0161kolske klupe, kako u Glini, tako i siroma\u0161noj Africi. U \u010detvrtak, 24. svibnja 2018. godine, u organizaciji \u0160kolskog volonterskog kluba Osnovne \u0161kole Nikole Andri\u0107a Vukovar u Vukovaru, odr\u017eana je \u0161kolonterska akcija pod nazivom &#8220;Zelena \u010distka&#8221; koja je za cilj imala, osim samog ure\u0111enja, razviti svijest kod u\u010denika o va\u017enosti \u010duvanja i ure\u0111enja okoli\u0161a, ljubavi prema prirodi i brige za na\u0161 zajedni\u010dki dom, planetu Zemlju. Posljednja akcija u ovom tjednu &#8220;Bojanje \u0161kolskih ormari\u0107a&#8221;, bila je organizirana u petak i subotu, 25. i 26. svibnja, a istu je osmislio i proveo \u0160kolski volonterski klub &#8220;Tadija&#8221; Osnovne \u0161kole Dragutina Tadijanovi\u0107a Petrinja u Petrinji. Cilj ove akcije bio je, osim samog ure\u0111enja istih i osvje\u017eavanja unutarnjeg prostora \u0161kole, podi\u0107i me\u0111u u\u010denicima osje\u0107aj ugodnosti boravka u \u0161koli.<\/p>\n<p>U \u0161kolonterskim akcijama sudjelovali su volonteri \u0160kolskih volonterskih klubova, drugi u\u010denici, roditelji i gra\u0111ani te predstavnicima lokalnih udruga i institucija.<\/p>\n<p>Ovim akcijama doprinijelo se i obilje\u017eavanju nacionalne manifestacije \u201eHrvatska volontira\u201c.<\/p>\n<p>&nbsp;<\/p>\n<p><img loading=\"lazy\" decoding=\"async\" class=\"aligncenter wp-image-4422\" src=\"https:\/\/proni.hr\/old.proni.hr\/wp-content\/uploads\/2018\/05\/\u0160kolonteri-u-akciji-Glina-9-300x168.jpg\" alt=\"\u0160kolonteri u akciji - Glina (9)\" width=\"448\" height=\"251\" srcset=\"https:\/\/proni.hr\/old.proni.hr\/wp-content\/uploads\/2018\/05\/\u0160kolonteri-u-akciji-Glina-9-300x168.jpg 300w, https:\/\/proni.hr\/old.proni.hr\/wp-content\/uploads\/2018\/05\/\u0160kolonteri-u-akciji-Glina-9.jpg 700w, https:\/\/proni.hr\/old.proni.hr\/wp-content\/uploads\/2018\/05\/\u0160kolonteri-u-akciji-Glina-9-600x337.jpg 600w, https:\/\/proni.hr\/old.proni.hr\/wp-content\/uploads\/2018\/05\/\u0160kolonteri-u-akciji-Glina-9-280x157.jpg 280w\" sizes=\"(max-width: 448px) 100vw, 448px\" \/><\/p>\n<p><a href=\"https:\/\/proni.hr\/old.proni.hr\/wp-content\/uploads\/2018\/05\/\u0160kolonteri-u-akciji-Glina-10.jpg\"><img loading=\"lazy\" decoding=\"async\" class=\"aligncenter wp-image-4423\" src=\"https:\/\/proni.hr\/old.proni.hr\/wp-content\/uploads\/2018\/05\/\u0160kolonteri-u-akciji-Glina-10-300x168.jpg\" alt=\"\u0160kolonteri u akciji - Glina (10)\" width=\"450\" height=\"252\" srcset=\"https:\/\/proni.hr\/old.proni.hr\/wp-content\/uploads\/2018\/05\/\u0160kolonteri-u-akciji-Glina-10-300x168.jpg 300w, https:\/\/proni.hr\/old.proni.hr\/wp-content\/uploads\/2018\/05\/\u0160kolonteri-u-akciji-Glina-10.jpg 700w, https:\/\/proni.hr\/old.proni.hr\/wp-content\/uploads\/2018\/05\/\u0160kolonteri-u-akciji-Glina-10-600x337.jpg 600w, https:\/\/proni.hr\/old.proni.hr\/wp-content\/uploads\/2018\/05\/\u0160kolonteri-u-akciji-Glina-10-280x157.jpg 280w\" sizes=\"(max-width: 450px) 100vw, 450px\" \/><\/a><\/p>\n<p><a href=\"https:\/\/proni.hr\/old.proni.hr\/wp-content\/uploads\/2018\/05\/\u0160kolonteri-u-akciji-Glina-11.jpg\"><img loading=\"lazy\" decoding=\"async\" class=\"aligncenter wp-image-4424\" src=\"https:\/\/proni.hr\/old.proni.hr\/wp-content\/uploads\/2018\/05\/\u0160kolonteri-u-akciji-Glina-11-300x168.jpg\" alt=\"\u0160kolonteri u akciji - Glina (11)\" width=\"450\" height=\"252\" srcset=\"https:\/\/proni.hr\/old.proni.hr\/wp-content\/uploads\/2018\/05\/\u0160kolonteri-u-akciji-Glina-11-300x168.jpg 300w, https:\/\/proni.hr\/old.proni.hr\/wp-content\/uploads\/2018\/05\/\u0160kolonteri-u-akciji-Glina-11.jpg 700w, https:\/\/proni.hr\/old.proni.hr\/wp-content\/uploads\/2018\/05\/\u0160kolonteri-u-akciji-Glina-11-600x337.jpg 600w, https:\/\/proni.hr\/old.proni.hr\/wp-content\/uploads\/2018\/05\/\u0160kolonteri-u-akciji-Glina-11-280x157.jpg 280w\" sizes=\"(max-width: 450px) 100vw, 450px\" \/><\/a><\/p>\n<p><a href=\"https:\/\/proni.hr\/old.proni.hr\/wp-content\/uploads\/2018\/05\/\u0160kolonterska-akcija-6.jpg\"><img loading=\"lazy\" decoding=\"async\" class=\"aligncenter wp-image-4430\" src=\"https:\/\/proni.hr\/old.proni.hr\/wp-content\/uploads\/2018\/05\/\u0160kolonterska-akcija-6-300x225.jpg\" alt=\"\" width=\"451\" height=\"338\" srcset=\"https:\/\/proni.hr\/old.proni.hr\/wp-content\/uploads\/2018\/05\/\u0160kolonterska-akcija-6-300x225.jpg 300w, https:\/\/proni.hr\/old.proni.hr\/wp-content\/uploads\/2018\/05\/\u0160kolonterska-akcija-6-768x576.jpg 768w, https:\/\/proni.hr\/old.proni.hr\/wp-content\/uploads\/2018\/05\/\u0160kolonterska-akcija-6.jpg 1024w, https:\/\/proni.hr\/old.proni.hr\/wp-content\/uploads\/2018\/05\/\u0160kolonterska-akcija-6-600x450.jpg 600w, https:\/\/proni.hr\/old.proni.hr\/wp-content\/uploads\/2018\/05\/\u0160kolonterska-akcija-6-213x160.jpg 213w\" sizes=\"(max-width: 451px) 100vw, 451px\" \/><\/a><\/p>\n<p><a href=\"https:\/\/proni.hr\/old.proni.hr\/wp-content\/uploads\/2018\/05\/\u0160kolonterska-akcija-7.jpg\"><img loading=\"lazy\" decoding=\"async\" class=\"aligncenter wp-image-4431\" src=\"https:\/\/proni.hr\/old.proni.hr\/wp-content\/uploads\/2018\/05\/\u0160kolonterska-akcija-7-300x225.jpg\" alt=\"\" width=\"451\" height=\"338\" srcset=\"https:\/\/proni.hr\/old.proni.hr\/wp-content\/uploads\/2018\/05\/\u0160kolonterska-akcija-7-300x225.jpg 300w, https:\/\/proni.hr\/old.proni.hr\/wp-content\/uploads\/2018\/05\/\u0160kolonterska-akcija-7-768x576.jpg 768w, https:\/\/proni.hr\/old.proni.hr\/wp-content\/uploads\/2018\/05\/\u0160kolonterska-akcija-7.jpg 1024w, https:\/\/proni.hr\/old.proni.hr\/wp-content\/uploads\/2018\/05\/\u0160kolonterska-akcija-7-600x450.jpg 600w, https:\/\/proni.hr\/old.proni.hr\/wp-content\/uploads\/2018\/05\/\u0160kolonterska-akcija-7-213x160.jpg 213w\" sizes=\"(max-width: 451px) 100vw, 451px\" \/><\/a><\/p>\n<p><a href=\"https:\/\/proni.hr\/old.proni.hr\/wp-content\/uploads\/2018\/05\/\u0160kolonterska-akcija-5.jpg\"><img loading=\"lazy\" decoding=\"async\" class=\"aligncenter wp-image-4429\" src=\"https:\/\/proni.hr\/old.proni.hr\/wp-content\/uploads\/2018\/05\/\u0160kolonterska-akcija-5-300x225.jpg\" alt=\"\" width=\"451\" height=\"338\" srcset=\"https:\/\/proni.hr\/old.proni.hr\/wp-content\/uploads\/2018\/05\/\u0160kolonterska-akcija-5-300x225.jpg 300w, https:\/\/proni.hr\/old.proni.hr\/wp-content\/uploads\/2018\/05\/\u0160kolonterska-akcija-5-768x576.jpg 768w, https:\/\/proni.hr\/old.proni.hr\/wp-content\/uploads\/2018\/05\/\u0160kolonterska-akcija-5.jpg 1024w, https:\/\/proni.hr\/old.proni.hr\/wp-content\/uploads\/2018\/05\/\u0160kolonterska-akcija-5-600x450.jpg 600w, https:\/\/proni.hr\/old.proni.hr\/wp-content\/uploads\/2018\/05\/\u0160kolonterska-akcija-5-213x160.jpg 213w\" sizes=\"(max-width: 451px) 100vw, 451px\" \/><\/a><\/p>\n<p><a href=\"https:\/\/proni.hr\/old.proni.hr\/wp-content\/uploads\/2018\/05\/\u0160kolonterska-akcija-4.jpg\"><img loading=\"lazy\" decoding=\"async\" class=\"aligncenter wp-image-4428\" src=\"https:\/\/proni.hr\/old.proni.hr\/wp-content\/uploads\/2018\/05\/\u0160kolonterska-akcija-4-300x225.jpg\" alt=\"\" width=\"451\" height=\"338\" srcset=\"https:\/\/proni.hr\/old.proni.hr\/wp-content\/uploads\/2018\/05\/\u0160kolonterska-akcija-4-300x225.jpg 300w, https:\/\/proni.hr\/old.proni.hr\/wp-content\/uploads\/2018\/05\/\u0160kolonterska-akcija-4-768x576.jpg 768w, https:\/\/proni.hr\/old.proni.hr\/wp-content\/uploads\/2018\/05\/\u0160kolonterska-akcija-4.jpg 1024w, https:\/\/proni.hr\/old.proni.hr\/wp-content\/uploads\/2018\/05\/\u0160kolonterska-akcija-4-600x450.jpg 600w, https:\/\/proni.hr\/old.proni.hr\/wp-content\/uploads\/2018\/05\/\u0160kolonterska-akcija-4-213x160.jpg 213w\" sizes=\"(max-width: 451px) 100vw, 451px\" \/><\/a><\/p>\n<p><a href=\"https:\/\/proni.hr\/old.proni.hr\/wp-content\/uploads\/2018\/05\/\u0160kolonterska-akcija-2.jpg\"><img loading=\"lazy\" decoding=\"async\" class=\"aligncenter wp-image-4426\" src=\"https:\/\/proni.hr\/old.proni.hr\/wp-content\/uploads\/2018\/05\/\u0160kolonterska-akcija-2-300x225.jpg\" alt=\"\" width=\"451\" height=\"338\" srcset=\"https:\/\/proni.hr\/old.proni.hr\/wp-content\/uploads\/2018\/05\/\u0160kolonterska-akcija-2-300x225.jpg 300w, https:\/\/proni.hr\/old.proni.hr\/wp-content\/uploads\/2018\/05\/\u0160kolonterska-akcija-2-768x576.jpg 768w, https:\/\/proni.hr\/old.proni.hr\/wp-content\/uploads\/2018\/05\/\u0160kolonterska-akcija-2.jpg 1024w, https:\/\/proni.hr\/old.proni.hr\/wp-content\/uploads\/2018\/05\/\u0160kolonterska-akcija-2-600x450.jpg 600w, https:\/\/proni.hr\/old.proni.hr\/wp-content\/uploads\/2018\/05\/\u0160kolonterska-akcija-2-213x160.jpg 213w\" sizes=\"(max-width: 451px) 100vw, 451px\" \/><\/a><\/p>\n<p><a href=\"https:\/\/proni.hr\/old.proni.hr\/wp-content\/uploads\/2018\/05\/\u0160kolonteri-u-akciji-O-D.Tadijanovi\u0107a-Petrinja-12.jpg\"><img loading=\"lazy\" decoding=\"async\" class=\"aligncenter wp-image-4443\" src=\"https:\/\/proni.hr\/old.proni.hr\/wp-content\/uploads\/2018\/05\/\u0160kolonteri-u-akciji-O-D.Tadijanovi\u0107a-Petrinja-12-300x228.jpg\" alt=\"\u0160kolonteri u akciji - O D.Tadijanovi\u0107a Petrinja (12)\" width=\"451\" height=\"343\" srcset=\"https:\/\/proni.hr\/old.proni.hr\/wp-content\/uploads\/2018\/05\/\u0160kolonteri-u-akciji-O-D.Tadijanovi\u0107a-Petrinja-12-300x228.jpg 300w, https:\/\/proni.hr\/old.proni.hr\/wp-content\/uploads\/2018\/05\/\u0160kolonteri-u-akciji-O-D.Tadijanovi\u0107a-Petrinja-12-768x584.jpg 768w, https:\/\/proni.hr\/old.proni.hr\/wp-content\/uploads\/2018\/05\/\u0160kolonteri-u-akciji-O-D.Tadijanovi\u0107a-Petrinja-12.jpg 1024w, https:\/\/proni.hr\/old.proni.hr\/wp-content\/uploads\/2018\/05\/\u0160kolonteri-u-akciji-O-D.Tadijanovi\u0107a-Petrinja-12-180x138.jpg 180w, https:\/\/proni.hr\/old.proni.hr\/wp-content\/uploads\/2018\/05\/\u0160kolonteri-u-akciji-O-D.Tadijanovi\u0107a-Petrinja-12-600x456.jpg 600w, https:\/\/proni.hr\/old.proni.hr\/wp-content\/uploads\/2018\/05\/\u0160kolonteri-u-akciji-O-D.Tadijanovi\u0107a-Petrinja-12-210x160.jpg 210w\" sizes=\"(max-width: 451px) 100vw, 451px\" \/><\/a><\/p>\n<p><a href=\"https:\/\/proni.hr\/old.proni.hr\/wp-content\/uploads\/2018\/05\/\u0160kolonteri-u-akciji-O-D.Tadijanovi\u0107a-Petrinja-7.jpg\"><img loading=\"lazy\" decoding=\"async\" class=\"aligncenter wp-image-4442\" src=\"https:\/\/proni.hr\/old.proni.hr\/wp-content\/uploads\/2018\/05\/\u0160kolonteri-u-akciji-O-D.Tadijanovi\u0107a-Petrinja-7-300x146.jpg\" alt=\"\u0160kolonteri u akciji - O D.Tadijanovi\u0107a Petrinja (7)\" width=\"450\" height=\"219\" srcset=\"https:\/\/proni.hr\/old.proni.hr\/wp-content\/uploads\/2018\/05\/\u0160kolonteri-u-akciji-O-D.Tadijanovi\u0107a-Petrinja-7-300x146.jpg 300w, https:\/\/proni.hr\/old.proni.hr\/wp-content\/uploads\/2018\/05\/\u0160kolonteri-u-akciji-O-D.Tadijanovi\u0107a-Petrinja-7-768x374.jpg 768w, https:\/\/proni.hr\/old.proni.hr\/wp-content\/uploads\/2018\/05\/\u0160kolonteri-u-akciji-O-D.Tadijanovi\u0107a-Petrinja-7.jpg 1024w, https:\/\/proni.hr\/old.proni.hr\/wp-content\/uploads\/2018\/05\/\u0160kolonteri-u-akciji-O-D.Tadijanovi\u0107a-Petrinja-7-600x292.jpg 600w, https:\/\/proni.hr\/old.proni.hr\/wp-content\/uploads\/2018\/05\/\u0160kolonteri-u-akciji-O-D.Tadijanovi\u0107a-Petrinja-7-280x136.jpg 280w\" sizes=\"(max-width: 450px) 100vw, 450px\" \/><\/a><\/p>\n<p><a href=\"https:\/\/proni.hr\/old.proni.hr\/wp-content\/uploads\/2018\/05\/\u0160kolonteri-u-akciji-O-D.Tadijanovi\u0107a-Petrinja-2.jpg\"><img loading=\"lazy\" decoding=\"async\" class=\"aligncenter wp-image-4441\" src=\"https:\/\/proni.hr\/old.proni.hr\/wp-content\/uploads\/2018\/05\/\u0160kolonteri-u-akciji-O-D.Tadijanovi\u0107a-Petrinja-2-300x298.jpg\" alt=\"\u0160kolonteri u akciji - O D.Tadijanovi\u0107a Petrinja (2)\" width=\"450\" height=\"447\" srcset=\"https:\/\/proni.hr\/old.proni.hr\/wp-content\/uploads\/2018\/05\/\u0160kolonteri-u-akciji-O-D.Tadijanovi\u0107a-Petrinja-2-300x298.jpg 300w, https:\/\/proni.hr\/old.proni.hr\/wp-content\/uploads\/2018\/05\/\u0160kolonteri-u-akciji-O-D.Tadijanovi\u0107a-Petrinja-2-150x150.jpg 150w, https:\/\/proni.hr\/old.proni.hr\/wp-content\/uploads\/2018\/05\/\u0160kolonteri-u-akciji-O-D.Tadijanovi\u0107a-Petrinja-2-768x763.jpg 768w, https:\/\/proni.hr\/old.proni.hr\/wp-content\/uploads\/2018\/05\/\u0160kolonteri-u-akciji-O-D.Tadijanovi\u0107a-Petrinja-2.jpg 1024w, https:\/\/proni.hr\/old.proni.hr\/wp-content\/uploads\/2018\/05\/\u0160kolonteri-u-akciji-O-D.Tadijanovi\u0107a-Petrinja-2-66x66.jpg 66w, https:\/\/proni.hr\/old.proni.hr\/wp-content\/uploads\/2018\/05\/\u0160kolonteri-u-akciji-O-D.Tadijanovi\u0107a-Petrinja-2-600x596.jpg 600w, https:\/\/proni.hr\/old.proni.hr\/wp-content\/uploads\/2018\/05\/\u0160kolonteri-u-akciji-O-D.Tadijanovi\u0107a-Petrinja-2-161x160.jpg 161w\" sizes=\"(max-width: 450px) 100vw, 450px\" \/><\/a><\/p>\n","protected":false},"excerpt":{"rendered":"<p>U okviru projekta \u201c\u0160kolontiranje\u201d, odr\u017eane su tri \u0161kolonterske akcije u organizaciji novoosnovanih \u0161kolskih volonterskih klubova, odnosno osnovnih i srednjih \u0161kola uklju\u010denih u provedbu projekta i PRONI Centra za socijalno podu\u010davanje. Tako je\u00a0 19.svibnja 2018. u Glini, u organizaciji \u0160kolskog volonterskog kluba &#8220;Manus Aperta&#8221; Srednje \u0161kole Glina, odr\u017eana \u0161kolonterska akcija &#8220;Hod za obrazovanje djece&#8221; koja je [&hellip;]<\/p>\n","protected":false},"author":4,"featured_media":4425,"comment_status":"closed","ping_status":"open","sticky":false,"template":"","format":"standard","meta":{"footnotes":""},"categories":[4],"tags":[],"_links":{"self":[{"href":"https:\/\/proni.hr\/old.proni.hr\/wp-json\/wp\/v2\/posts\/4437"}],"collection":[{"href":"https:\/\/proni.hr\/old.proni.hr\/wp-json\/wp\/v2\/posts"}],"about":[{"href":"https:\/\/proni.hr\/old.proni.hr\/wp-json\/wp\/v2\/types\/post"}],"author":[{"embeddable":true,"href":"https:\/\/proni.hr\/old.proni.hr\/wp-json\/wp\/v2\/users\/4"}],"replies":[{"embeddable":true,"href":"https:\/\/proni.hr\/old.proni.hr\/wp-json\/wp\/v2\/comments?post=4437"}],"version-history":[{"count":4,"href":"https:\/\/proni.hr\/old.proni.hr\/wp-json\/wp\/v2\/posts\/4437\/revisions"}],"predecessor-version":[{"id":4444,"href":"https:\/\/proni.hr\/old.proni.hr\/wp-json\/wp\/v2\/posts\/4437\/revisions\/4444"}],"wp:featuredmedia":[{"embeddable":true,"href":"https:\/\/proni.hr\/old.proni.hr\/wp-json\/wp\/v2\/media\/4425"}],"wp:attachment":[{"href":"https:\/\/proni.hr\/old.proni.hr\/wp-json\/wp\/v2\/media?parent=4437"}],"wp:term":[{"taxonomy":"category","embeddable":true,"href":"https:\/\/proni.hr\/old.proni.hr\/wp-json\/wp\/v2\/categories?post=4437"},{"taxonomy":"post_tag","embeddable":true,"href":"https:\/\/proni.hr\/old.proni.hr\/wp-json\/wp\/v2\/tags?post=4437"}],"curies":[{"name":"wp","href":"https:\/\/api.w.org\/{rel}","templated":true}]}}