{"id":4496,"date":"2018-06-01T11:21:05","date_gmt":"2018-06-01T11:21:05","guid":{"rendered":"http:\/\/proni.hr\/?p=4496"},"modified":"2018-07-04T09:30:48","modified_gmt":"2018-07-04T09:30:48","slug":"zvrk-ovci-u-skolonterskoj-akciji","status":"publish","type":"post","link":"https:\/\/proni.hr\/old.proni.hr\/zvrk-ovci-u-skolonterskoj-akciji\/","title":{"rendered":"Zvrk-ovci u \u0161kolonterskoj akciji"},"content":{"rendered":"<p>Potkraj mjeseca svibnja i po\u010detkom mjeseca lipnja odr\u017eana je \u0161kolonterska akcija u Tehni\u010dkoj \u0161koli Ru\u0111era Bo\u0161kovi\u0107a u Vinkovcima. Tako su u organizaciji \u0160kolskog volonterskog kluba \u201eZvrk\u201c istoimene \u0161kole, \u010dlanovi tog kluba, ali i njihovi koordinatori i drugo \u0161kolsko osoblje u neposrednoj blizini \u0161kole &#8211; na \u0161kolskim sportskim terenima poznati kao Nonini tereni, ure\u0111ivali dio terena te postavljali nove sprave za vje\u017ebanje. Ovom akcijom unaprijedila se kvaliteta provedbe nastave, prije svega tjelesnog odgoja, ali se i doprinijelo razvoju lokalne zajednice, budu\u0107i da ove terene posje\u0107uju i koriste gra\u0111ani tog dijela grada. INa\u010de, ova akcija organizirana je u okviru projekta &#8220;<a href=\"https:\/\/proni.hr\/old.proni.hr\/portfolio-items\/skolontiranje\/\">\u0160kolontiranje<\/a>&#8221; u kojemu Tehni\u010dka \u0161kola Ru\u0111era Bo\u0161kovi\u0107a Vinkovci sudjeluje kao suradni\u010dka odgojno-obrazovna ustanova.<\/p>\n<p><a href=\"https:\/\/proni.hr\/old.proni.hr\/wp-content\/uploads\/2018\/07\/\u0160kolonteri-u-akciji-Tehni\u010dka-\u0161kola-Vinkovci-1.jpg\"><img loading=\"lazy\" decoding=\"async\" class=\"aligncenter wp-image-4497\" src=\"https:\/\/proni.hr\/old.proni.hr\/wp-content\/uploads\/2018\/07\/\u0160kolonteri-u-akciji-Tehni\u010dka-\u0161kola-Vinkovci-1-300x225.jpg\" alt=\"\u0160kolonteri u akciji - Tehni\u010dka \u0161kola Vinkovci (1)\" width=\"499\" height=\"374\" srcset=\"https:\/\/proni.hr\/old.proni.hr\/wp-content\/uploads\/2018\/07\/\u0160kolonteri-u-akciji-Tehni\u010dka-\u0161kola-Vinkovci-1-300x225.jpg 300w, https:\/\/proni.hr\/old.proni.hr\/wp-content\/uploads\/2018\/07\/\u0160kolonteri-u-akciji-Tehni\u010dka-\u0161kola-Vinkovci-1-768x576.jpg 768w, https:\/\/proni.hr\/old.proni.hr\/wp-content\/uploads\/2018\/07\/\u0160kolonteri-u-akciji-Tehni\u010dka-\u0161kola-Vinkovci-1.jpg 1024w, https:\/\/proni.hr\/old.proni.hr\/wp-content\/uploads\/2018\/07\/\u0160kolonteri-u-akciji-Tehni\u010dka-\u0161kola-Vinkovci-1-600x450.jpg 600w, https:\/\/proni.hr\/old.proni.hr\/wp-content\/uploads\/2018\/07\/\u0160kolonteri-u-akciji-Tehni\u010dka-\u0161kola-Vinkovci-1-213x160.jpg 213w\" sizes=\"(max-width: 499px) 100vw, 499px\" \/><\/a><\/p>\n<p><a href=\"https:\/\/proni.hr\/old.proni.hr\/wp-content\/uploads\/2018\/07\/\u0160kolonteri-u-akciji-Tehni\u010dka-\u0161kola-Vinkovci-2.jpg\"><img loading=\"lazy\" decoding=\"async\" class=\"aligncenter wp-image-4498\" src=\"https:\/\/proni.hr\/old.proni.hr\/wp-content\/uploads\/2018\/07\/\u0160kolonteri-u-akciji-Tehni\u010dka-\u0161kola-Vinkovci-2-300x200.jpg\" alt=\"\u0160kolonteri u akciji - Tehni\u010dka \u0161kola Vinkovci (2)\" width=\"500\" height=\"333\" srcset=\"https:\/\/proni.hr\/old.proni.hr\/wp-content\/uploads\/2018\/07\/\u0160kolonteri-u-akciji-Tehni\u010dka-\u0161kola-Vinkovci-2-300x200.jpg 300w, https:\/\/proni.hr\/old.proni.hr\/wp-content\/uploads\/2018\/07\/\u0160kolonteri-u-akciji-Tehni\u010dka-\u0161kola-Vinkovci-2-768x512.jpg 768w, https:\/\/proni.hr\/old.proni.hr\/wp-content\/uploads\/2018\/07\/\u0160kolonteri-u-akciji-Tehni\u010dka-\u0161kola-Vinkovci-2.jpg 1024w, https:\/\/proni.hr\/old.proni.hr\/wp-content\/uploads\/2018\/07\/\u0160kolonteri-u-akciji-Tehni\u010dka-\u0161kola-Vinkovci-2-600x400.jpg 600w, https:\/\/proni.hr\/old.proni.hr\/wp-content\/uploads\/2018\/07\/\u0160kolonteri-u-akciji-Tehni\u010dka-\u0161kola-Vinkovci-2-240x160.jpg 240w\" sizes=\"(max-width: 500px) 100vw, 500px\" \/><\/a><\/p>\n<p><a href=\"https:\/\/proni.hr\/old.proni.hr\/wp-content\/uploads\/2018\/07\/\u0160kolonteri-u-akciji-Tehni\u010dka-\u0161kola-Vinkovci-4.jpg\"><img loading=\"lazy\" decoding=\"async\" class=\"aligncenter wp-image-4499\" src=\"https:\/\/proni.hr\/old.proni.hr\/wp-content\/uploads\/2018\/07\/\u0160kolonteri-u-akciji-Tehni\u010dka-\u0161kola-Vinkovci-4-300x199.jpg\" alt=\"\u0160kolonteri u akciji - Tehni\u010dka \u0161kola Vinkovci (4)\" width=\"499\" height=\"331\" srcset=\"https:\/\/proni.hr\/old.proni.hr\/wp-content\/uploads\/2018\/07\/\u0160kolonteri-u-akciji-Tehni\u010dka-\u0161kola-Vinkovci-4-300x199.jpg 300w, https:\/\/proni.hr\/old.proni.hr\/wp-content\/uploads\/2018\/07\/\u0160kolonteri-u-akciji-Tehni\u010dka-\u0161kola-Vinkovci-4-768x510.jpg 768w, https:\/\/proni.hr\/old.proni.hr\/wp-content\/uploads\/2018\/07\/\u0160kolonteri-u-akciji-Tehni\u010dka-\u0161kola-Vinkovci-4.jpg 1024w, https:\/\/proni.hr\/old.proni.hr\/wp-content\/uploads\/2018\/07\/\u0160kolonteri-u-akciji-Tehni\u010dka-\u0161kola-Vinkovci-4-600x398.jpg 600w, https:\/\/proni.hr\/old.proni.hr\/wp-content\/uploads\/2018\/07\/\u0160kolonteri-u-akciji-Tehni\u010dka-\u0161kola-Vinkovci-4-241x160.jpg 241w\" sizes=\"(max-width: 499px) 100vw, 499px\" \/><\/a><\/p>\n","protected":false},"excerpt":{"rendered":"<p>Potkraj mjeseca svibnja i po\u010detkom mjeseca lipnja odr\u017eana je \u0161kolonterska akcija u Tehni\u010dkoj \u0161koli Ru\u0111era Bo\u0161kovi\u0107a u Vinkovcima. Tako su u organizaciji \u0160kolskog volonterskog kluba \u201eZvrk\u201c istoimene \u0161kole, \u010dlanovi tog kluba, ali i njihovi koordinatori i drugo \u0161kolsko osoblje u neposrednoj blizini \u0161kole &#8211; na \u0161kolskim sportskim terenima poznati kao Nonini tereni, ure\u0111ivali dio terena [&hellip;]<\/p>\n","protected":false},"author":4,"featured_media":4500,"comment_status":"closed","ping_status":"open","sticky":false,"template":"","format":"standard","meta":{"footnotes":""},"categories":[4],"tags":[],"_links":{"self":[{"href":"https:\/\/proni.hr\/old.proni.hr\/wp-json\/wp\/v2\/posts\/4496"}],"collection":[{"href":"https:\/\/proni.hr\/old.proni.hr\/wp-json\/wp\/v2\/posts"}],"about":[{"href":"https:\/\/proni.hr\/old.proni.hr\/wp-json\/wp\/v2\/types\/post"}],"author":[{"embeddable":true,"href":"https:\/\/proni.hr\/old.proni.hr\/wp-json\/wp\/v2\/users\/4"}],"replies":[{"embeddable":true,"href":"https:\/\/proni.hr\/old.proni.hr\/wp-json\/wp\/v2\/comments?post=4496"}],"version-history":[{"count":2,"href":"https:\/\/proni.hr\/old.proni.hr\/wp-json\/wp\/v2\/posts\/4496\/revisions"}],"predecessor-version":[{"id":4502,"href":"https:\/\/proni.hr\/old.proni.hr\/wp-json\/wp\/v2\/posts\/4496\/revisions\/4502"}],"wp:featuredmedia":[{"embeddable":true,"href":"https:\/\/proni.hr\/old.proni.hr\/wp-json\/wp\/v2\/media\/4500"}],"wp:attachment":[{"href":"https:\/\/proni.hr\/old.proni.hr\/wp-json\/wp\/v2\/media?parent=4496"}],"wp:term":[{"taxonomy":"category","embeddable":true,"href":"https:\/\/proni.hr\/old.proni.hr\/wp-json\/wp\/v2\/categories?post=4496"},{"taxonomy":"post_tag","embeddable":true,"href":"https:\/\/proni.hr\/old.proni.hr\/wp-json\/wp\/v2\/tags?post=4496"}],"curies":[{"name":"wp","href":"https:\/\/api.w.org\/{rel}","templated":true}]}}