{"id":4523,"date":"2018-07-20T09:52:51","date_gmt":"2018-07-20T09:52:51","guid":{"rendered":"http:\/\/proni.hr\/?p=4523"},"modified":"2018-07-20T09:55:07","modified_gmt":"2018-07-20T09:55:07","slug":"odrzan-kamp-za-mlade-u-osijeku","status":"publish","type":"post","link":"https:\/\/proni.hr\/old.proni.hr\/odrzan-kamp-za-mlade-u-osijeku\/","title":{"rendered":"Odr\u017ean kamp za mlade u Osijeku"},"content":{"rendered":"<p>U razdoblju od 27. do 30. lipnja 2018. godine u Osijeku, uspje\u0161no je proveden program Uvodnog kampa pod nazivom \u201ePokretne slike umjetnosti i kulture\u201c u okviru istoimenog <a href=\"https:\/\/proni.hr\/old.proni.hr\/portfolio-items\/projekt-pokretne-slike-umjetnosti-i-kulture\/\">projekta<\/a>.<\/p>\n<p>Uvodni kamp bio je namijenjen povezivanju mladih koji su se do sada odlu\u010dili sudjelovati u projektnim aktivnostima u podru\u010dju kulture i umjetnosti mladih. Program kampa obuhvatio je predivne mogu\u0107nosti za upoznavanje mladih s kulturom, umjetnosti te posebice za informiranje o postoje\u0107im projektima u na\u0161oj regiji. Tako su mladi (njih 50tak) uz voditelje, volontere i goste programa Kampa, imali priliku posjetiti razli\u010dite udruge i projekte u kulturi, \u010duti zanimljiva predavanja i prezentacije onih koji kulturu u na\u0161em gradu i regiji stvaraju te sudjelovati u nekoliko radionica za razvoj njihovih konkretnih vje\u0161tina. Tako se u programu na\u0161la radionica Socijalnih vje\u0161tina, ali i ona namijenjena prepoznavanju i definiranju osobnog kreativnog i ekonomskog potencijala te radionica izrade suvenira od prirodnih materijala i jedna zanimljiva aktivnost u gradu \u201eLov na kulturno blago\u201c kroz koji su sudionici istra\u017eivali Osijek i njegove lokacije, potencijalno dobre za nove programe i aktivnosti u kulturi. Slobodno vrijeme provodili su u zabavi, \u0161etnji, dru\u017eenju i timskim igrama s volonterima te malom doprinosu organizaciji Re-Art festivala udruge Planta\u017ea.<\/p>\n<p>Zahvaljujemo svima koji su doprinijeli da program ovog kampa bude predivno iskustvo za na\u0161e sudionike i motivacija za nastavak sudjelovanja u aktivnostima projekta koje nam slijede. Zahvaljujemo se i Gradu Osijeku i Mjesnom odboru Tvr\u0111a na ustupanju prostora za rad tijekom programa Kampa. Posebno moramo istaknuti doprinos na\u0161ih volontera, koji su svoje slobodno vrijeme nesebi\u010dno dali za dobrobit sudionika u projektu.<\/p>\n<p>Tijekom srpnja i kolovoza zapo\u010det \u0107e aktivnosti 3 kreativna ciklusa, kroz koje \u0107e sudionici imati priliku razvijati konkretne kreativne vje\u0161tine u podru\u010dju primijenjenog dizajna, plesa i scenskih koreografija, te multimedije.<\/p>\n<p>Radujemo se nastavku aktivnosti u na\u0161em projektu \u201ePokretne slike umjetnosti i kulture\u201c.<\/p>\n<p><a href=\"https:\/\/proni.hr\/old.proni.hr\/wp-content\/uploads\/2018\/07\/PUK-Projektne-ideje.jpg\"><img loading=\"lazy\" decoding=\"async\" class=\"aligncenter  wp-image-4526\" src=\"https:\/\/proni.hr\/old.proni.hr\/wp-content\/uploads\/2018\/07\/PUK-Projektne-ideje-300x169.jpg\" alt=\"PUK-Projektne ideje\" width=\"499\" height=\"281\" srcset=\"https:\/\/proni.hr\/old.proni.hr\/wp-content\/uploads\/2018\/07\/PUK-Projektne-ideje-300x169.jpg 300w, https:\/\/proni.hr\/old.proni.hr\/wp-content\/uploads\/2018\/07\/PUK-Projektne-ideje-768x432.jpg 768w, https:\/\/proni.hr\/old.proni.hr\/wp-content\/uploads\/2018\/07\/PUK-Projektne-ideje-1024x576.jpg 1024w, https:\/\/proni.hr\/old.proni.hr\/wp-content\/uploads\/2018\/07\/PUK-Projektne-ideje-600x338.jpg 600w, https:\/\/proni.hr\/old.proni.hr\/wp-content\/uploads\/2018\/07\/PUK-Projektne-ideje-280x158.jpg 280w, https:\/\/proni.hr\/old.proni.hr\/wp-content\/uploads\/2018\/07\/PUK-Projektne-ideje.jpg 1920w\" sizes=\"(max-width: 499px) 100vw, 499px\" \/><\/a><\/p>\n<p><a href=\"https:\/\/proni.hr\/old.proni.hr\/wp-content\/uploads\/2018\/07\/PUK-STV.jpg\"><img loading=\"lazy\" decoding=\"async\" class=\"aligncenter  wp-image-4524\" src=\"https:\/\/proni.hr\/old.proni.hr\/wp-content\/uploads\/2018\/07\/PUK-STV-300x169.jpg\" alt=\"PUK-STV\" width=\"499\" height=\"281\" srcset=\"https:\/\/proni.hr\/old.proni.hr\/wp-content\/uploads\/2018\/07\/PUK-STV-300x169.jpg 300w, https:\/\/proni.hr\/old.proni.hr\/wp-content\/uploads\/2018\/07\/PUK-STV-768x434.jpg 768w, https:\/\/proni.hr\/old.proni.hr\/wp-content\/uploads\/2018\/07\/PUK-STV-1024x578.jpg 1024w, https:\/\/proni.hr\/old.proni.hr\/wp-content\/uploads\/2018\/07\/PUK-STV-600x339.jpg 600w, https:\/\/proni.hr\/old.proni.hr\/wp-content\/uploads\/2018\/07\/PUK-STV-280x158.jpg 280w, https:\/\/proni.hr\/old.proni.hr\/wp-content\/uploads\/2018\/07\/PUK-STV.jpg 1280w\" sizes=\"(max-width: 499px) 100vw, 499px\" \/><\/a><\/p>\n<p><a href=\"https:\/\/proni.hr\/old.proni.hr\/wp-content\/uploads\/2018\/07\/PUK-\u0160u\u0161ka.jpg\"><img loading=\"lazy\" decoding=\"async\" class=\"aligncenter  wp-image-4525\" src=\"https:\/\/proni.hr\/old.proni.hr\/wp-content\/uploads\/2018\/07\/PUK-\u0160u\u0161ka-300x169.jpg\" alt=\"PUK-\u0160u\u0161ka\" width=\"499\" height=\"281\" srcset=\"https:\/\/proni.hr\/old.proni.hr\/wp-content\/uploads\/2018\/07\/PUK-\u0160u\u0161ka-300x169.jpg 300w, https:\/\/proni.hr\/old.proni.hr\/wp-content\/uploads\/2018\/07\/PUK-\u0160u\u0161ka-768x432.jpg 768w, https:\/\/proni.hr\/old.proni.hr\/wp-content\/uploads\/2018\/07\/PUK-\u0160u\u0161ka-1024x576.jpg 1024w, https:\/\/proni.hr\/old.proni.hr\/wp-content\/uploads\/2018\/07\/PUK-\u0160u\u0161ka-600x338.jpg 600w, https:\/\/proni.hr\/old.proni.hr\/wp-content\/uploads\/2018\/07\/PUK-\u0160u\u0161ka-280x158.jpg 280w, https:\/\/proni.hr\/old.proni.hr\/wp-content\/uploads\/2018\/07\/PUK-\u0160u\u0161ka.jpg 1920w\" sizes=\"(max-width: 499px) 100vw, 499px\" \/><\/a><\/p>\n","protected":false},"excerpt":{"rendered":"<p>U razdoblju od 27. do 30. lipnja 2018. godine u Osijeku, uspje\u0161no je proveden program Uvodnog kampa pod nazivom \u201ePokretne slike umjetnosti i kulture\u201c u okviru istoimenog projekta. Uvodni kamp bio je namijenjen povezivanju mladih koji su se do sada odlu\u010dili sudjelovati u projektnim aktivnostima u podru\u010dju kulture i umjetnosti mladih. Program kampa obuhvatio je [&hellip;]<\/p>\n","protected":false},"author":4,"featured_media":4527,"comment_status":"closed","ping_status":"open","sticky":false,"template":"","format":"standard","meta":{"footnotes":""},"categories":[4],"tags":[],"_links":{"self":[{"href":"https:\/\/proni.hr\/old.proni.hr\/wp-json\/wp\/v2\/posts\/4523"}],"collection":[{"href":"https:\/\/proni.hr\/old.proni.hr\/wp-json\/wp\/v2\/posts"}],"about":[{"href":"https:\/\/proni.hr\/old.proni.hr\/wp-json\/wp\/v2\/types\/post"}],"author":[{"embeddable":true,"href":"https:\/\/proni.hr\/old.proni.hr\/wp-json\/wp\/v2\/users\/4"}],"replies":[{"embeddable":true,"href":"https:\/\/proni.hr\/old.proni.hr\/wp-json\/wp\/v2\/comments?post=4523"}],"version-history":[{"count":2,"href":"https:\/\/proni.hr\/old.proni.hr\/wp-json\/wp\/v2\/posts\/4523\/revisions"}],"predecessor-version":[{"id":4529,"href":"https:\/\/proni.hr\/old.proni.hr\/wp-json\/wp\/v2\/posts\/4523\/revisions\/4529"}],"wp:featuredmedia":[{"embeddable":true,"href":"https:\/\/proni.hr\/old.proni.hr\/wp-json\/wp\/v2\/media\/4527"}],"wp:attachment":[{"href":"https:\/\/proni.hr\/old.proni.hr\/wp-json\/wp\/v2\/media?parent=4523"}],"wp:term":[{"taxonomy":"category","embeddable":true,"href":"https:\/\/proni.hr\/old.proni.hr\/wp-json\/wp\/v2\/categories?post=4523"},{"taxonomy":"post_tag","embeddable":true,"href":"https:\/\/proni.hr\/old.proni.hr\/wp-json\/wp\/v2\/tags?post=4523"}],"curies":[{"name":"wp","href":"https:\/\/api.w.org\/{rel}","templated":true}]}}