{"id":4532,"date":"2018-07-20T20:31:44","date_gmt":"2018-07-20T20:31:44","guid":{"rendered":"http:\/\/proni.hr\/?p=4532"},"modified":"2018-07-20T21:08:57","modified_gmt":"2018-07-20T21:08:57","slug":"odrzane-vrsnjacke-parlaonice","status":"publish","type":"post","link":"https:\/\/proni.hr\/old.proni.hr\/odrzane-vrsnjacke-parlaonice\/","title":{"rendered":"Odr\u017eane Vr\u0161nja\u010dke parlaonice!"},"content":{"rendered":"<p>Vr\u0161nja\u010dka parlaonica u Virovitici bila je zadnja u nizu od pet, a provedena je u suradnji sa Savjetom mladih Viroviti\u010dko-podravske \u017eupanije, u sklopu programa Regionalni info-centar za mlade Osijek. Pored nje, provedene su i Vr\u0161nja\u010dke parlaonice u Vinkovcima u suradnji s udrugom XOVK, Bro\u0111ancima u suradnji s Bro\u0111anskom udrugom mladih, u Latinovcu u suradnji s Eko-centrom Latinovac i u Podcrkavlju u suradnji s KUD-om \u201eKre\u0161imir \u0160imi\u0107\u201c. Zahvaljujemo se svim mladima i suradnicima na ugodnom dru\u017eenju i razgovoru u kojem su nas upoznali s potrebama i izazovima s kojima se susre\u0107u u svojim lokalnim sredinama.<br \/>\n<a href=\"https:\/\/proni.hr\/old.proni.hr\/wp-content\/uploads\/2018\/07\/Vp_Vinkovci_27.4.2018..jpg\"><img loading=\"lazy\" decoding=\"async\" src=\"https:\/\/proni.hr\/old.proni.hr\/wp-content\/uploads\/2018\/07\/Vp_Vinkovci_27.4.2018..jpg\" alt=\"Vp_Vinkovci_27.4.2018.\" width=\"1024\" height=\"576\" class=\"aligncenter size-full wp-image-4534\" srcset=\"https:\/\/proni.hr\/old.proni.hr\/wp-content\/uploads\/2018\/07\/Vp_Vinkovci_27.4.2018..jpg 1024w, https:\/\/proni.hr\/old.proni.hr\/wp-content\/uploads\/2018\/07\/Vp_Vinkovci_27.4.2018.-300x169.jpg 300w, https:\/\/proni.hr\/old.proni.hr\/wp-content\/uploads\/2018\/07\/Vp_Vinkovci_27.4.2018.-768x432.jpg 768w, https:\/\/proni.hr\/old.proni.hr\/wp-content\/uploads\/2018\/07\/Vp_Vinkovci_27.4.2018.-600x338.jpg 600w, https:\/\/proni.hr\/old.proni.hr\/wp-content\/uploads\/2018\/07\/Vp_Vinkovci_27.4.2018.-280x158.jpg 280w\" sizes=\"(max-width: 1024px) 100vw, 1024px\" \/><\/a><br \/>\n<a href=\"https:\/\/proni.hr\/old.proni.hr\/wp-content\/uploads\/2018\/07\/Vp_Bro\u0111anci_28.4.2018..jpg\"><img loading=\"lazy\" decoding=\"async\" src=\"https:\/\/proni.hr\/old.proni.hr\/wp-content\/uploads\/2018\/07\/Vp_Bro\u0111anci_28.4.2018..jpg\" alt=\"Vp_Bro\u0111anci_28.4.2018.\" width=\"1024\" height=\"576\" class=\"aligncenter size-full wp-image-4535\" srcset=\"https:\/\/proni.hr\/old.proni.hr\/wp-content\/uploads\/2018\/07\/Vp_Bro\u0111anci_28.4.2018..jpg 1024w, https:\/\/proni.hr\/old.proni.hr\/wp-content\/uploads\/2018\/07\/Vp_Bro\u0111anci_28.4.2018.-300x169.jpg 300w, https:\/\/proni.hr\/old.proni.hr\/wp-content\/uploads\/2018\/07\/Vp_Bro\u0111anci_28.4.2018.-768x432.jpg 768w, https:\/\/proni.hr\/old.proni.hr\/wp-content\/uploads\/2018\/07\/Vp_Bro\u0111anci_28.4.2018.-600x338.jpg 600w, https:\/\/proni.hr\/old.proni.hr\/wp-content\/uploads\/2018\/07\/Vp_Bro\u0111anci_28.4.2018.-280x158.jpg 280w\" sizes=\"(max-width: 1024px) 100vw, 1024px\" \/><\/a><br \/>\n<a href=\"https:\/\/proni.hr\/old.proni.hr\/wp-content\/uploads\/2018\/07\/Vp_Latinovac_9.5.2018..jpg\"><img loading=\"lazy\" decoding=\"async\" src=\"https:\/\/proni.hr\/old.proni.hr\/wp-content\/uploads\/2018\/07\/Vp_Latinovac_9.5.2018..jpg\" alt=\"Vp_Latinovac_9.5.2018.\" width=\"1024\" height=\"576\" class=\"aligncenter size-full wp-image-4536\" srcset=\"https:\/\/proni.hr\/old.proni.hr\/wp-content\/uploads\/2018\/07\/Vp_Latinovac_9.5.2018..jpg 1024w, https:\/\/proni.hr\/old.proni.hr\/wp-content\/uploads\/2018\/07\/Vp_Latinovac_9.5.2018.-300x169.jpg 300w, https:\/\/proni.hr\/old.proni.hr\/wp-content\/uploads\/2018\/07\/Vp_Latinovac_9.5.2018.-768x432.jpg 768w, https:\/\/proni.hr\/old.proni.hr\/wp-content\/uploads\/2018\/07\/Vp_Latinovac_9.5.2018.-600x338.jpg 600w, https:\/\/proni.hr\/old.proni.hr\/wp-content\/uploads\/2018\/07\/Vp_Latinovac_9.5.2018.-280x158.jpg 280w\" sizes=\"(max-width: 1024px) 100vw, 1024px\" \/><\/a><a href=\"https:\/\/proni.hr\/old.proni.hr\/wp-content\/uploads\/2018\/07\/Vp_Podcrkavlje_23.6.2018.jpg\"><img loading=\"lazy\" decoding=\"async\" src=\"https:\/\/proni.hr\/old.proni.hr\/wp-content\/uploads\/2018\/07\/Vp_Podcrkavlje_23.6.2018.jpg\" alt=\"Vp_Podcrkavlje_23.6.2018\" width=\"1024\" height=\"576\" class=\"aligncenter size-full wp-image-4537\" srcset=\"https:\/\/proni.hr\/old.proni.hr\/wp-content\/uploads\/2018\/07\/Vp_Podcrkavlje_23.6.2018.jpg 1024w, https:\/\/proni.hr\/old.proni.hr\/wp-content\/uploads\/2018\/07\/Vp_Podcrkavlje_23.6.2018-300x169.jpg 300w, https:\/\/proni.hr\/old.proni.hr\/wp-content\/uploads\/2018\/07\/Vp_Podcrkavlje_23.6.2018-768x432.jpg 768w, https:\/\/proni.hr\/old.proni.hr\/wp-content\/uploads\/2018\/07\/Vp_Podcrkavlje_23.6.2018-600x338.jpg 600w, https:\/\/proni.hr\/old.proni.hr\/wp-content\/uploads\/2018\/07\/Vp_Podcrkavlje_23.6.2018-280x158.jpg 280w\" sizes=\"(max-width: 1024px) 100vw, 1024px\" \/><\/a><\/p>\n<p>U provedbi ovih aktivnosti sudjelovali su na\u0161i volonteri. I bili su odli\u010dni! Hvala.<\/p>\n<p>Trogodi\u0161nji program Regionalni info-centar za mlade Osijek podr\u017eava Ministarstvo za demografiju, obitelj, mlade i socijalnu politiku.<br \/>\n<a href=\"https:\/\/proni.hr\/old.proni.hr\/wp-content\/uploads\/2018\/07\/Ministarstvo-za-demografiju-logo.jpg\"><img loading=\"lazy\" decoding=\"async\" src=\"https:\/\/proni.hr\/old.proni.hr\/wp-content\/uploads\/2018\/07\/Ministarstvo-za-demografiju-logo.jpg\" alt=\"Ministarstvo za demografiju, logo\" width=\"286\" height=\"176\" class=\"aligncenter size-full wp-image-4543\" srcset=\"https:\/\/proni.hr\/old.proni.hr\/wp-content\/uploads\/2018\/07\/Ministarstvo-za-demografiju-logo.jpg 286w, https:\/\/proni.hr\/old.proni.hr\/wp-content\/uploads\/2018\/07\/Ministarstvo-za-demografiju-logo-260x160.jpg 260w\" sizes=\"(max-width: 286px) 100vw, 286px\" \/><\/a><\/p>\n","protected":false},"excerpt":{"rendered":"<p>Vr\u0161nja\u010dka parlaonica u Virovitici bila je zadnja u nizu od pet, a provedena je u suradnji sa Savjetom mladih Viroviti\u010dko-podravske \u017eupanije, u sklopu programa Regionalni info-centar za mlade Osijek. Pored nje, provedene su i Vr\u0161nja\u010dke parlaonice u Vinkovcima u suradnji s udrugom XOVK, Bro\u0111ancima u suradnji s Bro\u0111anskom udrugom mladih, u Latinovcu u suradnji s [&hellip;]<\/p>\n","protected":false},"author":5,"featured_media":4533,"comment_status":"closed","ping_status":"open","sticky":false,"template":"","format":"standard","meta":{"footnotes":""},"categories":[4],"tags":[],"_links":{"self":[{"href":"https:\/\/proni.hr\/old.proni.hr\/wp-json\/wp\/v2\/posts\/4532"}],"collection":[{"href":"https:\/\/proni.hr\/old.proni.hr\/wp-json\/wp\/v2\/posts"}],"about":[{"href":"https:\/\/proni.hr\/old.proni.hr\/wp-json\/wp\/v2\/types\/post"}],"author":[{"embeddable":true,"href":"https:\/\/proni.hr\/old.proni.hr\/wp-json\/wp\/v2\/users\/5"}],"replies":[{"embeddable":true,"href":"https:\/\/proni.hr\/old.proni.hr\/wp-json\/wp\/v2\/comments?post=4532"}],"version-history":[{"count":5,"href":"https:\/\/proni.hr\/old.proni.hr\/wp-json\/wp\/v2\/posts\/4532\/revisions"}],"predecessor-version":[{"id":4544,"href":"https:\/\/proni.hr\/old.proni.hr\/wp-json\/wp\/v2\/posts\/4532\/revisions\/4544"}],"wp:featuredmedia":[{"embeddable":true,"href":"https:\/\/proni.hr\/old.proni.hr\/wp-json\/wp\/v2\/media\/4533"}],"wp:attachment":[{"href":"https:\/\/proni.hr\/old.proni.hr\/wp-json\/wp\/v2\/media?parent=4532"}],"wp:term":[{"taxonomy":"category","embeddable":true,"href":"https:\/\/proni.hr\/old.proni.hr\/wp-json\/wp\/v2\/categories?post=4532"},{"taxonomy":"post_tag","embeddable":true,"href":"https:\/\/proni.hr\/old.proni.hr\/wp-json\/wp\/v2\/tags?post=4532"}],"curies":[{"name":"wp","href":"https:\/\/api.w.org\/{rel}","templated":true}]}}