{"id":4545,"date":"2018-07-20T21:47:25","date_gmt":"2018-07-20T21:47:25","guid":{"rendered":"http:\/\/proni.hr\/?p=4545"},"modified":"2018-07-20T21:47:25","modified_gmt":"2018-07-20T21:47:25","slug":"odrzan-sastanak-savjetodavnog-odbora-ricm-a-osijek","status":"publish","type":"post","link":"https:\/\/proni.hr\/old.proni.hr\/odrzan-sastanak-savjetodavnog-odbora-ricm-a-osijek\/","title":{"rendered":"Odr\u017ean sastanak Savjetodavnog odbora RICM-a Osijek"},"content":{"rendered":"<p>Kako je trogodi\u0161nji program <em><a href=\"https:\/\/proni.hr\/old.proni.hr\/portfolio-items\/regionalni-info-centar-za-mlade-osijek\/?portfolioID=1284\" rel=\"noopener\" target=\"_blank\">Regionalni info-centar za mlade Osijek<\/a><\/em> na samom kraju, \u010dlanovi Savjetodavnog odbora upoznati su sa sumiranim rezultatima istog. U ugodnoj i prijateljskoj atmosferi evaluirana je me\u0111usobna suradnja, kako u provedbi ovog programa, tako i op\u0107enito u radu PRONI Centra. Istaknuta je va\u017enost uklju\u010divanja svih dionika u informiranje mladih i op\u0107enito rad s mladima, no presudna je volja i dodatni anga\u017eman pojedinaca koji predstavljaju instituciju ili organizaciju ispred koje dolaze. Zaista je veliko zadovoljstvo raditi s njima! Hvala.<br \/>\n<a href=\"https:\/\/proni.hr\/old.proni.hr\/wp-content\/uploads\/2018\/07\/Savjetodavni-odbor-RICM-a-19.7.2018.2jpg.jpg\"><img loading=\"lazy\" decoding=\"async\" src=\"https:\/\/proni.hr\/old.proni.hr\/wp-content\/uploads\/2018\/07\/Savjetodavni-odbor-RICM-a-19.7.2018.2jpg.jpg\" alt=\"Savjetodavni odbor RICM-a, 19.7.2018.(2)jpg\" width=\"3845\" height=\"2003\" class=\"aligncenter size-full wp-image-4547\" srcset=\"https:\/\/proni.hr\/old.proni.hr\/wp-content\/uploads\/2018\/07\/Savjetodavni-odbor-RICM-a-19.7.2018.2jpg.jpg 3845w, https:\/\/proni.hr\/old.proni.hr\/wp-content\/uploads\/2018\/07\/Savjetodavni-odbor-RICM-a-19.7.2018.2jpg-300x156.jpg 300w, https:\/\/proni.hr\/old.proni.hr\/wp-content\/uploads\/2018\/07\/Savjetodavni-odbor-RICM-a-19.7.2018.2jpg-768x400.jpg 768w, https:\/\/proni.hr\/old.proni.hr\/wp-content\/uploads\/2018\/07\/Savjetodavni-odbor-RICM-a-19.7.2018.2jpg-1024x533.jpg 1024w, https:\/\/proni.hr\/old.proni.hr\/wp-content\/uploads\/2018\/07\/Savjetodavni-odbor-RICM-a-19.7.2018.2jpg-600x313.jpg 600w, https:\/\/proni.hr\/old.proni.hr\/wp-content\/uploads\/2018\/07\/Savjetodavni-odbor-RICM-a-19.7.2018.2jpg-280x146.jpg 280w\" sizes=\"(max-width: 3845px) 100vw, 3845px\" \/><\/a><br \/>\nSavjetodavni odbor \u010dine predstavnici slijede\u0107ih institucija i organizacija:<br \/>\n1.\tGrad Osijek<br \/>\n2.\tAgencija za razvoj,  Osje\u010dko-baranjska \u017eupanija<br \/>\n3.\tHrvatski zavod za zapo\u0161ljavanje<br \/>\n4.\tPolicijska uprava Osje\u010dko-baranjska, Odsjek za prevenciju<br \/>\n5.\tCentar za socijalnu skrb<br \/>\n6.\tSveu\u010dili\u0161te J.J.Strossmayera, Odjel za kulturologiju<br \/>\n7.\tMedicinski fakultet, Studij sestrinstva<br \/>\n8.\tEkonomska i upravna \u0161kola<br \/>\n9.\t\u0160kola primjenjene umjetnosti i dizajna<br \/>\n10.\tSOS Zajednica mladih<br \/>\n11.\tVolonterski centar<br \/>\n12.\tCrveni kri\u017e<br \/>\n13.\tStudentski radio UNIOS \/ Osje\u010dka televizija<br \/>\nVeselimo se i budu\u0107oj suradnji!<\/p>\n<p>Trogodi\u0161nji program Regionalni info-centar za mlade Osijek podr\u017eava Ministarstvo za demografiju, obitelj, mlade i socijalnu politiku.<br \/>\n<a href=\"https:\/\/proni.hr\/old.proni.hr\/wp-content\/uploads\/2018\/07\/Ministarstvo-za-demografiju-logo.jpg\"><img loading=\"lazy\" decoding=\"async\" src=\"https:\/\/proni.hr\/old.proni.hr\/wp-content\/uploads\/2018\/07\/Ministarstvo-za-demografiju-logo.jpg\" alt=\"Ministarstvo za demografiju, logo\" width=\"286\" height=\"176\" class=\"aligncenter size-full wp-image-4543\" srcset=\"https:\/\/proni.hr\/old.proni.hr\/wp-content\/uploads\/2018\/07\/Ministarstvo-za-demografiju-logo.jpg 286w, https:\/\/proni.hr\/old.proni.hr\/wp-content\/uploads\/2018\/07\/Ministarstvo-za-demografiju-logo-260x160.jpg 260w\" sizes=\"(max-width: 286px) 100vw, 286px\" \/><\/a><\/p>\n","protected":false},"excerpt":{"rendered":"<p>Kako je trogodi\u0161nji program Regionalni info-centar za mlade Osijek na samom kraju, \u010dlanovi Savjetodavnog odbora upoznati su sa sumiranim rezultatima istog. U ugodnoj i prijateljskoj atmosferi evaluirana je me\u0111usobna suradnja, kako u provedbi ovog programa, tako i op\u0107enito u radu PRONI Centra. Istaknuta je va\u017enost uklju\u010divanja svih dionika u informiranje mladih i op\u0107enito rad s [&hellip;]<\/p>\n","protected":false},"author":5,"featured_media":4546,"comment_status":"closed","ping_status":"open","sticky":false,"template":"","format":"standard","meta":{"footnotes":""},"categories":[4],"tags":[],"_links":{"self":[{"href":"https:\/\/proni.hr\/old.proni.hr\/wp-json\/wp\/v2\/posts\/4545"}],"collection":[{"href":"https:\/\/proni.hr\/old.proni.hr\/wp-json\/wp\/v2\/posts"}],"about":[{"href":"https:\/\/proni.hr\/old.proni.hr\/wp-json\/wp\/v2\/types\/post"}],"author":[{"embeddable":true,"href":"https:\/\/proni.hr\/old.proni.hr\/wp-json\/wp\/v2\/users\/5"}],"replies":[{"embeddable":true,"href":"https:\/\/proni.hr\/old.proni.hr\/wp-json\/wp\/v2\/comments?post=4545"}],"version-history":[{"count":1,"href":"https:\/\/proni.hr\/old.proni.hr\/wp-json\/wp\/v2\/posts\/4545\/revisions"}],"predecessor-version":[{"id":4548,"href":"https:\/\/proni.hr\/old.proni.hr\/wp-json\/wp\/v2\/posts\/4545\/revisions\/4548"}],"wp:featuredmedia":[{"embeddable":true,"href":"https:\/\/proni.hr\/old.proni.hr\/wp-json\/wp\/v2\/media\/4546"}],"wp:attachment":[{"href":"https:\/\/proni.hr\/old.proni.hr\/wp-json\/wp\/v2\/media?parent=4545"}],"wp:term":[{"taxonomy":"category","embeddable":true,"href":"https:\/\/proni.hr\/old.proni.hr\/wp-json\/wp\/v2\/categories?post=4545"},{"taxonomy":"post_tag","embeddable":true,"href":"https:\/\/proni.hr\/old.proni.hr\/wp-json\/wp\/v2\/tags?post=4545"}],"curies":[{"name":"wp","href":"https:\/\/api.w.org\/{rel}","templated":true}]}}