{"id":4699,"date":"2018-11-19T08:49:18","date_gmt":"2018-11-19T08:49:18","guid":{"rendered":"http:\/\/proni.hr\/?p=4699"},"modified":"2018-11-19T08:53:46","modified_gmt":"2018-11-19T08:53:46","slug":"skolonteri-i-predstavnici-udruga-rade-na-aktiviranju-zajednica","status":"publish","type":"post","link":"https:\/\/proni.hr\/old.proni.hr\/skolonteri-i-predstavnici-udruga-rade-na-aktiviranju-zajednica\/","title":{"rendered":"\u0160kolonteri i predstavnici udruga rade na aktiviranju zajednica"},"content":{"rendered":"<p>U okviru projekta <a href=\"https:\/\/proni.hr\/old.proni.hr\/portfolio-items\/skolontiranje\/\">\u0160kolontrianje<\/a> proveden je jo\u0161 jedan ciklus izobrazbi na podru\u010dju Sisa\u010dko-moslava\u010dke i Vukovarske-srijemske \u017eupanije. Ovoga puta na izobrazbama pod nazivom &#8220;Aktiviraj zajednicu&#8221; zajedno su sudjelovali \u010dlanovi \u0161kolskih volonterskih klubova i njihovi koordinatori te predstavnici organizacija civilnoga dru\u0161tva s podru\u010dja obje \u017eupanije. Cilj ovih izobrazbi, koje su provedene krajem listopada u Sisku, odnosno sredinom studenoga u Vukovara, bio je povezati \u0161kole i organizacije civilnoga dru\u0161tva u svrhu zajedni\u010dkog planiranja volonterskih akcija u lokalnim zajednicama u kojima \u0161kolski volonterski klubovi i organizacije civilnoga dru\u0161tva djeluju. Bila je to i prilika za bolje me\u0111usobno upoznavanje te stvaranja prilika za daljnju suradnju i razvoj civilnoga dru\u0161tva op\u0107enito. Tijekom izobrazbi iznjedrili su se planovi provedbe volonterskih akcija koje \u0107e se zajedni\u010dkim snagama realizirati tijekom \u0161kolskih praznika.<\/p>\n<p style=\"text-align: center;\"><a href=\"https:\/\/proni.hr\/old.proni.hr\/wp-content\/uploads\/2018\/11\/Aktiviraj-zajednicu-SM\u017d-6.jpg\"><img loading=\"lazy\" decoding=\"async\" class=\"aligncenter wp-image-4705\" src=\"https:\/\/proni.hr\/old.proni.hr\/wp-content\/uploads\/2018\/11\/Aktiviraj-zajednicu-SM\u017d-6-300x169.jpg\" alt=\"\" width=\"449\" height=\"253\" srcset=\"https:\/\/proni.hr\/old.proni.hr\/wp-content\/uploads\/2018\/11\/Aktiviraj-zajednicu-SM\u017d-6-300x169.jpg 300w, https:\/\/proni.hr\/old.proni.hr\/wp-content\/uploads\/2018\/11\/Aktiviraj-zajednicu-SM\u017d-6-768x433.jpg 768w, https:\/\/proni.hr\/old.proni.hr\/wp-content\/uploads\/2018\/11\/Aktiviraj-zajednicu-SM\u017d-6.jpg 1024w, https:\/\/proni.hr\/old.proni.hr\/wp-content\/uploads\/2018\/11\/Aktiviraj-zajednicu-SM\u017d-6-600x338.jpg 600w, https:\/\/proni.hr\/old.proni.hr\/wp-content\/uploads\/2018\/11\/Aktiviraj-zajednicu-SM\u017d-6-280x158.jpg 280w\" sizes=\"(max-width: 449px) 100vw, 449px\" \/><\/a><\/p>\n<p style=\"text-align: center;\"><a href=\"https:\/\/proni.hr\/old.proni.hr\/wp-content\/uploads\/2018\/11\/Aktiviraj-zajednicu-SM\u017d-5.jpg\"><img loading=\"lazy\" decoding=\"async\" class=\"aligncenter wp-image-4704\" src=\"https:\/\/proni.hr\/old.proni.hr\/wp-content\/uploads\/2018\/11\/Aktiviraj-zajednicu-SM\u017d-5-300x169.jpg\" alt=\"\" width=\"449\" height=\"253\" srcset=\"https:\/\/proni.hr\/old.proni.hr\/wp-content\/uploads\/2018\/11\/Aktiviraj-zajednicu-SM\u017d-5-300x169.jpg 300w, https:\/\/proni.hr\/old.proni.hr\/wp-content\/uploads\/2018\/11\/Aktiviraj-zajednicu-SM\u017d-5-768x433.jpg 768w, https:\/\/proni.hr\/old.proni.hr\/wp-content\/uploads\/2018\/11\/Aktiviraj-zajednicu-SM\u017d-5-1024x577.jpg 1024w, https:\/\/proni.hr\/old.proni.hr\/wp-content\/uploads\/2018\/11\/Aktiviraj-zajednicu-SM\u017d-5-600x338.jpg 600w, https:\/\/proni.hr\/old.proni.hr\/wp-content\/uploads\/2018\/11\/Aktiviraj-zajednicu-SM\u017d-5-280x158.jpg 280w\" sizes=\"(max-width: 449px) 100vw, 449px\" \/><\/a><\/p>\n<p style=\"text-align: center;\"><a href=\"https:\/\/proni.hr\/old.proni.hr\/wp-content\/uploads\/2018\/11\/Aktiviraj-zajednicu-SM\u017d-4.jpg\"><img loading=\"lazy\" decoding=\"async\" class=\"aligncenter wp-image-4703\" src=\"https:\/\/proni.hr\/old.proni.hr\/wp-content\/uploads\/2018\/11\/Aktiviraj-zajednicu-SM\u017d-4-300x169.jpg\" alt=\"\" width=\"451\" height=\"254\" srcset=\"https:\/\/proni.hr\/old.proni.hr\/wp-content\/uploads\/2018\/11\/Aktiviraj-zajednicu-SM\u017d-4-300x169.jpg 300w, https:\/\/proni.hr\/old.proni.hr\/wp-content\/uploads\/2018\/11\/Aktiviraj-zajednicu-SM\u017d-4-768x433.jpg 768w, https:\/\/proni.hr\/old.proni.hr\/wp-content\/uploads\/2018\/11\/Aktiviraj-zajednicu-SM\u017d-4.jpg 1024w, https:\/\/proni.hr\/old.proni.hr\/wp-content\/uploads\/2018\/11\/Aktiviraj-zajednicu-SM\u017d-4-600x338.jpg 600w, https:\/\/proni.hr\/old.proni.hr\/wp-content\/uploads\/2018\/11\/Aktiviraj-zajednicu-SM\u017d-4-280x158.jpg 280w\" sizes=\"(max-width: 451px) 100vw, 451px\" \/><\/a><\/p>\n<p style=\"text-align: center;\"><a href=\"https:\/\/proni.hr\/old.proni.hr\/wp-content\/uploads\/2018\/11\/Aktiviraj-zajednicu-SM\u017d-3.jpg\"><img loading=\"lazy\" decoding=\"async\" class=\"aligncenter wp-image-4702\" src=\"https:\/\/proni.hr\/old.proni.hr\/wp-content\/uploads\/2018\/11\/Aktiviraj-zajednicu-SM\u017d-3-300x169.jpg\" alt=\"\" width=\"449\" height=\"253\" srcset=\"https:\/\/proni.hr\/old.proni.hr\/wp-content\/uploads\/2018\/11\/Aktiviraj-zajednicu-SM\u017d-3-300x169.jpg 300w, https:\/\/proni.hr\/old.proni.hr\/wp-content\/uploads\/2018\/11\/Aktiviraj-zajednicu-SM\u017d-3-768x433.jpg 768w, https:\/\/proni.hr\/old.proni.hr\/wp-content\/uploads\/2018\/11\/Aktiviraj-zajednicu-SM\u017d-3.jpg 1024w, https:\/\/proni.hr\/old.proni.hr\/wp-content\/uploads\/2018\/11\/Aktiviraj-zajednicu-SM\u017d-3-600x338.jpg 600w, https:\/\/proni.hr\/old.proni.hr\/wp-content\/uploads\/2018\/11\/Aktiviraj-zajednicu-SM\u017d-3-280x158.jpg 280w\" sizes=\"(max-width: 449px) 100vw, 449px\" \/><\/a><\/p>\n<p style=\"text-align: center;\"><a href=\"https:\/\/proni.hr\/old.proni.hr\/wp-content\/uploads\/2018\/11\/Aktiviraj-zajednicu-SM\u017d-2.jpg\"><img loading=\"lazy\" decoding=\"async\" class=\"aligncenter wp-image-4701\" src=\"https:\/\/proni.hr\/old.proni.hr\/wp-content\/uploads\/2018\/11\/Aktiviraj-zajednicu-SM\u017d-2-300x169.jpg\" alt=\"\" width=\"449\" height=\"253\" srcset=\"https:\/\/proni.hr\/old.proni.hr\/wp-content\/uploads\/2018\/11\/Aktiviraj-zajednicu-SM\u017d-2-300x169.jpg 300w, https:\/\/proni.hr\/old.proni.hr\/wp-content\/uploads\/2018\/11\/Aktiviraj-zajednicu-SM\u017d-2-768x433.jpg 768w, https:\/\/proni.hr\/old.proni.hr\/wp-content\/uploads\/2018\/11\/Aktiviraj-zajednicu-SM\u017d-2.jpg 1024w, https:\/\/proni.hr\/old.proni.hr\/wp-content\/uploads\/2018\/11\/Aktiviraj-zajednicu-SM\u017d-2-600x338.jpg 600w, https:\/\/proni.hr\/old.proni.hr\/wp-content\/uploads\/2018\/11\/Aktiviraj-zajednicu-SM\u017d-2-280x158.jpg 280w\" sizes=\"(max-width: 449px) 100vw, 449px\" \/><\/a><\/p>\n<p style=\"text-align: center;\"><a href=\"https:\/\/proni.hr\/old.proni.hr\/wp-content\/uploads\/2018\/11\/Aktiviraj-zajednicu-SM\u017d-1.jpg\"><img loading=\"lazy\" decoding=\"async\" class=\"aligncenter wp-image-4700\" src=\"https:\/\/proni.hr\/old.proni.hr\/wp-content\/uploads\/2018\/11\/Aktiviraj-zajednicu-SM\u017d-1-300x169.jpg\" alt=\"\" width=\"449\" height=\"253\" srcset=\"https:\/\/proni.hr\/old.proni.hr\/wp-content\/uploads\/2018\/11\/Aktiviraj-zajednicu-SM\u017d-1-300x169.jpg 300w, https:\/\/proni.hr\/old.proni.hr\/wp-content\/uploads\/2018\/11\/Aktiviraj-zajednicu-SM\u017d-1-768x433.jpg 768w, https:\/\/proni.hr\/old.proni.hr\/wp-content\/uploads\/2018\/11\/Aktiviraj-zajednicu-SM\u017d-1.jpg 1024w, https:\/\/proni.hr\/old.proni.hr\/wp-content\/uploads\/2018\/11\/Aktiviraj-zajednicu-SM\u017d-1-600x338.jpg 600w, https:\/\/proni.hr\/old.proni.hr\/wp-content\/uploads\/2018\/11\/Aktiviraj-zajednicu-SM\u017d-1-280x158.jpg 280w\" sizes=\"(max-width: 449px) 100vw, 449px\" \/><\/a><\/p>\n<p style=\"text-align: center;\"><a href=\"https:\/\/proni.hr\/old.proni.hr\/wp-content\/uploads\/2018\/11\/Aktiviraj-zajednicu-VS\u017d-7.jpg\"><img loading=\"lazy\" decoding=\"async\" class=\"aligncenter wp-image-4712\" src=\"https:\/\/proni.hr\/old.proni.hr\/wp-content\/uploads\/2018\/11\/Aktiviraj-zajednicu-VS\u017d-7-300x225.jpg\" alt=\"Aktiviraj zajednicu - VS\u017d - 7\" width=\"449\" height=\"337\" srcset=\"https:\/\/proni.hr\/old.proni.hr\/wp-content\/uploads\/2018\/11\/Aktiviraj-zajednicu-VS\u017d-7-300x225.jpg 300w, https:\/\/proni.hr\/old.proni.hr\/wp-content\/uploads\/2018\/11\/Aktiviraj-zajednicu-VS\u017d-7-768x576.jpg 768w, https:\/\/proni.hr\/old.proni.hr\/wp-content\/uploads\/2018\/11\/Aktiviraj-zajednicu-VS\u017d-7.jpg 1024w, https:\/\/proni.hr\/old.proni.hr\/wp-content\/uploads\/2018\/11\/Aktiviraj-zajednicu-VS\u017d-7-600x450.jpg 600w, https:\/\/proni.hr\/old.proni.hr\/wp-content\/uploads\/2018\/11\/Aktiviraj-zajednicu-VS\u017d-7-213x160.jpg 213w\" sizes=\"(max-width: 449px) 100vw, 449px\" \/><\/a><\/p>\n<p style=\"text-align: center;\"><a href=\"https:\/\/proni.hr\/old.proni.hr\/wp-content\/uploads\/2018\/11\/Aktiviraj-zajednicu-VS\u017d-6.jpg\"><img loading=\"lazy\" decoding=\"async\" class=\"aligncenter wp-image-4711\" src=\"https:\/\/proni.hr\/old.proni.hr\/wp-content\/uploads\/2018\/11\/Aktiviraj-zajednicu-VS\u017d-6-300x225.jpg\" alt=\"Aktiviraj zajednicu - VS\u017d - 6\" width=\"449\" height=\"337\" srcset=\"https:\/\/proni.hr\/old.proni.hr\/wp-content\/uploads\/2018\/11\/Aktiviraj-zajednicu-VS\u017d-6-300x225.jpg 300w, https:\/\/proni.hr\/old.proni.hr\/wp-content\/uploads\/2018\/11\/Aktiviraj-zajednicu-VS\u017d-6-768x576.jpg 768w, https:\/\/proni.hr\/old.proni.hr\/wp-content\/uploads\/2018\/11\/Aktiviraj-zajednicu-VS\u017d-6.jpg 1024w, https:\/\/proni.hr\/old.proni.hr\/wp-content\/uploads\/2018\/11\/Aktiviraj-zajednicu-VS\u017d-6-600x450.jpg 600w, https:\/\/proni.hr\/old.proni.hr\/wp-content\/uploads\/2018\/11\/Aktiviraj-zajednicu-VS\u017d-6-213x160.jpg 213w\" sizes=\"(max-width: 449px) 100vw, 449px\" \/><\/a><\/p>\n<p style=\"text-align: center;\"><u><\/u><a href=\"https:\/\/proni.hr\/old.proni.hr\/wp-content\/uploads\/2018\/11\/Aktiviraj-zajednicu-VS\u017d-5.jpg\"><img loading=\"lazy\" decoding=\"async\" class=\"aligncenter wp-image-4710\" src=\"https:\/\/proni.hr\/old.proni.hr\/wp-content\/uploads\/2018\/11\/Aktiviraj-zajednicu-VS\u017d-5-300x225.jpg\" alt=\"Aktiviraj zajednicu - VS\u017d - 5\" width=\"449\" height=\"337\" srcset=\"https:\/\/proni.hr\/old.proni.hr\/wp-content\/uploads\/2018\/11\/Aktiviraj-zajednicu-VS\u017d-5-300x225.jpg 300w, https:\/\/proni.hr\/old.proni.hr\/wp-content\/uploads\/2018\/11\/Aktiviraj-zajednicu-VS\u017d-5-768x576.jpg 768w, https:\/\/proni.hr\/old.proni.hr\/wp-content\/uploads\/2018\/11\/Aktiviraj-zajednicu-VS\u017d-5.jpg 1024w, https:\/\/proni.hr\/old.proni.hr\/wp-content\/uploads\/2018\/11\/Aktiviraj-zajednicu-VS\u017d-5-600x450.jpg 600w, https:\/\/proni.hr\/old.proni.hr\/wp-content\/uploads\/2018\/11\/Aktiviraj-zajednicu-VS\u017d-5-213x160.jpg 213w\" sizes=\"(max-width: 449px) 100vw, 449px\" \/><\/a><\/p>\n<p style=\"text-align: center;\"><a href=\"https:\/\/proni.hr\/old.proni.hr\/wp-content\/uploads\/2018\/11\/Aktiviraj-zajednicu-VS\u017d-4.jpg\"><img loading=\"lazy\" decoding=\"async\" class=\"aligncenter wp-image-4709\" src=\"https:\/\/proni.hr\/old.proni.hr\/wp-content\/uploads\/2018\/11\/Aktiviraj-zajednicu-VS\u017d-4-300x225.jpg\" alt=\"Aktiviraj zajednicu - VS\u017d - 4\" width=\"449\" height=\"337\" srcset=\"https:\/\/proni.hr\/old.proni.hr\/wp-content\/uploads\/2018\/11\/Aktiviraj-zajednicu-VS\u017d-4-300x225.jpg 300w, https:\/\/proni.hr\/old.proni.hr\/wp-content\/uploads\/2018\/11\/Aktiviraj-zajednicu-VS\u017d-4-768x576.jpg 768w, https:\/\/proni.hr\/old.proni.hr\/wp-content\/uploads\/2018\/11\/Aktiviraj-zajednicu-VS\u017d-4.jpg 1024w, https:\/\/proni.hr\/old.proni.hr\/wp-content\/uploads\/2018\/11\/Aktiviraj-zajednicu-VS\u017d-4-600x450.jpg 600w, https:\/\/proni.hr\/old.proni.hr\/wp-content\/uploads\/2018\/11\/Aktiviraj-zajednicu-VS\u017d-4-213x160.jpg 213w\" sizes=\"(max-width: 449px) 100vw, 449px\" \/><\/a><\/p>\n<p style=\"text-align: center;\"><a href=\"https:\/\/proni.hr\/old.proni.hr\/wp-content\/uploads\/2018\/11\/Aktiviraj-zajednicu-VS\u017d-3.jpg\"><img loading=\"lazy\" decoding=\"async\" class=\"aligncenter wp-image-4708\" src=\"https:\/\/proni.hr\/old.proni.hr\/wp-content\/uploads\/2018\/11\/Aktiviraj-zajednicu-VS\u017d-3-300x225.jpg\" alt=\"Aktiviraj zajednicu - VS\u017d - 3\" width=\"448\" height=\"336\" srcset=\"https:\/\/proni.hr\/old.proni.hr\/wp-content\/uploads\/2018\/11\/Aktiviraj-zajednicu-VS\u017d-3-300x225.jpg 300w, https:\/\/proni.hr\/old.proni.hr\/wp-content\/uploads\/2018\/11\/Aktiviraj-zajednicu-VS\u017d-3-768x576.jpg 768w, https:\/\/proni.hr\/old.proni.hr\/wp-content\/uploads\/2018\/11\/Aktiviraj-zajednicu-VS\u017d-3.jpg 1024w, https:\/\/proni.hr\/old.proni.hr\/wp-content\/uploads\/2018\/11\/Aktiviraj-zajednicu-VS\u017d-3-600x450.jpg 600w, https:\/\/proni.hr\/old.proni.hr\/wp-content\/uploads\/2018\/11\/Aktiviraj-zajednicu-VS\u017d-3-213x160.jpg 213w\" sizes=\"(max-width: 448px) 100vw, 448px\" \/><\/a><\/p>\n<p style=\"text-align: center;\"><a href=\"https:\/\/proni.hr\/old.proni.hr\/wp-content\/uploads\/2018\/11\/Aktiviraj-zajednicu-VS\u017d-2.jpg\"><img loading=\"lazy\" decoding=\"async\" class=\"aligncenter wp-image-4707\" src=\"https:\/\/proni.hr\/old.proni.hr\/wp-content\/uploads\/2018\/11\/Aktiviraj-zajednicu-VS\u017d-2-300x225.jpg\" alt=\"Aktiviraj zajednicu - VS\u017d - 2\" width=\"449\" height=\"337\" srcset=\"https:\/\/proni.hr\/old.proni.hr\/wp-content\/uploads\/2018\/11\/Aktiviraj-zajednicu-VS\u017d-2-300x225.jpg 300w, https:\/\/proni.hr\/old.proni.hr\/wp-content\/uploads\/2018\/11\/Aktiviraj-zajednicu-VS\u017d-2-768x576.jpg 768w, https:\/\/proni.hr\/old.proni.hr\/wp-content\/uploads\/2018\/11\/Aktiviraj-zajednicu-VS\u017d-2.jpg 1024w, https:\/\/proni.hr\/old.proni.hr\/wp-content\/uploads\/2018\/11\/Aktiviraj-zajednicu-VS\u017d-2-600x450.jpg 600w, https:\/\/proni.hr\/old.proni.hr\/wp-content\/uploads\/2018\/11\/Aktiviraj-zajednicu-VS\u017d-2-213x160.jpg 213w\" sizes=\"(max-width: 449px) 100vw, 449px\" \/><\/a><\/p>\n<p>&nbsp;<\/p>\n","protected":false},"excerpt":{"rendered":"<p>U okviru projekta \u0160kolontrianje proveden je jo\u0161 jedan ciklus izobrazbi na podru\u010dju Sisa\u010dko-moslava\u010dke i Vukovarske-srijemske \u017eupanije. Ovoga puta na izobrazbama pod nazivom &#8220;Aktiviraj zajednicu&#8221; zajedno su sudjelovali \u010dlanovi \u0161kolskih volonterskih klubova i njihovi koordinatori te predstavnici organizacija civilnoga dru\u0161tva s podru\u010dja obje \u017eupanije. Cilj ovih izobrazbi, koje su provedene krajem listopada u Sisku, odnosno sredinom [&hellip;]<\/p>\n","protected":false},"author":4,"featured_media":4706,"comment_status":"closed","ping_status":"open","sticky":false,"template":"","format":"standard","meta":{"footnotes":""},"categories":[4],"tags":[],"_links":{"self":[{"href":"https:\/\/proni.hr\/old.proni.hr\/wp-json\/wp\/v2\/posts\/4699"}],"collection":[{"href":"https:\/\/proni.hr\/old.proni.hr\/wp-json\/wp\/v2\/posts"}],"about":[{"href":"https:\/\/proni.hr\/old.proni.hr\/wp-json\/wp\/v2\/types\/post"}],"author":[{"embeddable":true,"href":"https:\/\/proni.hr\/old.proni.hr\/wp-json\/wp\/v2\/users\/4"}],"replies":[{"embeddable":true,"href":"https:\/\/proni.hr\/old.proni.hr\/wp-json\/wp\/v2\/comments?post=4699"}],"version-history":[{"count":4,"href":"https:\/\/proni.hr\/old.proni.hr\/wp-json\/wp\/v2\/posts\/4699\/revisions"}],"predecessor-version":[{"id":4716,"href":"https:\/\/proni.hr\/old.proni.hr\/wp-json\/wp\/v2\/posts\/4699\/revisions\/4716"}],"wp:featuredmedia":[{"embeddable":true,"href":"https:\/\/proni.hr\/old.proni.hr\/wp-json\/wp\/v2\/media\/4706"}],"wp:attachment":[{"href":"https:\/\/proni.hr\/old.proni.hr\/wp-json\/wp\/v2\/media?parent=4699"}],"wp:term":[{"taxonomy":"category","embeddable":true,"href":"https:\/\/proni.hr\/old.proni.hr\/wp-json\/wp\/v2\/categories?post=4699"},{"taxonomy":"post_tag","embeddable":true,"href":"https:\/\/proni.hr\/old.proni.hr\/wp-json\/wp\/v2\/tags?post=4699"}],"curies":[{"name":"wp","href":"https:\/\/api.w.org\/{rel}","templated":true}]}}