{"id":4717,"date":"2018-11-19T09:52:11","date_gmt":"2018-11-19T09:52:11","guid":{"rendered":"http:\/\/proni.hr\/?p=4717"},"modified":"2018-11-19T09:56:25","modified_gmt":"2018-11-19T09:56:25","slug":"os-ludina-provela-skolontersku-akciju","status":"publish","type":"post","link":"https:\/\/proni.hr\/old.proni.hr\/os-ludina-provela-skolontersku-akciju\/","title":{"rendered":"O\u0160 Ludina provela \u0161kolontersku akciju"},"content":{"rendered":"<p>U petak 16. studenog, \u010dlanovi \u0161kolskog volonterskog kluba &#8220;Ludinsko srce&#8221; Osnovne \u0161kole Ludina koji je osnovan u okviru projekta <a href=\"https:\/\/proni.hr\/old.proni.hr\/portfolio-items\/skolontiranje\/\">\u0160kolontiranje<\/a>, proveli su svoju prvu \u0161kolontersku akciju. Na istoj su \u010dlanovi kluba i njihovi koordinatori uz potporu djelatnika i volontera PRONI Centra uredili i bojama osvje\u017eili \u0161kolskog igrali\u0161te te sprave koje se na njemu nalaze. U samoj akciji sudjelovao je 21 \u010dlan kluba &#8211; u\u010denici 7. i 8. razrade.<\/p>\n<p><a href=\"https:\/\/proni.hr\/old.proni.hr\/wp-content\/uploads\/2018\/11\/\u0160kolonterska-akcija-O\u0160-Ludina-3.jpg\"><img loading=\"lazy\" decoding=\"async\" class=\"aligncenter  wp-image-4720\" src=\"https:\/\/proni.hr\/old.proni.hr\/wp-content\/uploads\/2018\/11\/\u0160kolonterska-akcija-O\u0160-Ludina-3-146x300.jpg\" alt=\"\u0160kolonterska akcija - O\u0160 Ludina (3)\" width=\"250\" height=\"514\" srcset=\"https:\/\/proni.hr\/old.proni.hr\/wp-content\/uploads\/2018\/11\/\u0160kolonterska-akcija-O\u0160-Ludina-3-146x300.jpg 146w, https:\/\/proni.hr\/old.proni.hr\/wp-content\/uploads\/2018\/11\/\u0160kolonterska-akcija-O\u0160-Ludina-3-498x1024.jpg 498w, https:\/\/proni.hr\/old.proni.hr\/wp-content\/uploads\/2018\/11\/\u0160kolonterska-akcija-O\u0160-Ludina-3-292x600.jpg 292w, https:\/\/proni.hr\/old.proni.hr\/wp-content\/uploads\/2018\/11\/\u0160kolonterska-akcija-O\u0160-Ludina-3-78x160.jpg 78w, https:\/\/proni.hr\/old.proni.hr\/wp-content\/uploads\/2018\/11\/\u0160kolonterska-akcija-O\u0160-Ludina-3.jpg 622w\" sizes=\"(max-width: 250px) 100vw, 250px\" \/><\/a><\/p>\n<p><a href=\"https:\/\/proni.hr\/old.proni.hr\/wp-content\/uploads\/2018\/11\/\u0160kolonterska-akcija-O\u0160-Ludina-5.jpg\"><img loading=\"lazy\" decoding=\"async\" class=\"aligncenter  wp-image-4722\" src=\"https:\/\/proni.hr\/old.proni.hr\/wp-content\/uploads\/2018\/11\/\u0160kolonterska-akcija-O\u0160-Ludina-5-146x300.jpg\" alt=\"\u0160kolonterska akcija - O\u0160 Ludina (5)\" width=\"250\" height=\"514\" srcset=\"https:\/\/proni.hr\/old.proni.hr\/wp-content\/uploads\/2018\/11\/\u0160kolonterska-akcija-O\u0160-Ludina-5-146x300.jpg 146w, https:\/\/proni.hr\/old.proni.hr\/wp-content\/uploads\/2018\/11\/\u0160kolonterska-akcija-O\u0160-Ludina-5-498x1024.jpg 498w, https:\/\/proni.hr\/old.proni.hr\/wp-content\/uploads\/2018\/11\/\u0160kolonterska-akcija-O\u0160-Ludina-5-292x600.jpg 292w, https:\/\/proni.hr\/old.proni.hr\/wp-content\/uploads\/2018\/11\/\u0160kolonterska-akcija-O\u0160-Ludina-5-78x160.jpg 78w, https:\/\/proni.hr\/old.proni.hr\/wp-content\/uploads\/2018\/11\/\u0160kolonterska-akcija-O\u0160-Ludina-5.jpg 622w\" sizes=\"(max-width: 250px) 100vw, 250px\" \/><\/a><\/p>\n<p><a href=\"https:\/\/proni.hr\/old.proni.hr\/wp-content\/uploads\/2018\/11\/\u0160kolonterska-akcija-O\u0160-Ludina-2.jpg\"><img loading=\"lazy\" decoding=\"async\" class=\"aligncenter  wp-image-4719\" src=\"https:\/\/proni.hr\/old.proni.hr\/wp-content\/uploads\/2018\/11\/\u0160kolonterska-akcija-O\u0160-Ludina-2-146x300.jpg\" alt=\"\u0160kolonterska akcija - O\u0160 Ludina (2)\" width=\"250\" height=\"514\" srcset=\"https:\/\/proni.hr\/old.proni.hr\/wp-content\/uploads\/2018\/11\/\u0160kolonterska-akcija-O\u0160-Ludina-2-146x300.jpg 146w, https:\/\/proni.hr\/old.proni.hr\/wp-content\/uploads\/2018\/11\/\u0160kolonterska-akcija-O\u0160-Ludina-2-498x1024.jpg 498w, https:\/\/proni.hr\/old.proni.hr\/wp-content\/uploads\/2018\/11\/\u0160kolonterska-akcija-O\u0160-Ludina-2-292x600.jpg 292w, https:\/\/proni.hr\/old.proni.hr\/wp-content\/uploads\/2018\/11\/\u0160kolonterska-akcija-O\u0160-Ludina-2-78x160.jpg 78w, https:\/\/proni.hr\/old.proni.hr\/wp-content\/uploads\/2018\/11\/\u0160kolonterska-akcija-O\u0160-Ludina-2.jpg 622w\" sizes=\"(max-width: 250px) 100vw, 250px\" \/><\/a><\/p>\n<p><a href=\"https:\/\/proni.hr\/old.proni.hr\/wp-content\/uploads\/2018\/11\/\u0160kolonterska-akcija-O\u0160-Ludina-1.jpg\"><img loading=\"lazy\" decoding=\"async\" class=\"aligncenter  wp-image-4718\" src=\"https:\/\/proni.hr\/old.proni.hr\/wp-content\/uploads\/2018\/11\/\u0160kolonterska-akcija-O\u0160-Ludina-1-146x300.jpg\" alt=\"\u0160kolonterska akcija - O\u0160 Ludina (1)\" width=\"249\" height=\"512\" srcset=\"https:\/\/proni.hr\/old.proni.hr\/wp-content\/uploads\/2018\/11\/\u0160kolonterska-akcija-O\u0160-Ludina-1-146x300.jpg 146w, https:\/\/proni.hr\/old.proni.hr\/wp-content\/uploads\/2018\/11\/\u0160kolonterska-akcija-O\u0160-Ludina-1-498x1024.jpg 498w, https:\/\/proni.hr\/old.proni.hr\/wp-content\/uploads\/2018\/11\/\u0160kolonterska-akcija-O\u0160-Ludina-1-292x600.jpg 292w, https:\/\/proni.hr\/old.proni.hr\/wp-content\/uploads\/2018\/11\/\u0160kolonterska-akcija-O\u0160-Ludina-1-78x160.jpg 78w, https:\/\/proni.hr\/old.proni.hr\/wp-content\/uploads\/2018\/11\/\u0160kolonterska-akcija-O\u0160-Ludina-1.jpg 622w\" sizes=\"(max-width: 249px) 100vw, 249px\" \/><\/a><\/p>\n<p><a href=\"https:\/\/proni.hr\/old.proni.hr\/wp-content\/uploads\/2018\/11\/\u0160kolonterska-akcija-O\u0160-Ludina-6.jpg\"><img loading=\"lazy\" decoding=\"async\" class=\"aligncenter  wp-image-4723\" src=\"https:\/\/proni.hr\/old.proni.hr\/wp-content\/uploads\/2018\/11\/\u0160kolonterska-akcija-O\u0160-Ludina-6-146x300.jpg\" alt=\"\u0160kolonterska akcija - O\u0160 Ludina (6)\" width=\"250\" height=\"514\" srcset=\"https:\/\/proni.hr\/old.proni.hr\/wp-content\/uploads\/2018\/11\/\u0160kolonterska-akcija-O\u0160-Ludina-6-146x300.jpg 146w, https:\/\/proni.hr\/old.proni.hr\/wp-content\/uploads\/2018\/11\/\u0160kolonterska-akcija-O\u0160-Ludina-6-498x1024.jpg 498w, https:\/\/proni.hr\/old.proni.hr\/wp-content\/uploads\/2018\/11\/\u0160kolonterska-akcija-O\u0160-Ludina-6-292x600.jpg 292w, https:\/\/proni.hr\/old.proni.hr\/wp-content\/uploads\/2018\/11\/\u0160kolonterska-akcija-O\u0160-Ludina-6-78x160.jpg 78w, https:\/\/proni.hr\/old.proni.hr\/wp-content\/uploads\/2018\/11\/\u0160kolonterska-akcija-O\u0160-Ludina-6.jpg 622w\" sizes=\"(max-width: 250px) 100vw, 250px\" \/><\/a><\/p>\n<p>&nbsp;<\/p>\n","protected":false},"excerpt":{"rendered":"<p>U petak 16. studenog, \u010dlanovi \u0161kolskog volonterskog kluba &#8220;Ludinsko srce&#8221; Osnovne \u0161kole Ludina koji je osnovan u okviru projekta \u0160kolontiranje, proveli su svoju prvu \u0161kolontersku akciju. Na istoj su \u010dlanovi kluba i njihovi koordinatori uz potporu djelatnika i volontera PRONI Centra uredili i bojama osvje\u017eili \u0161kolskog igrali\u0161te te sprave koje se na njemu nalaze. U [&hellip;]<\/p>\n","protected":false},"author":4,"featured_media":4721,"comment_status":"closed","ping_status":"open","sticky":false,"template":"","format":"standard","meta":{"footnotes":""},"categories":[4],"tags":[],"_links":{"self":[{"href":"https:\/\/proni.hr\/old.proni.hr\/wp-json\/wp\/v2\/posts\/4717"}],"collection":[{"href":"https:\/\/proni.hr\/old.proni.hr\/wp-json\/wp\/v2\/posts"}],"about":[{"href":"https:\/\/proni.hr\/old.proni.hr\/wp-json\/wp\/v2\/types\/post"}],"author":[{"embeddable":true,"href":"https:\/\/proni.hr\/old.proni.hr\/wp-json\/wp\/v2\/users\/4"}],"replies":[{"embeddable":true,"href":"https:\/\/proni.hr\/old.proni.hr\/wp-json\/wp\/v2\/comments?post=4717"}],"version-history":[{"count":3,"href":"https:\/\/proni.hr\/old.proni.hr\/wp-json\/wp\/v2\/posts\/4717\/revisions"}],"predecessor-version":[{"id":4727,"href":"https:\/\/proni.hr\/old.proni.hr\/wp-json\/wp\/v2\/posts\/4717\/revisions\/4727"}],"wp:featuredmedia":[{"embeddable":true,"href":"https:\/\/proni.hr\/old.proni.hr\/wp-json\/wp\/v2\/media\/4721"}],"wp:attachment":[{"href":"https:\/\/proni.hr\/old.proni.hr\/wp-json\/wp\/v2\/media?parent=4717"}],"wp:term":[{"taxonomy":"category","embeddable":true,"href":"https:\/\/proni.hr\/old.proni.hr\/wp-json\/wp\/v2\/categories?post=4717"},{"taxonomy":"post_tag","embeddable":true,"href":"https:\/\/proni.hr\/old.proni.hr\/wp-json\/wp\/v2\/tags?post=4717"}],"curies":[{"name":"wp","href":"https:\/\/api.w.org\/{rel}","templated":true}]}}