{"id":476,"date":"2015-01-05T19:38:19","date_gmt":"2015-01-05T19:38:19","guid":{"rendered":"http:\/\/proni.hr\/?p=476"},"modified":"2015-01-05T19:38:19","modified_gmt":"2015-01-05T19:38:19","slug":"partneri-ponovno-na-okupu-2","status":"publish","type":"post","link":"https:\/\/proni.hr\/old.proni.hr\/partneri-ponovno-na-okupu-2\/","title":{"rendered":"Partneri ponovno na okupu"},"content":{"rendered":"<p>U okviru projekta &#8220;<a href=\"http:\/\/www.proni.hr\/index.php\/vijesti\/index.php\/aktivni-projekti\/-Nasilje-Ne-hvala.html\">Nasilje? Ne, hvala<\/a>&#8220;, 18.03.2014. odr\u017ean je \u010detvrti po redu partnerski sastanak predstavnika udruga i institucija uklju\u010denih u provedbu spomenutog projekta. Ovoga puta, sastanku koji je odr\u017ean u Vukovaru, nazo\u010dili su i predstavnici Ureda za udruge Vlade Republike Hrvatske, koji su bili u terenskoj posjeti. Ina\u010de, glavne teme sastanka bila su usmjerene na osvrt proteklog tromjese\u010dja, odnosno detaljnog planiranja narednih aktivnosti.<\/p>\n","protected":false},"excerpt":{"rendered":"<p>U okviru projekta &#8220;Nasilje? Ne, hvala&#8220;, 18.03.2014. odr\u017ean je \u010detvrti po redu partnerski sastanak predstavnika udruga i institucija uklju\u010denih u provedbu spomenutog projekta. Ovoga puta, sastanku koji je odr\u017ean u Vukovaru, nazo\u010dili su i predstavnici Ureda za udruge Vlade Republike Hrvatske, koji su bili u terenskoj posjeti. Ina\u010de, glavne teme sastanka bila su usmjerene na [&hellip;]<\/p>\n","protected":false},"author":5,"featured_media":0,"comment_status":"open","ping_status":"open","sticky":false,"template":"","format":"standard","meta":{"footnotes":""},"categories":[4],"tags":[],"_links":{"self":[{"href":"https:\/\/proni.hr\/old.proni.hr\/wp-json\/wp\/v2\/posts\/476"}],"collection":[{"href":"https:\/\/proni.hr\/old.proni.hr\/wp-json\/wp\/v2\/posts"}],"about":[{"href":"https:\/\/proni.hr\/old.proni.hr\/wp-json\/wp\/v2\/types\/post"}],"author":[{"embeddable":true,"href":"https:\/\/proni.hr\/old.proni.hr\/wp-json\/wp\/v2\/users\/5"}],"replies":[{"embeddable":true,"href":"https:\/\/proni.hr\/old.proni.hr\/wp-json\/wp\/v2\/comments?post=476"}],"version-history":[{"count":0,"href":"https:\/\/proni.hr\/old.proni.hr\/wp-json\/wp\/v2\/posts\/476\/revisions"}],"wp:attachment":[{"href":"https:\/\/proni.hr\/old.proni.hr\/wp-json\/wp\/v2\/media?parent=476"}],"wp:term":[{"taxonomy":"category","embeddable":true,"href":"https:\/\/proni.hr\/old.proni.hr\/wp-json\/wp\/v2\/categories?post=476"},{"taxonomy":"post_tag","embeddable":true,"href":"https:\/\/proni.hr\/old.proni.hr\/wp-json\/wp\/v2\/tags?post=476"}],"curies":[{"name":"wp","href":"https:\/\/api.w.org\/{rel}","templated":true}]}}