{"id":4763,"date":"2018-12-07T07:32:30","date_gmt":"2018-12-07T07:32:30","guid":{"rendered":"http:\/\/proni.hr\/?p=4763"},"modified":"2018-12-07T18:55:51","modified_gmt":"2018-12-07T18:55:51","slug":"u-vukovaru-urucene-godisnje-volonterske-nagrade","status":"publish","type":"post","link":"https:\/\/proni.hr\/old.proni.hr\/u-vukovaru-urucene-godisnje-volonterske-nagrade\/","title":{"rendered":"U Vukovaru uru\u010dene godi\u0161nje volonterske nagrade"},"content":{"rendered":"<p>Povodom obilje\u017eavanja Me\u0111unarodnog dana volontera 5. prosinca PRONI Centar za socijalno podu\u010davanje, nositelj programa &#8220;<a href=\"https:\/\/proni.hr\/old.proni.hr\/portfolio-items\/volonterski-centar-vukovar-20182019\/?portfolioID=1284\">Volonterski centar Vukovar<\/a>&#8220;, sve\u010dano je uru\u010dio volonterske nagrade za 2018. godinu pojedincima i organizatorima volontiranja u sljede\u0107im kategorijama:<\/p>\n<p><strong><em>Nagrada za volonterku godine \u2013 Nevena Ore\u0161\u010danin<\/em><\/strong><br \/>\nSvoj volonterski anga\u017eman zapo\u010dela je jo\u0161 prije tri godine. Po\u010dela je volontirati dok je \u017eivjela u Dalju, no tamo se, kako smo doznali, susretala s pote\u0161ko\u0107ama pronalaska mjesta za volontiranje, budu\u0107i da je Dalj mala sredina. \u201cAktivna je volonterka i velikodu\u0161no je usko\u010dila i mene ubacila u svijet volontiranja.\u201d, ka\u017ee David Mr\u0111anov koji ju je i nominirao za ovu nagradu. Dok volontira, nesebi\u010dna je, ispunjava i vi\u0161e nego \u0161to se od nje tra\u017ei. Samo ove godine stekla je volontersko iskustvo volontiraju\u0107i na mnogobrojnim doga\u0111ajima:<br \/>\nRukometnom prvenstvu EURO2018, Davis cupu i to \u010dak 3 puta, Unisport finals u Rovinju, Univerzitetskim igrama u Portugalu, Nogometnoj utakmici Hrvatska \u2013 Senegal, Gimnastika \u017eito challenge u Osijek, Baranjskom polu-maratonu, Slama land art festivalu i brojnim projektima udruga poput \u0160kolontiranja, Pokretne slike umjetnosti i kulture, Sve za prava, ljudska prava i dr.<br \/>\n<a href=\"https:\/\/proni.hr\/old.proni.hr\/wp-content\/uploads\/2018\/12\/IMG_9384-640x400.jpg\"><img loading=\"lazy\" decoding=\"async\" class=\"aligncenter wp-image-4750\" src=\"https:\/\/proni.hr\/old.proni.hr\/wp-content\/uploads\/2018\/12\/IMG_9384-640x400-300x188.jpg\" alt=\"IMG_9384-640x400\" width=\"450\" height=\"282\" srcset=\"https:\/\/proni.hr\/old.proni.hr\/wp-content\/uploads\/2018\/12\/IMG_9384-640x400-300x188.jpg 300w, https:\/\/proni.hr\/old.proni.hr\/wp-content\/uploads\/2018\/12\/IMG_9384-640x400-320x202.jpg 320w, https:\/\/proni.hr\/old.proni.hr\/wp-content\/uploads\/2018\/12\/IMG_9384-640x400.jpg 640w, https:\/\/proni.hr\/old.proni.hr\/wp-content\/uploads\/2018\/12\/IMG_9384-640x400-600x375.jpg 600w, https:\/\/proni.hr\/old.proni.hr\/wp-content\/uploads\/2018\/12\/IMG_9384-640x400-256x160.jpg 256w\" sizes=\"(max-width: 450px) 100vw, 450px\" \/><\/a><br \/>\n<strong><em>Nagrada za promoviranje volontiranja jednakih mogu\u0107nosti \u2013 Vukovarske iskrice<\/em><\/strong><br \/>\nVolontiranje je namijenjeno svima i svi mogu doprinijeti njegovom razvoju. Vode\u0107i se ovim stavom, ova vukovarska udruga okuplja velik broj osoba s intelektualnim te\u0161ko\u0107ama, a osim \u0161to se izravno radi s njima, iste se uklju\u010duje u pripremu i provedbu aktivnosti, me\u0111u kojima su i one temeljene na volonterstvu. Ove godine udruga je proslavila 10 godina rada, ima devet korisnika kao i 70-ak \u010dlanova, a prepoznatljivost se ogleda u tome \u0161to njihovi korisnici \u010dak \u0161est dana u tjednu imaju osmi\u0161ljene razne radionice koje pored osiguravanja provo\u0111enja kvalitetnog slobodnog vremena, imaju za cilj i podi\u0107i znanja i razviti vje\u0161tine kod korisnika. Me\u0111u njima su i oni stariji od 21 godine \u017eivota za koje sustav, na\u017ealost vi\u0161e nije nadle\u017ean.<br \/>\nKako bi se odr\u017eao kontinuitet i osigurala redovitost programa i aktivnosti, veliku ulogu u tomu imaju volonteri udruge koji svoje slobodno vrijeme nesebi\u010dno daju te su ovakvim \u010dinom doprinijeli razvoju inkluzivnog volontiranja.<\/p>\n<p><a href=\"https:\/\/proni.hr\/old.proni.hr\/wp-content\/uploads\/2018\/12\/IMG_9426-640x400.jpg\"><img loading=\"lazy\" decoding=\"async\" class=\"aligncenter wp-image-4754\" src=\"https:\/\/proni.hr\/old.proni.hr\/wp-content\/uploads\/2018\/12\/IMG_9426-640x400-300x188.jpg\" alt=\"IMG_9426-640x400\" width=\"450\" height=\"282\" srcset=\"https:\/\/proni.hr\/old.proni.hr\/wp-content\/uploads\/2018\/12\/IMG_9426-640x400-300x188.jpg 300w, https:\/\/proni.hr\/old.proni.hr\/wp-content\/uploads\/2018\/12\/IMG_9426-640x400-320x202.jpg 320w, https:\/\/proni.hr\/old.proni.hr\/wp-content\/uploads\/2018\/12\/IMG_9426-640x400.jpg 640w, https:\/\/proni.hr\/old.proni.hr\/wp-content\/uploads\/2018\/12\/IMG_9426-640x400-600x375.jpg 600w, https:\/\/proni.hr\/old.proni.hr\/wp-content\/uploads\/2018\/12\/IMG_9426-640x400-256x160.jpg 256w\" sizes=\"(max-width: 450px) 100vw, 450px\" \/><\/a><\/p>\n<p><a href=\"https:\/\/proni.hr\/old.proni.hr\/wp-content\/uploads\/2018\/12\/IMG_9438-640x400.jpg\"><img loading=\"lazy\" decoding=\"async\" class=\"aligncenter wp-image-4755\" src=\"https:\/\/proni.hr\/old.proni.hr\/wp-content\/uploads\/2018\/12\/IMG_9438-640x400-300x188.jpg\" alt=\"IMG_9438-640x400\" width=\"450\" height=\"282\" srcset=\"https:\/\/proni.hr\/old.proni.hr\/wp-content\/uploads\/2018\/12\/IMG_9438-640x400-300x188.jpg 300w, https:\/\/proni.hr\/old.proni.hr\/wp-content\/uploads\/2018\/12\/IMG_9438-640x400-320x202.jpg 320w, https:\/\/proni.hr\/old.proni.hr\/wp-content\/uploads\/2018\/12\/IMG_9438-640x400.jpg 640w, https:\/\/proni.hr\/old.proni.hr\/wp-content\/uploads\/2018\/12\/IMG_9438-640x400-600x375.jpg 600w, https:\/\/proni.hr\/old.proni.hr\/wp-content\/uploads\/2018\/12\/IMG_9438-640x400-256x160.jpg 256w\" sizes=\"(max-width: 450px) 100vw, 450px\" \/><\/a><\/p>\n<p><strong><em>Nagrada za najbolju volontersku akciju \u2013 \u0160kolski volonterski klub Osnovne \u0161kole Nikole Andri\u0107a Vukovar<\/em><\/strong><br \/>\n\u201eZelena \u010distka\u201c naziv je volonterske akcije koja se tijekom \u0161k. god. 2017.\/2018. provela na podru\u010dju grada Vukovara, a za cilj je imala, osim samog ure\u0111enja okoli\u0161a, razviti svijest kod u\u010denika i drugih sudionika o va\u017enosti \u010duvanja i ure\u0111enja okoli\u0161a, ljubavi prema prirodi i brige za planet Zemlju. Ova akcija provedena je tijekom nacionalne manifestacije \u201eHrvatska volontira\u201c, \u0161to je omogu\u0107ilo \u0161irenje utjecaja ove akcije \u0161irom Hrvatske.<br \/>\nSama akcija uklju\u010divala je ure\u0111enje stepeni\u0161ta u blizini \u0161kole koje koriste u\u010denici i mnogobrojni stanovnici tog dijela grada, a u istoj su sudjelovali u\u010denici i djelatnici \u0161kole, predstavnici roditelja te djelatnici, \u010dlanovi i volonteri udruga, njih ukupno 150. Akcija je provedena u suradnji s udrugama \u2013 Mirovnom grupom mladih Dunav i PRONI Centrom za socijalno podu\u010davanje, te gradskom tvrtkom Komunalac \u010diji djelatnici su pripremili prostor pokosiv\u0161i gustu travu pokraj samog stepeni\u0161ta.<\/p>\n<p><a href=\"https:\/\/proni.hr\/old.proni.hr\/wp-content\/uploads\/2018\/12\/IMG_9402-640x400.jpg\"><img loading=\"lazy\" decoding=\"async\" class=\"aligncenter wp-image-4752\" src=\"https:\/\/proni.hr\/old.proni.hr\/wp-content\/uploads\/2018\/12\/IMG_9402-640x400-300x188.jpg\" alt=\"IMG_9402-640x400\" width=\"450\" height=\"282\" srcset=\"https:\/\/proni.hr\/old.proni.hr\/wp-content\/uploads\/2018\/12\/IMG_9402-640x400-300x188.jpg 300w, https:\/\/proni.hr\/old.proni.hr\/wp-content\/uploads\/2018\/12\/IMG_9402-640x400-320x202.jpg 320w, https:\/\/proni.hr\/old.proni.hr\/wp-content\/uploads\/2018\/12\/IMG_9402-640x400.jpg 640w, https:\/\/proni.hr\/old.proni.hr\/wp-content\/uploads\/2018\/12\/IMG_9402-640x400-600x375.jpg 600w, https:\/\/proni.hr\/old.proni.hr\/wp-content\/uploads\/2018\/12\/IMG_9402-640x400-256x160.jpg 256w\" sizes=\"(max-width: 450px) 100vw, 450px\" \/><\/a><\/p>\n<p><em><strong>Nagrada za poticanje \u0161kolskog volontiranja \u2013 Nata\u0161a Vinkovi\u0107, profesorica u Gimnaziji Vukovar<\/strong><\/em><br \/>\nGimnazija Vukovar, mjesto je u kojoj u\u010denici pored formalnog obrazovanja svoja znanja i vje\u0161tine stje\u010du i kroz neformalno obrazovanje, posebice kroz volontiranje i \u0161kolski volonterski klub. Svakako zna\u010dajnu ulogu u tom procesu ima profesorica geografije koja svakodnevnim aktivnostima ugra\u0111uje u svoje u\u010denike vrijednosti kao \u0161to su humanost, empatija, tolerancija, po\u0161tivanje razli\u010ditosti i gra\u0111anski aktivizam kako bi jednog dana postali \u010dasni ljudi koji poma\u017eu svojoj zajednici. Pored svega u svome radu promi\u010de i me\u0111usektorsku suradnju \u0161to dokazuje i uklju\u010divanje u inicijative udruga, pa su tako primjerice u\u010denici Gimnazije Vukovar povodom Svjetskog dana hrane i Svjetskog dana siroma\u0161tva organizirali akciju \u201cNe bacaj, doniraj!\u201d, a prikupljene nekvarljive namirnice s ovih akcija i iz donatorskog kutka u samoj \u0161koli, odnijeli u socijalnu samoposlugu i tako pomogli socijalno ugro\u017eenim gra\u0111anima. U\u010denici sudjeluju i u mnogobrojnim kampanjama poput Time to Move te tako u\u010de i promoviraju mogu\u0107nosti za mobilnost koje im se nude u okviru programa Erasmus+. U\u010denici Ambasadori EU parlamenta, pod vodstvom profesorice, u sklopu EPAS programa pripremaju i provode interaktivna predavanja kroz module na temu Europska unija. Profesorica Nata\u0161a Vinkovi\u0107 pobrinula se i da njihove aktivnosti, pa samim time i grad Vukovar, budu prepoznati i u Briselu gdje su posjetili Europski parlament kao pobjednici Consumer Classroom natjecanja.<\/p>\n<p><a href=\"https:\/\/proni.hr\/old.proni.hr\/wp-content\/uploads\/2018\/12\/IMG_9415-640x400.jpg\"><img loading=\"lazy\" decoding=\"async\" class=\"aligncenter wp-image-4753\" src=\"https:\/\/proni.hr\/old.proni.hr\/wp-content\/uploads\/2018\/12\/IMG_9415-640x400-300x188.jpg\" alt=\"IMG_9415-640x400\" width=\"450\" height=\"282\" srcset=\"https:\/\/proni.hr\/old.proni.hr\/wp-content\/uploads\/2018\/12\/IMG_9415-640x400-300x188.jpg 300w, https:\/\/proni.hr\/old.proni.hr\/wp-content\/uploads\/2018\/12\/IMG_9415-640x400-320x202.jpg 320w, https:\/\/proni.hr\/old.proni.hr\/wp-content\/uploads\/2018\/12\/IMG_9415-640x400.jpg 640w, https:\/\/proni.hr\/old.proni.hr\/wp-content\/uploads\/2018\/12\/IMG_9415-640x400-600x375.jpg 600w, https:\/\/proni.hr\/old.proni.hr\/wp-content\/uploads\/2018\/12\/IMG_9415-640x400-256x160.jpg 256w\" sizes=\"(max-width: 450px) 100vw, 450px\" \/><\/a><\/p>\n<p><em><strong>Nagrada za najboljeg organizatora volontiranja \u2013 Udruga za podr\u0161ku \u017ertvama i svjedocima<\/strong><\/em><br \/>\nNa podru\u010dju grada Vukovara djeluju mnogobrojne udruge, ipak, me\u0111u udrugama se isti\u010du one koje svoje programe i aktivnosti dijele i provode u suradnji s volonterima, a upravo njihov odnos prema volonterima i na\u010din rada takve udruge isti\u010de kao kvalitetne organizatore volontiranja. Udruga za podr\u0161ku \u017ertvama i svjedocima u svom radu okuplja volontere koji im poma\u017eu u provedbi svakodnevnih aktivnosti, a osim toga, rade i na promociji i razvoju volonterstva me\u0111u mladima, \u0161to svakako doprinosi ja\u010danju volonterstva ne samo u njihovoj udruzi, ve\u0107 i u zajednici u \u0161irem smislu. Udruga je aktivna \u0161irom Hrvatske, pa je tako primjerice tijekom ove godine u partnerstvu sa Srednjom \u0161kolom Ludbreg provodila projekt \u201d(Ne)budi mi (ne)prijatelj!\u201d, \u0161to je rezultiralo osnivanjem Volonterskog kluba te srednje \u0161kole kao mjesta kontinuiranog odgoja mladih za volontiranje. Pro\u0161le godine imali su 111 volontera koji su ostvarili 5655 volonterskih sati, a vjerujemo da je ove godine taj anga\u017eman tako\u0111er ostvaren, iako jo\u0161 uvijek nije kraj godine.<\/p>\n<p><a href=\"https:\/\/proni.hr\/old.proni.hr\/wp-content\/uploads\/2018\/12\/IMG_9395-640x400.jpg\"><img loading=\"lazy\" decoding=\"async\" class=\"aligncenter wp-image-4751\" src=\"https:\/\/proni.hr\/old.proni.hr\/wp-content\/uploads\/2018\/12\/IMG_9395-640x400-300x188.jpg\" alt=\"IMG_9395-640x400\" width=\"450\" height=\"282\" srcset=\"https:\/\/proni.hr\/old.proni.hr\/wp-content\/uploads\/2018\/12\/IMG_9395-640x400-300x188.jpg 300w, https:\/\/proni.hr\/old.proni.hr\/wp-content\/uploads\/2018\/12\/IMG_9395-640x400-320x202.jpg 320w, https:\/\/proni.hr\/old.proni.hr\/wp-content\/uploads\/2018\/12\/IMG_9395-640x400.jpg 640w, https:\/\/proni.hr\/old.proni.hr\/wp-content\/uploads\/2018\/12\/IMG_9395-640x400-600x375.jpg 600w, https:\/\/proni.hr\/old.proni.hr\/wp-content\/uploads\/2018\/12\/IMG_9395-640x400-256x160.jpg 256w\" sizes=\"(max-width: 450px) 100vw, 450px\" \/><\/a><\/p>\n<p>PRONI Centar za socijalno podu\u010davanje, nositelj programa Volonterski centar Vukovar, u suradnji i uz potporu Ministarstva za demografiju, obitelj, mlade i socijalnu politiku, Vukovarsko-srijemske \u017eupanije i Grada Vukovara, ve\u0107 \u010detvrtu godinu zaredom organizira sve\u010dano dodjeljivanje volonterskih nagrada.<\/p>\n<p><a href=\"https:\/\/proni.hr\/old.proni.hr\/wp-content\/uploads\/2018\/12\/IMG_9452-640x400.jpg\"><img loading=\"lazy\" decoding=\"async\" class=\"aligncenter wp-image-4756\" src=\"https:\/\/proni.hr\/old.proni.hr\/wp-content\/uploads\/2018\/12\/IMG_9452-640x400-300x188.jpg\" alt=\"IMG_9452-640x400\" width=\"450\" height=\"282\" srcset=\"https:\/\/proni.hr\/old.proni.hr\/wp-content\/uploads\/2018\/12\/IMG_9452-640x400-300x188.jpg 300w, https:\/\/proni.hr\/old.proni.hr\/wp-content\/uploads\/2018\/12\/IMG_9452-640x400-320x202.jpg 320w, https:\/\/proni.hr\/old.proni.hr\/wp-content\/uploads\/2018\/12\/IMG_9452-640x400.jpg 640w, https:\/\/proni.hr\/old.proni.hr\/wp-content\/uploads\/2018\/12\/IMG_9452-640x400-600x375.jpg 600w, https:\/\/proni.hr\/old.proni.hr\/wp-content\/uploads\/2018\/12\/IMG_9452-640x400-256x160.jpg 256w\" sizes=\"(max-width: 450px) 100vw, 450px\" \/><\/a><\/p>\n<p><a href=\"https:\/\/proni.hr\/old.proni.hr\/wp-content\/uploads\/2018\/12\/IMG_9455-640x400.jpg\"><img loading=\"lazy\" decoding=\"async\" class=\"aligncenter wp-image-4757\" src=\"https:\/\/proni.hr\/old.proni.hr\/wp-content\/uploads\/2018\/12\/IMG_9455-640x400-300x188.jpg\" alt=\"IMG_9455-640x400\" width=\"450\" height=\"282\" srcset=\"https:\/\/proni.hr\/old.proni.hr\/wp-content\/uploads\/2018\/12\/IMG_9455-640x400-300x188.jpg 300w, https:\/\/proni.hr\/old.proni.hr\/wp-content\/uploads\/2018\/12\/IMG_9455-640x400-320x202.jpg 320w, https:\/\/proni.hr\/old.proni.hr\/wp-content\/uploads\/2018\/12\/IMG_9455-640x400.jpg 640w, https:\/\/proni.hr\/old.proni.hr\/wp-content\/uploads\/2018\/12\/IMG_9455-640x400-600x375.jpg 600w, https:\/\/proni.hr\/old.proni.hr\/wp-content\/uploads\/2018\/12\/IMG_9455-640x400-256x160.jpg 256w\" sizes=\"(max-width: 450px) 100vw, 450px\" \/><\/a><\/p>\n<p><a href=\"https:\/\/proni.hr\/old.proni.hr\/wp-content\/uploads\/2018\/12\/IMG_9438-640x400.jpg\"><img loading=\"lazy\" decoding=\"async\" class=\"aligncenter wp-image-4755\" src=\"https:\/\/proni.hr\/old.proni.hr\/wp-content\/uploads\/2018\/12\/IMG_9438-640x400-300x188.jpg\" alt=\"IMG_9438-640x400\" width=\"450\" height=\"282\" srcset=\"https:\/\/proni.hr\/old.proni.hr\/wp-content\/uploads\/2018\/12\/IMG_9438-640x400-300x188.jpg 300w, https:\/\/proni.hr\/old.proni.hr\/wp-content\/uploads\/2018\/12\/IMG_9438-640x400-320x202.jpg 320w, https:\/\/proni.hr\/old.proni.hr\/wp-content\/uploads\/2018\/12\/IMG_9438-640x400.jpg 640w, https:\/\/proni.hr\/old.proni.hr\/wp-content\/uploads\/2018\/12\/IMG_9438-640x400-600x375.jpg 600w, https:\/\/proni.hr\/old.proni.hr\/wp-content\/uploads\/2018\/12\/IMG_9438-640x400-256x160.jpg 256w\" sizes=\"(max-width: 450px) 100vw, 450px\" \/><\/a><\/p>\n<p><a href=\"https:\/\/proni.hr\/old.proni.hr\/wp-content\/uploads\/2018\/12\/IMG_9459-640x400.jpg\"><img loading=\"lazy\" decoding=\"async\" class=\"aligncenter wp-image-4758\" src=\"https:\/\/proni.hr\/old.proni.hr\/wp-content\/uploads\/2018\/12\/IMG_9459-640x400-300x188.jpg\" alt=\"IMG_9459-640x400\" width=\"450\" height=\"282\" srcset=\"https:\/\/proni.hr\/old.proni.hr\/wp-content\/uploads\/2018\/12\/IMG_9459-640x400-300x188.jpg 300w, https:\/\/proni.hr\/old.proni.hr\/wp-content\/uploads\/2018\/12\/IMG_9459-640x400-320x202.jpg 320w, https:\/\/proni.hr\/old.proni.hr\/wp-content\/uploads\/2018\/12\/IMG_9459-640x400.jpg 640w, https:\/\/proni.hr\/old.proni.hr\/wp-content\/uploads\/2018\/12\/IMG_9459-640x400-600x375.jpg 600w, https:\/\/proni.hr\/old.proni.hr\/wp-content\/uploads\/2018\/12\/IMG_9459-640x400-256x160.jpg 256w\" sizes=\"(max-width: 450px) 100vw, 450px\" \/><\/a><\/p>\n","protected":false},"excerpt":{"rendered":"<p>Povodom obilje\u017eavanja Me\u0111unarodnog dana volontera 5. prosinca PRONI Centar za socijalno podu\u010davanje, nositelj programa &#8220;Volonterski centar Vukovar&#8220;, sve\u010dano je uru\u010dio volonterske nagrade za 2018. godinu pojedincima i organizatorima volontiranja u sljede\u0107im kategorijama: Nagrada za volonterku godine \u2013 Nevena Ore\u0161\u010danin Svoj volonterski anga\u017eman zapo\u010dela je jo\u0161 prije tri godine. Po\u010dela je volontirati dok je \u017eivjela u [&hellip;]<\/p>\n","protected":false},"author":4,"featured_media":4749,"comment_status":"closed","ping_status":"open","sticky":false,"template":"","format":"standard","meta":{"footnotes":""},"categories":[4],"tags":[],"_links":{"self":[{"href":"https:\/\/proni.hr\/old.proni.hr\/wp-json\/wp\/v2\/posts\/4763"}],"collection":[{"href":"https:\/\/proni.hr\/old.proni.hr\/wp-json\/wp\/v2\/posts"}],"about":[{"href":"https:\/\/proni.hr\/old.proni.hr\/wp-json\/wp\/v2\/types\/post"}],"author":[{"embeddable":true,"href":"https:\/\/proni.hr\/old.proni.hr\/wp-json\/wp\/v2\/users\/4"}],"replies":[{"embeddable":true,"href":"https:\/\/proni.hr\/old.proni.hr\/wp-json\/wp\/v2\/comments?post=4763"}],"version-history":[{"count":14,"href":"https:\/\/proni.hr\/old.proni.hr\/wp-json\/wp\/v2\/posts\/4763\/revisions"}],"predecessor-version":[{"id":4777,"href":"https:\/\/proni.hr\/old.proni.hr\/wp-json\/wp\/v2\/posts\/4763\/revisions\/4777"}],"wp:featuredmedia":[{"embeddable":true,"href":"https:\/\/proni.hr\/old.proni.hr\/wp-json\/wp\/v2\/media\/4749"}],"wp:attachment":[{"href":"https:\/\/proni.hr\/old.proni.hr\/wp-json\/wp\/v2\/media?parent=4763"}],"wp:term":[{"taxonomy":"category","embeddable":true,"href":"https:\/\/proni.hr\/old.proni.hr\/wp-json\/wp\/v2\/categories?post=4763"},{"taxonomy":"post_tag","embeddable":true,"href":"https:\/\/proni.hr\/old.proni.hr\/wp-json\/wp\/v2\/tags?post=4763"}],"curies":[{"name":"wp","href":"https:\/\/api.w.org\/{rel}","templated":true}]}}