{"id":4780,"date":"2018-12-13T13:01:50","date_gmt":"2018-12-13T13:01:50","guid":{"rendered":"http:\/\/proni.hr\/?p=4780"},"modified":"2018-12-13T13:15:05","modified_gmt":"2018-12-13T13:15:05","slug":"proni-centar-za-socijalno-poducavanje-iz-osijeka-dobio-priznanje-za-kvalitetno-informiranje-mladih","status":"publish","type":"post","link":"https:\/\/proni.hr\/old.proni.hr\/proni-centar-za-socijalno-poducavanje-iz-osijeka-dobio-priznanje-za-kvalitetno-informiranje-mladih\/","title":{"rendered":"PRONI Centar za socijalno podu\u010davanje iz Osijeka dobio priznanje za kvalitetno informiranje mladih"},"content":{"rendered":"<p>Od osnivanja Eurodesk mre\u017ee u Hrvatskoj 2011.g. kao njezini aktivni \u010dlanovi, kroz razli\u010dite aktivnosti \u2013 informativne radionice, online informiranje, kampanje, mladima lokalne zajednice donosimo informacije o programima mobilnosti i motiviramo ih za sudjelovanje, kako bi to iskustvo putovanja, u\u010denja i aktivnog sudjelovanja, iskoristili za osobni razvoj i razvoj svoje zajednice. I za to smo dobili priznanje.<!--more--><\/p>\n<p>Agencija za mobilnost i programe Europske unije i Ministarstvo za demografiju, obitelj, mlade i socijalnu politiku, u utorak, 11. prosinca 2018. u Zagrebu, organizirali su <strong>sve\u010danu konferenciju u povodu slu\u017ebenog otvaranja programa Europske snage solidarnosti.<\/strong> <\/p>\n<p><strong>Europske snage solidarnosti<\/strong> su novi oplemenjeni program koji zauzima va\u017eno mjesto u volontiranju, naslje\u0111uju\u0107i program Europske volonterske slu\u017ebe, ali i nadopunjuju\u0107i ga novim mogu\u0107nostima. Kroz ovaj program<strong> mladi u dobi do 30 godina mogu sami volontirati u lokalnim ili europskim zajednicama, prijavljivati se u europske projekte putem kojih \u0107e sudjelovati u aktivnostima solidarnosti \u2013 poma\u017eu\u0107i osobe u nepovoljnijem polo\u017eaju i poticati solidarnost na razini cijelog dru\u0161tva.<\/strong><\/p>\n<p>Bila je ovo prigoda za <strong>dodjelu priznanja za informiranje mladih Eurodeskovim multiplikatorima<\/strong>. Eurodesk je europska informacijska mre\u017ea koja promi\u010de Europske snage solidarnosti, Erasmus+ i ostale programe me\u0111unarodne mobilnosti. Eurodesk Hrvatska ima 16 organizacija, multiplikatora,<strong> a PRONI Centar za socijalno podu\u010davanje iz Osijeka jedan je od njih te kroz Regionalni info-centar za mlade Osijek, Lokalni info-centar za mlade Vukovar i Lokalni info-centar za mlade Sisak, mlade informira o mogu\u0107nostima za mobilnost, europskim programima i politikama za mlade te ih poti\u010de da postanu aktivni gra\u0111ani. <\/strong><\/p>\n<p><strong>PRONI Centar<\/strong> za socijalno podu\u010davanje uklju\u010den je u Eurodesk mre\u017eu u Hrvatskoj <strong>od njezinog osnivanja 2011. godine<\/strong> i kroz razli\u010dite aktivnosti \u2013 <strong>informativne radionice, online informiranje, kampanje, mladima lokalne zajednice donosi najnovije informacije o programima mobilnosti i motivira ih za sudjelovanje, <\/strong><strong>kako bi to iskustvo putovanja i u\u010denja iskoristili za osobni razvoj i razvoj svoje zajednice.<\/strong><\/p>\n<p><a href=\"http:\/\/icm-osijek.info\/wp-content\/uploads\/2018\/12\/Eurodesk-Multiplikatori-Dodjela-priznanja1.jpg\"><img loading=\"lazy\" decoding=\"async\" src=\"http:\/\/icm-osijek.info\/wp-content\/uploads\/2018\/12\/Eurodesk-Multiplikatori-Dodjela-priznanja1.jpg\" alt=\"Eurodesk Multiplikatori - Dodjela priznanja\" width=\"4735\" height=\"3157\" class=\"alignright size-full wp-image-9687\" \/><\/a><\/p>\n<p>Na konferenciji su dodijeljene i nagrade za najinkluzivniji Erasmus+ projekt u podru\u010dju mladih, sudionici su imali priliku razgledati info sajam dobre prakse volontiranja u okviru EU programa \u201eVolontiram\u201c, sudjelovati u panel-diskusiji \u201eSOLIDARNOST \u2013 pojam, predrasude, o\u010dekivanja\u201c, gdje su  volonteri i stru\u010dnjaci iz podru\u010dja volontiranja poku\u0161ali pribli\u017eiti i pojasniti pojam solidarnosti kao noviteta i nadogradnje na prija\u0161nje volonterske programe Europske unije te je uru\u010dena nagrada hrvatskoj autorici pobjednici Eurodeskovog natje\u010daja Time to Move!<\/p>\n","protected":false},"excerpt":{"rendered":"<p>Od osnivanja Eurodesk mre\u017ee u Hrvatskoj 2011.g. kao njezini aktivni \u010dlanovi, kroz razli\u010dite aktivnosti \u2013 informativne radionice, online informiranje, kampanje, mladima lokalne zajednice donosimo informacije o programima mobilnosti i motiviramo ih za sudjelovanje, kako bi to iskustvo putovanja, u\u010denja i aktivnog sudjelovanja, iskoristili za osobni razvoj i razvoj svoje zajednice. I za to smo dobili [&hellip;]<\/p>\n","protected":false},"author":5,"featured_media":4782,"comment_status":"closed","ping_status":"open","sticky":false,"template":"","format":"standard","meta":{"footnotes":""},"categories":[4],"tags":[],"_links":{"self":[{"href":"https:\/\/proni.hr\/old.proni.hr\/wp-json\/wp\/v2\/posts\/4780"}],"collection":[{"href":"https:\/\/proni.hr\/old.proni.hr\/wp-json\/wp\/v2\/posts"}],"about":[{"href":"https:\/\/proni.hr\/old.proni.hr\/wp-json\/wp\/v2\/types\/post"}],"author":[{"embeddable":true,"href":"https:\/\/proni.hr\/old.proni.hr\/wp-json\/wp\/v2\/users\/5"}],"replies":[{"embeddable":true,"href":"https:\/\/proni.hr\/old.proni.hr\/wp-json\/wp\/v2\/comments?post=4780"}],"version-history":[{"count":3,"href":"https:\/\/proni.hr\/old.proni.hr\/wp-json\/wp\/v2\/posts\/4780\/revisions"}],"predecessor-version":[{"id":4784,"href":"https:\/\/proni.hr\/old.proni.hr\/wp-json\/wp\/v2\/posts\/4780\/revisions\/4784"}],"wp:featuredmedia":[{"embeddable":true,"href":"https:\/\/proni.hr\/old.proni.hr\/wp-json\/wp\/v2\/media\/4782"}],"wp:attachment":[{"href":"https:\/\/proni.hr\/old.proni.hr\/wp-json\/wp\/v2\/media?parent=4780"}],"wp:term":[{"taxonomy":"category","embeddable":true,"href":"https:\/\/proni.hr\/old.proni.hr\/wp-json\/wp\/v2\/categories?post=4780"},{"taxonomy":"post_tag","embeddable":true,"href":"https:\/\/proni.hr\/old.proni.hr\/wp-json\/wp\/v2\/tags?post=4780"}],"curies":[{"name":"wp","href":"https:\/\/api.w.org\/{rel}","templated":true}]}}