{"id":4790,"date":"2018-12-17T09:36:43","date_gmt":"2018-12-17T09:36:43","guid":{"rendered":"http:\/\/proni.hr\/?p=4790"},"modified":"2018-12-18T09:39:17","modified_gmt":"2018-12-18T09:39:17","slug":"skolonteri-obiljezili-medunarodni-dan-volontera","status":"publish","type":"post","link":"https:\/\/proni.hr\/old.proni.hr\/skolonteri-obiljezili-medunarodni-dan-volontera\/","title":{"rendered":"\u0160kolonteri obilje\u017eili Me\u0111unarodni dan volontera"},"content":{"rendered":"<p>Po\u010detkom prosinca, povodom obilje\u017eavanja Me\u0111unarodnog dana volontera, osnovne i srednje \u0161kole uklju\u010dene u provedbu projekta &#8220;<a href=\"https:\/\/proni.hr\/old.proni.hr\/portfolio-items\/skolontiranje\/?portfolioID=1284\">\u0160kolontiranje<\/a>&#8221; organizirale su mnogobrojne aktivnosti kojima su obilje\u017eile dan volontera. Ovim doga\u0111ajima jo\u0161 jednom je promoviran rad \u0161kolskih volonterskih klubova te istaknut zna\u010daj volonterstva za u\u010denike, \u0161kolu i lokalnu zajednicu. Tako\u0111er, ovo je bila i prilika za promociju volontera pa su tako upravo \u010dlanovi \u0161kolskih volonterskih klubova bili javno pohvaljeni i nagra\u0111eni pred ostalim u\u010denicima i \u0161kolskim osobljem, ali i roditeljima, suradnicima i partnerima \u0161kole koji su bili gosti na ovim doga\u0111anjima. Samim time poslana je i poruka kojom su se \u0161kole predstavile kao nositelji promjena i razvoja zajednice.<\/p>\n","protected":false},"excerpt":{"rendered":"<p>Po\u010detkom prosinca, povodom obilje\u017eavanja Me\u0111unarodnog dana volontera, osnovne i srednje \u0161kole uklju\u010dene u provedbu projekta &#8220;\u0160kolontiranje&#8221; organizirale su mnogobrojne aktivnosti kojima su obilje\u017eile dan volontera. Ovim doga\u0111ajima jo\u0161 jednom je promoviran rad \u0161kolskih volonterskih klubova te istaknut zna\u010daj volonterstva za u\u010denike, \u0161kolu i lokalnu zajednicu. Tako\u0111er, ovo je bila i prilika za promociju volontera pa [&hellip;]<\/p>\n","protected":false},"author":4,"featured_media":4787,"comment_status":"closed","ping_status":"open","sticky":false,"template":"","format":"standard","meta":{"footnotes":""},"categories":[4],"tags":[],"_links":{"self":[{"href":"https:\/\/proni.hr\/old.proni.hr\/wp-json\/wp\/v2\/posts\/4790"}],"collection":[{"href":"https:\/\/proni.hr\/old.proni.hr\/wp-json\/wp\/v2\/posts"}],"about":[{"href":"https:\/\/proni.hr\/old.proni.hr\/wp-json\/wp\/v2\/types\/post"}],"author":[{"embeddable":true,"href":"https:\/\/proni.hr\/old.proni.hr\/wp-json\/wp\/v2\/users\/4"}],"replies":[{"embeddable":true,"href":"https:\/\/proni.hr\/old.proni.hr\/wp-json\/wp\/v2\/comments?post=4790"}],"version-history":[{"count":2,"href":"https:\/\/proni.hr\/old.proni.hr\/wp-json\/wp\/v2\/posts\/4790\/revisions"}],"predecessor-version":[{"id":4792,"href":"https:\/\/proni.hr\/old.proni.hr\/wp-json\/wp\/v2\/posts\/4790\/revisions\/4792"}],"wp:featuredmedia":[{"embeddable":true,"href":"https:\/\/proni.hr\/old.proni.hr\/wp-json\/wp\/v2\/media\/4787"}],"wp:attachment":[{"href":"https:\/\/proni.hr\/old.proni.hr\/wp-json\/wp\/v2\/media?parent=4790"}],"wp:term":[{"taxonomy":"category","embeddable":true,"href":"https:\/\/proni.hr\/old.proni.hr\/wp-json\/wp\/v2\/categories?post=4790"},{"taxonomy":"post_tag","embeddable":true,"href":"https:\/\/proni.hr\/old.proni.hr\/wp-json\/wp\/v2\/tags?post=4790"}],"curies":[{"name":"wp","href":"https:\/\/api.w.org\/{rel}","templated":true}]}}