{"id":4793,"date":"2018-12-21T08:23:20","date_gmt":"2018-12-21T08:23:20","guid":{"rendered":"http:\/\/proni.hr\/?p=4793"},"modified":"2018-12-24T08:28:31","modified_gmt":"2018-12-24T08:28:31","slug":"odrzan-partnerski-sastanak-u-vukovaru","status":"publish","type":"post","link":"https:\/\/proni.hr\/old.proni.hr\/odrzan-partnerski-sastanak-u-vukovaru\/","title":{"rendered":"Odr\u017ean partnerski sastanak u Vukovaru"},"content":{"rendered":"<p>U okviru projekta &#8220;<a href=\"https:\/\/proni.hr\/old.proni.hr\/portfolio-items\/skolontiranje\/\">\u0160kolontiranje<\/a>&#8221; u Vukovaru je 20. prosinca odr\u017ean 5. partnerski sastanak. Bila je to prilika za zaklju\u010diti aktivnosti prvog polugodi\u0161ta ove \u0161kolske godine te sumirati postignute rezultate. Naravno, ovaj sastanak imao je za cilj i detaljno proanalizirati nadolaze\u0107e aktivnosti koje \u0107e se provoditi u narednom polugodi\u0161tu, a koje \u0107e svojim volonterskim aktivnostima doprinijeti daljnjem razvoju volonterstva u lokalnim zajednicama te oja\u010dati ulogu obrazovnih ustanova u ovom podru\u010dju.<\/p>\n","protected":false},"excerpt":{"rendered":"<p>U okviru projekta &#8220;\u0160kolontiranje&#8221; u Vukovaru je 20. prosinca odr\u017ean 5. partnerski sastanak. Bila je to prilika za zaklju\u010diti aktivnosti prvog polugodi\u0161ta ove \u0161kolske godine te sumirati postignute rezultate. Naravno, ovaj sastanak imao je za cilj i detaljno proanalizirati nadolaze\u0107e aktivnosti koje \u0107e se provoditi u narednom polugodi\u0161tu, a koje \u0107e svojim volonterskim aktivnostima doprinijeti [&hellip;]<\/p>\n","protected":false},"author":4,"featured_media":4799,"comment_status":"closed","ping_status":"open","sticky":false,"template":"","format":"standard","meta":{"footnotes":""},"categories":[4],"tags":[],"_links":{"self":[{"href":"https:\/\/proni.hr\/old.proni.hr\/wp-json\/wp\/v2\/posts\/4793"}],"collection":[{"href":"https:\/\/proni.hr\/old.proni.hr\/wp-json\/wp\/v2\/posts"}],"about":[{"href":"https:\/\/proni.hr\/old.proni.hr\/wp-json\/wp\/v2\/types\/post"}],"author":[{"embeddable":true,"href":"https:\/\/proni.hr\/old.proni.hr\/wp-json\/wp\/v2\/users\/4"}],"replies":[{"embeddable":true,"href":"https:\/\/proni.hr\/old.proni.hr\/wp-json\/wp\/v2\/comments?post=4793"}],"version-history":[{"count":2,"href":"https:\/\/proni.hr\/old.proni.hr\/wp-json\/wp\/v2\/posts\/4793\/revisions"}],"predecessor-version":[{"id":4798,"href":"https:\/\/proni.hr\/old.proni.hr\/wp-json\/wp\/v2\/posts\/4793\/revisions\/4798"}],"wp:featuredmedia":[{"embeddable":true,"href":"https:\/\/proni.hr\/old.proni.hr\/wp-json\/wp\/v2\/media\/4799"}],"wp:attachment":[{"href":"https:\/\/proni.hr\/old.proni.hr\/wp-json\/wp\/v2\/media?parent=4793"}],"wp:term":[{"taxonomy":"category","embeddable":true,"href":"https:\/\/proni.hr\/old.proni.hr\/wp-json\/wp\/v2\/categories?post=4793"},{"taxonomy":"post_tag","embeddable":true,"href":"https:\/\/proni.hr\/old.proni.hr\/wp-json\/wp\/v2\/tags?post=4793"}],"curies":[{"name":"wp","href":"https:\/\/api.w.org\/{rel}","templated":true}]}}