{"id":4802,"date":"2019-01-09T07:14:49","date_gmt":"2019-01-09T07:14:49","guid":{"rendered":"http:\/\/proni.hr\/?p=4802"},"modified":"2019-01-09T07:26:54","modified_gmt":"2019-01-09T07:26:54","slug":"projekt-osa-poziv-za-sudjelovanje-u-2-ciklusu","status":"publish","type":"post","link":"https:\/\/proni.hr\/old.proni.hr\/projekt-osa-poziv-za-sudjelovanje-u-2-ciklusu\/","title":{"rendered":"Projekt OSA \u2013 Poziv za sudjelovanje u 2. ciklusu"},"content":{"rendered":"<p>Pozivamo <strong>sve mlade visokoobrazovane nezaposlene osobe ili dugotrajno nezaposlene osobe s podru\u010dja Osje\u010dko-baranjske \u017eupanije da se prijave na sudjelovanje u aktivnostima projekta OSA<\/strong> te si tako omogu\u0107e stjecanje konkurentnih znanja za prednost na tr\u017ei\u0161tu rada i razvoj vlastite karijere. 2. ciklus programa edukacije Voditelj EU projekata zapo\u010det \u0107e u srijedu, 16. sije\u010dnja 2019. godine za novih 30-ak sudionika.<!--more--><\/p>\n<p>U prosinca 2018. godine, zavr\u0161ila je provedba 1. ciklusa certificiranog programa edukacije Voditelj EU projekata u kojem je sudjelovao 21 polaznik, a izvodio se u okviru projekta OSA \u2013 Obrazovanjem do SAmoinicijative, koji je u potpunosti financiran iz Europskog socijalnog fonda. Nositelj projekta OSA je Ekonomski fakultet u Osijeku, a partneri su Sveu\u010dili\u0161te J. J. Strossmayera u Osijeku, PRONI centar za socijalno podu\u010davanje i Centar za poduzetni\u0161tvo. Projekt je usmjeren na <strong>razvoj i unaprje\u0111enje kompetencija osoba u nepovoljnom polo\u017eaju \u2013 mladih visokoobrazovanih nezaposlenih osoba i dugotrajno nezaposlenih visokoobrazovanih osoba.<\/strong><\/p>\n<p>Certificirana edukacija za voditelja EU projekata obuhva\u0107ala je predavanja iz 9 kolegija i ukupno 118 sati interaktivne nastave, na kojoj su polaznici imali prilike usvojiti znanja i vje\u0161tine o metodologiji pripreme i provedbe projekata, Project Cycle Management (PCM) metodologiji, tehnikama i alatima za strate\u0161ko promi\u0161ljanje, razradi i provedbi projektnih ideja te izradi studije izvodljivosti i Cost benefit analizi.<\/p>\n<p>Nakon odslu\u0161anih predavanja,<strong> krajem sije\u010dnja 2019. godine, polaznike o\u010dekuje prakti\u010dan rad na konkretnim projektnim zadacima pod vodstvom mentora koji \u0107e voditi i usmjeravati 6 projektnih timova. <\/strong>Timovi \u0107e razra\u0111ivati vlastite projektne ideje temeljene na primjerima stvarnih objavljenih natje\u010daja i na taj na\u010din utvrditi ste\u010dena znanja i vje\u0161tine. Po zavr\u0161etku aktivnosti mentoriranja, polaznicima \u0107e biti <strong>dodijeljen certifikat te 10 ECTS bodova<\/strong>. U okviru projekta OSA predvi\u0111ene su i druge aktivnosti koje \u0107e polaznicima osigurati stjecanje i unapre\u0111enje konkurentnih znanja i vje\u0161tina potrebnih na tr\u017ei\u0161tu rada i u procesu samozapo\u0161ljavanja. Paralelno s aktivno\u0161\u0107u mentoriranja provodit \u0107e se i <strong>set radionica \u201cMala \u0161kola \u017eivotnih vje\u0161tina\u201c, \u201cProaktivan pristup tr\u017ei\u0161tu rada\u201c, \u201cCjelo\u017eivotno obrazovanje\u201c i \u201cInovativno poduzetni\u0161tvo\u201c, pod vodstvom PRONI centra za socijalno podu\u010davanje.<\/strong><\/p>\n<p>U okviru projekta, bit \u0107e organiziran i Poduzetni\u010dki kamp koji \u0107e obuhva\u0107ati 5 dana boravka na lokalitetu na podru\u010dju Osje\u010dko-baranjske \u017eupanije kako bi sudionici unaprijedili svoja znanja i vje\u0161tine o poduzetni\u0161tvu, te konferencija \u201ePoduzetni\u0161tvo + Inovativnost = Konkurentnost\u201c kao idealna prilika za razmjenu ste\u010denih znanja i umre\u017eavanje s predstavnicima Lokalnog partnerstva za zapo\u0161ljavanje kao i ostalim dionicima zna\u010dajnim u podru\u010dju obrazovanja i zapo\u0161ljavanja.<\/p>\n<p><strong>2. ciklus programa edukacije Voditelj EU projekata zapo\u010det \u0107e u srijedu, 16. sije\u010dnja 2019. godine za novih 30-ak sudionika.<\/strong><\/p>\n<p>Pozivamo <strong>sve mlade visokoobrazovane nezaposlene osobe ili dugotrajno nezaposlene osobe s podru\u010dja Osje\u010dko-baranjske \u017eupanije <\/strong>da se prijave na sudjelovanje u aktivnostima projekta OSA te si tako omogu\u0107e <strong>stjecanje konkurentnih znanja za prednost na tr\u017ei\u0161tu rada i razvoj vlastite karijere<\/strong>.<\/p>\n<p>Za prijavu na sudjelovanje, molimo Vas da <strong>po\u0161aljete \u017eivotopis i motivacijsko pismo najkasnije do ponedjeljka, 14. sije\u010dnja 2019. godine, na e-mail osa@efos.hr.<\/strong><\/p>\n<p>Za sve informacije slobodno nas kontaktirajte telefonom na broj 031\/ 224 \u2013 490.<\/p>\n<p>Vi\u0161e informacija o projektu raspolo\u017eivo je <a href=\"http:\/\/icm-osijek.info\/wp-content\/uploads\/2019\/01\/INFO-O-PROJEKTU-OSA.docx\" rel=\"noopener\" target=\"_blank\"><strong>OVDJE.<\/strong><\/a><\/p>\n<p>Napomena:<\/p>\n<p>Svi prijavljeni kandidati prihva\u0107aju da nositelj, partneri i ugovorno tijelo mogu koristiti njihove osobne podatke u svrhu provedbe projektnih aktivnosti, informiranja i izvje\u0161tavanja o projektu.<\/p>\n<p>**Projekt je sufinancirala Europska unija iz Europskog socijalnog fonda.<\/p>\n","protected":false},"excerpt":{"rendered":"<p>Pozivamo sve mlade visokoobrazovane nezaposlene osobe ili dugotrajno nezaposlene osobe s podru\u010dja Osje\u010dko-baranjske \u017eupanije da se prijave na sudjelovanje u aktivnostima projekta OSA te si tako omogu\u0107e stjecanje konkurentnih znanja za prednost na tr\u017ei\u0161tu rada i razvoj vlastite karijere. 2. ciklus programa edukacije Voditelj EU projekata zapo\u010det \u0107e u srijedu, 16. sije\u010dnja 2019. godine za [&hellip;]<\/p>\n","protected":false},"author":5,"featured_media":4803,"comment_status":"closed","ping_status":"open","sticky":false,"template":"","format":"standard","meta":{"footnotes":""},"categories":[4],"tags":[],"_links":{"self":[{"href":"https:\/\/proni.hr\/old.proni.hr\/wp-json\/wp\/v2\/posts\/4802"}],"collection":[{"href":"https:\/\/proni.hr\/old.proni.hr\/wp-json\/wp\/v2\/posts"}],"about":[{"href":"https:\/\/proni.hr\/old.proni.hr\/wp-json\/wp\/v2\/types\/post"}],"author":[{"embeddable":true,"href":"https:\/\/proni.hr\/old.proni.hr\/wp-json\/wp\/v2\/users\/5"}],"replies":[{"embeddable":true,"href":"https:\/\/proni.hr\/old.proni.hr\/wp-json\/wp\/v2\/comments?post=4802"}],"version-history":[{"count":1,"href":"https:\/\/proni.hr\/old.proni.hr\/wp-json\/wp\/v2\/posts\/4802\/revisions"}],"predecessor-version":[{"id":4804,"href":"https:\/\/proni.hr\/old.proni.hr\/wp-json\/wp\/v2\/posts\/4802\/revisions\/4804"}],"wp:featuredmedia":[{"embeddable":true,"href":"https:\/\/proni.hr\/old.proni.hr\/wp-json\/wp\/v2\/media\/4803"}],"wp:attachment":[{"href":"https:\/\/proni.hr\/old.proni.hr\/wp-json\/wp\/v2\/media?parent=4802"}],"wp:term":[{"taxonomy":"category","embeddable":true,"href":"https:\/\/proni.hr\/old.proni.hr\/wp-json\/wp\/v2\/categories?post=4802"},{"taxonomy":"post_tag","embeddable":true,"href":"https:\/\/proni.hr\/old.proni.hr\/wp-json\/wp\/v2\/tags?post=4802"}],"curies":[{"name":"wp","href":"https:\/\/api.w.org\/{rel}","templated":true}]}}