{"id":4818,"date":"2019-01-28T12:30:02","date_gmt":"2019-01-28T12:30:02","guid":{"rendered":"http:\/\/proni.hr\/?p=4818"},"modified":"2019-01-28T12:42:53","modified_gmt":"2019-01-28T12:42:53","slug":"skolonterska-akcija-u-zupanji","status":"publish","type":"post","link":"https:\/\/proni.hr\/old.proni.hr\/skolonterska-akcija-u-zupanji\/","title":{"rendered":"\u0160kolonterska akcija u \u017dupanji"},"content":{"rendered":"<p>S po\u010detkom drugog polugodi\u0161ta \u0161kolske godine \u010dlanovi \u0161kolskog volonterskog kluba &#8220;Agape&#8221;, Obrtni\u010dko-industrijske \u0161kole \u017dupanja, odr\u017eali su svoju prvu \u0161kolontersku akciju u okviru projekta &#8220;<a href=\"https:\/\/proni.hr\/old.proni.hr\/portfolio-items\/skolontiranje\/\">\u0160kolontiranje<\/a>&#8220;.<br \/>\nTako su kroz nekoliko dana, zapo\u010dev\u0161i 19., a zavr\u0161iv\u0161i 23. sije\u010dnja 2019., uredili prostor tzv. \u0161kolskog \u201cbazena\u201c u kojem se u\u010denici zadr\u017eavaju i provode slobodno vrijeme.<\/p>\n<p>Tijekom volonterske akcije u kojoj je pored \u010dlanova sudjelovalo i \u0161kolsko osoblje te drugi volonteri, bojao se prostor, brusile i lakirale klupe te izradili jastu\u010di\u0107i za sjedenje, a sve s ciljem postizanja ugodnijeg i ljep\u0161eg prostora za boravak u\u010denika.<\/p>\n<p><a href=\"https:\/\/proni.hr\/old.proni.hr\/wp-content\/uploads\/2019\/01\/\u0160kolska-volonterska-akcija-u-\u017dupanji-2.jpg\"><img loading=\"lazy\" decoding=\"async\" class=\"aligncenter wp-image-4822\" src=\"https:\/\/proni.hr\/old.proni.hr\/wp-content\/uploads\/2019\/01\/\u0160kolska-volonterska-akcija-u-\u017dupanji-2-300x225.jpg\" alt=\"\u0160kolska volonterska akcija u \u017dupanji (2)\" width=\"480\" height=\"360\" srcset=\"https:\/\/proni.hr\/old.proni.hr\/wp-content\/uploads\/2019\/01\/\u0160kolska-volonterska-akcija-u-\u017dupanji-2-300x225.jpg 300w, https:\/\/proni.hr\/old.proni.hr\/wp-content\/uploads\/2019\/01\/\u0160kolska-volonterska-akcija-u-\u017dupanji-2-768x576.jpg 768w, https:\/\/proni.hr\/old.proni.hr\/wp-content\/uploads\/2019\/01\/\u0160kolska-volonterska-akcija-u-\u017dupanji-2-600x450.jpg 600w, https:\/\/proni.hr\/old.proni.hr\/wp-content\/uploads\/2019\/01\/\u0160kolska-volonterska-akcija-u-\u017dupanji-2-213x160.jpg 213w, https:\/\/proni.hr\/old.proni.hr\/wp-content\/uploads\/2019\/01\/\u0160kolska-volonterska-akcija-u-\u017dupanji-2.jpg 800w\" sizes=\"(max-width: 480px) 100vw, 480px\" \/><\/a><\/p>\n<p><a href=\"https:\/\/proni.hr\/old.proni.hr\/wp-content\/uploads\/2019\/01\/\u0160kolska-volonterska-akcija-u-\u017dupanji-1.jpg\"><img loading=\"lazy\" decoding=\"async\" class=\"aligncenter wp-image-4821\" src=\"https:\/\/proni.hr\/old.proni.hr\/wp-content\/uploads\/2019\/01\/\u0160kolska-volonterska-akcija-u-\u017dupanji-1-300x225.jpg\" alt=\"\u0160kolska volonterska akcija u \u017dupanji (1)\" width=\"480\" height=\"360\" srcset=\"https:\/\/proni.hr\/old.proni.hr\/wp-content\/uploads\/2019\/01\/\u0160kolska-volonterska-akcija-u-\u017dupanji-1-300x225.jpg 300w, https:\/\/proni.hr\/old.proni.hr\/wp-content\/uploads\/2019\/01\/\u0160kolska-volonterska-akcija-u-\u017dupanji-1-768x576.jpg 768w, https:\/\/proni.hr\/old.proni.hr\/wp-content\/uploads\/2019\/01\/\u0160kolska-volonterska-akcija-u-\u017dupanji-1-600x450.jpg 600w, https:\/\/proni.hr\/old.proni.hr\/wp-content\/uploads\/2019\/01\/\u0160kolska-volonterska-akcija-u-\u017dupanji-1-213x160.jpg 213w, https:\/\/proni.hr\/old.proni.hr\/wp-content\/uploads\/2019\/01\/\u0160kolska-volonterska-akcija-u-\u017dupanji-1.jpg 800w\" sizes=\"(max-width: 480px) 100vw, 480px\" \/><\/a><\/p>\n<p><a href=\"https:\/\/proni.hr\/old.proni.hr\/wp-content\/uploads\/2019\/01\/\u0160kolska-volonterska-akcija-u-\u017dupanji-3.jpg\"><img loading=\"lazy\" decoding=\"async\" class=\"aligncenter wp-image-4823\" src=\"https:\/\/proni.hr\/old.proni.hr\/wp-content\/uploads\/2019\/01\/\u0160kolska-volonterska-akcija-u-\u017dupanji-3-300x225.jpg\" alt=\"\u0160kolska volonterska akcija u \u017dupanji (3)\" width=\"480\" height=\"360\" srcset=\"https:\/\/proni.hr\/old.proni.hr\/wp-content\/uploads\/2019\/01\/\u0160kolska-volonterska-akcija-u-\u017dupanji-3-300x225.jpg 300w, https:\/\/proni.hr\/old.proni.hr\/wp-content\/uploads\/2019\/01\/\u0160kolska-volonterska-akcija-u-\u017dupanji-3-768x576.jpg 768w, https:\/\/proni.hr\/old.proni.hr\/wp-content\/uploads\/2019\/01\/\u0160kolska-volonterska-akcija-u-\u017dupanji-3-600x450.jpg 600w, https:\/\/proni.hr\/old.proni.hr\/wp-content\/uploads\/2019\/01\/\u0160kolska-volonterska-akcija-u-\u017dupanji-3-213x160.jpg 213w, https:\/\/proni.hr\/old.proni.hr\/wp-content\/uploads\/2019\/01\/\u0160kolska-volonterska-akcija-u-\u017dupanji-3.jpg 800w\" sizes=\"(max-width: 480px) 100vw, 480px\" \/><\/a><\/p>\n<p><a href=\"https:\/\/proni.hr\/old.proni.hr\/wp-content\/uploads\/2019\/01\/\u0160kolska-volonterska-akcija-u-\u017dupanji-5.jpg\"><img loading=\"lazy\" decoding=\"async\" class=\"aligncenter wp-image-4819\" src=\"https:\/\/proni.hr\/old.proni.hr\/wp-content\/uploads\/2019\/01\/\u0160kolska-volonterska-akcija-u-\u017dupanji-5-225x300.jpg\" alt=\"\u0160kolska volonterska akcija u \u017dupanji (5)\" width=\"380\" height=\"507\" srcset=\"https:\/\/proni.hr\/old.proni.hr\/wp-content\/uploads\/2019\/01\/\u0160kolska-volonterska-akcija-u-\u017dupanji-5-225x300.jpg 225w, https:\/\/proni.hr\/old.proni.hr\/wp-content\/uploads\/2019\/01\/\u0160kolska-volonterska-akcija-u-\u017dupanji-5-768x1024.jpg 768w, https:\/\/proni.hr\/old.proni.hr\/wp-content\/uploads\/2019\/01\/\u0160kolska-volonterska-akcija-u-\u017dupanji-5-450x600.jpg 450w, https:\/\/proni.hr\/old.proni.hr\/wp-content\/uploads\/2019\/01\/\u0160kolska-volonterska-akcija-u-\u017dupanji-5-120x160.jpg 120w, https:\/\/proni.hr\/old.proni.hr\/wp-content\/uploads\/2019\/01\/\u0160kolska-volonterska-akcija-u-\u017dupanji-5.jpg 960w\" sizes=\"(max-width: 380px) 100vw, 380px\" \/><\/a><\/p>\n<p><a href=\"https:\/\/proni.hr\/old.proni.hr\/wp-content\/uploads\/2019\/01\/\u0160kolska-volonterska-akcija-u-\u017dupanji-4.jpg\"><img loading=\"lazy\" decoding=\"async\" class=\"aligncenter wp-image-4824\" src=\"https:\/\/proni.hr\/old.proni.hr\/wp-content\/uploads\/2019\/01\/\u0160kolska-volonterska-akcija-u-\u017dupanji-4-225x300.jpg\" alt=\"\u0160kolska volonterska akcija u \u017dupanji (4)\" width=\"379\" height=\"505\" srcset=\"https:\/\/proni.hr\/old.proni.hr\/wp-content\/uploads\/2019\/01\/\u0160kolska-volonterska-akcija-u-\u017dupanji-4-225x300.jpg 225w, https:\/\/proni.hr\/old.proni.hr\/wp-content\/uploads\/2019\/01\/\u0160kolska-volonterska-akcija-u-\u017dupanji-4-768x1024.jpg 768w, https:\/\/proni.hr\/old.proni.hr\/wp-content\/uploads\/2019\/01\/\u0160kolska-volonterska-akcija-u-\u017dupanji-4-450x600.jpg 450w, https:\/\/proni.hr\/old.proni.hr\/wp-content\/uploads\/2019\/01\/\u0160kolska-volonterska-akcija-u-\u017dupanji-4-120x160.jpg 120w, https:\/\/proni.hr\/old.proni.hr\/wp-content\/uploads\/2019\/01\/\u0160kolska-volonterska-akcija-u-\u017dupanji-4.jpg 800w\" sizes=\"(max-width: 379px) 100vw, 379px\" \/><\/a><\/p>\n","protected":false},"excerpt":{"rendered":"<p>S po\u010detkom drugog polugodi\u0161ta \u0161kolske godine \u010dlanovi \u0161kolskog volonterskog kluba &#8220;Agape&#8221;, Obrtni\u010dko-industrijske \u0161kole \u017dupanja, odr\u017eali su svoju prvu \u0161kolontersku akciju u okviru projekta &#8220;\u0160kolontiranje&#8220;. Tako su kroz nekoliko dana, zapo\u010dev\u0161i 19., a zavr\u0161iv\u0161i 23. sije\u010dnja 2019., uredili prostor tzv. \u0161kolskog \u201cbazena\u201c u kojem se u\u010denici zadr\u017eavaju i provode slobodno vrijeme. Tijekom volonterske akcije u kojoj [&hellip;]<\/p>\n","protected":false},"author":4,"featured_media":4820,"comment_status":"closed","ping_status":"open","sticky":false,"template":"","format":"standard","meta":{"footnotes":""},"categories":[4],"tags":[],"_links":{"self":[{"href":"https:\/\/proni.hr\/old.proni.hr\/wp-json\/wp\/v2\/posts\/4818"}],"collection":[{"href":"https:\/\/proni.hr\/old.proni.hr\/wp-json\/wp\/v2\/posts"}],"about":[{"href":"https:\/\/proni.hr\/old.proni.hr\/wp-json\/wp\/v2\/types\/post"}],"author":[{"embeddable":true,"href":"https:\/\/proni.hr\/old.proni.hr\/wp-json\/wp\/v2\/users\/4"}],"replies":[{"embeddable":true,"href":"https:\/\/proni.hr\/old.proni.hr\/wp-json\/wp\/v2\/comments?post=4818"}],"version-history":[{"count":5,"href":"https:\/\/proni.hr\/old.proni.hr\/wp-json\/wp\/v2\/posts\/4818\/revisions"}],"predecessor-version":[{"id":4829,"href":"https:\/\/proni.hr\/old.proni.hr\/wp-json\/wp\/v2\/posts\/4818\/revisions\/4829"}],"wp:featuredmedia":[{"embeddable":true,"href":"https:\/\/proni.hr\/old.proni.hr\/wp-json\/wp\/v2\/media\/4820"}],"wp:attachment":[{"href":"https:\/\/proni.hr\/old.proni.hr\/wp-json\/wp\/v2\/media?parent=4818"}],"wp:term":[{"taxonomy":"category","embeddable":true,"href":"https:\/\/proni.hr\/old.proni.hr\/wp-json\/wp\/v2\/categories?post=4818"},{"taxonomy":"post_tag","embeddable":true,"href":"https:\/\/proni.hr\/old.proni.hr\/wp-json\/wp\/v2\/tags?post=4818"}],"curies":[{"name":"wp","href":"https:\/\/api.w.org\/{rel}","templated":true}]}}