{"id":4836,"date":"2019-02-08T12:51:09","date_gmt":"2019-02-08T12:51:09","guid":{"rendered":"http:\/\/proni.hr\/?p=4836"},"modified":"2019-03-08T12:08:31","modified_gmt":"2019-03-08T12:08:31","slug":"glas-putem-fotografije-migracije","status":"publish","type":"post","link":"https:\/\/proni.hr\/old.proni.hr\/glas-putem-fotografije-migracije\/","title":{"rendered":"Glas putem fotografije &#8211; Migracije"},"content":{"rendered":"<p>U okviru projekta \u201c<a href=\"https:\/\/proni.hr\/old.proni.hr\/portfolio-items\/sve-za-prava-ljudska-prava\/?portfolioID=1284\">Sve za prava. Ljudska prava<\/a>\u201d, koji za cilj ima zagovarati edukacije o ljudskim pravima te podi\u0107i razinu svijesti kod mladih o va\u017enosti njegovanja i prakticiranja istih, PRONI Centar za socijalno podu\u010davanje u suradnji s mladima iz Vukovara pripremio je izlo\u017ebu na temu migracija.<\/p>\n<p>Mladi iz Vukovara sudjelovali su u aktivnosti \u201cPhoto Voice \u2013 Glas putem fotografije\u201d te su kamerama zabilje\u017eili svoja razmi\u0161ljanja i osje\u0107aje povezane s tom temom.<br \/>\nFotografije i tekst koji ih prati predstavljeni su javnosti u obliku izlo\u017ebe u holu Golubica mall-a od petka 8. velja\u010de te \u0107e biti dostupna posjetiteljima tr\u017enog centra do ponedjeljka 11. velja\u010de.<\/p>\n<p>Izlo\u017eba fotografija dostupna je i u <a href=\"https:\/\/issuu.com\/pronicentar\/docs\/photo_voice\" target=\"_blank\">digitalnom obliku<\/a> kako bi poruka mladih dospjela do \u0161to ve\u0107eg broja gra\u0111ana.<\/p>\n<p><a href=\"https:\/\/proni.hr\/old.proni.hr\/wp-content\/uploads\/2018\/09\/Logo-Erasmus-.jpeg\"><img loading=\"lazy\" decoding=\"async\" class=\"size-medium wp-image-4560 alignright\" src=\"https:\/\/proni.hr\/old.proni.hr\/wp-content\/uploads\/2018\/09\/Logo-Erasmus--300x86.jpeg\" alt=\"Logo Erasmus +\" width=\"300\" height=\"86\" srcset=\"https:\/\/proni.hr\/old.proni.hr\/wp-content\/uploads\/2018\/09\/Logo-Erasmus--300x86.jpeg 300w, https:\/\/proni.hr\/old.proni.hr\/wp-content\/uploads\/2018\/09\/Logo-Erasmus--768x219.jpeg 768w, https:\/\/proni.hr\/old.proni.hr\/wp-content\/uploads\/2018\/09\/Logo-Erasmus--1024x292.jpeg 1024w, https:\/\/proni.hr\/old.proni.hr\/wp-content\/uploads\/2018\/09\/Logo-Erasmus--600x171.jpeg 600w, https:\/\/proni.hr\/old.proni.hr\/wp-content\/uploads\/2018\/09\/Logo-Erasmus--280x80.jpeg 280w, https:\/\/proni.hr\/old.proni.hr\/wp-content\/uploads\/2018\/09\/Logo-Erasmus-.jpeg 1964w\" sizes=\"(max-width: 300px) 100vw, 300px\" \/><\/a>Ovim putem zahvaljujemo Gradskom muzeju Vukovar te tr\u017enom centru Golubica Mall na pru\u017eenoj potpori.<\/p>\n","protected":false},"excerpt":{"rendered":"<p>U okviru projekta \u201cSve za prava. Ljudska prava\u201d, koji za cilj ima zagovarati edukacije o ljudskim pravima te podi\u0107i razinu svijesti kod mladih o va\u017enosti njegovanja i prakticiranja istih, PRONI Centar za socijalno podu\u010davanje u suradnji s mladima iz Vukovara pripremio je izlo\u017ebu na temu migracija. Mladi iz Vukovara sudjelovali su u aktivnosti \u201cPhoto Voice [&hellip;]<\/p>\n","protected":false},"author":4,"featured_media":4837,"comment_status":"closed","ping_status":"open","sticky":false,"template":"","format":"standard","meta":{"footnotes":""},"categories":[4],"tags":[],"_links":{"self":[{"href":"https:\/\/proni.hr\/old.proni.hr\/wp-json\/wp\/v2\/posts\/4836"}],"collection":[{"href":"https:\/\/proni.hr\/old.proni.hr\/wp-json\/wp\/v2\/posts"}],"about":[{"href":"https:\/\/proni.hr\/old.proni.hr\/wp-json\/wp\/v2\/types\/post"}],"author":[{"embeddable":true,"href":"https:\/\/proni.hr\/old.proni.hr\/wp-json\/wp\/v2\/users\/4"}],"replies":[{"embeddable":true,"href":"https:\/\/proni.hr\/old.proni.hr\/wp-json\/wp\/v2\/comments?post=4836"}],"version-history":[{"count":5,"href":"https:\/\/proni.hr\/old.proni.hr\/wp-json\/wp\/v2\/posts\/4836\/revisions"}],"predecessor-version":[{"id":4888,"href":"https:\/\/proni.hr\/old.proni.hr\/wp-json\/wp\/v2\/posts\/4836\/revisions\/4888"}],"wp:featuredmedia":[{"embeddable":true,"href":"https:\/\/proni.hr\/old.proni.hr\/wp-json\/wp\/v2\/media\/4837"}],"wp:attachment":[{"href":"https:\/\/proni.hr\/old.proni.hr\/wp-json\/wp\/v2\/media?parent=4836"}],"wp:term":[{"taxonomy":"category","embeddable":true,"href":"https:\/\/proni.hr\/old.proni.hr\/wp-json\/wp\/v2\/categories?post=4836"},{"taxonomy":"post_tag","embeddable":true,"href":"https:\/\/proni.hr\/old.proni.hr\/wp-json\/wp\/v2\/tags?post=4836"}],"curies":[{"name":"wp","href":"https:\/\/api.w.org\/{rel}","templated":true}]}}