{"id":484,"date":"2015-01-05T19:39:52","date_gmt":"2015-01-05T19:39:52","guid":{"rendered":"http:\/\/proni.hr\/?p=484"},"modified":"2015-01-05T19:39:52","modified_gmt":"2015-01-05T19:39:52","slug":"program-za-mlade-na-podrucju-grada-osijeka-3","status":"publish","type":"post","link":"https:\/\/proni.hr\/old.proni.hr\/program-za-mlade-na-podrucju-grada-osijeka-3\/","title":{"rendered":"Program za mlade na podru\u010dju grada Osijeka"},"content":{"rendered":"<p><span class=\"sadrzaj\">Dana\u0161njom konferencijom za novinare, 12.4.2014. zapo\u010dela je kampanja &#8220;Kreni pa \u0107e\u0161 sti\u0107i&#8221; kojom se \u017eeli pozvati sve zainteresirane mlade\u00a0<\/span><span class=\"sadrzaj\">na sudjelovanje u kreiranju Nacrta novog Programa za mlade na podru\u010dju\u00a0<a href=\"http:\/\/www.osijek.hr\/index.php\/cro\/Novosti\/Poziv-mladima-na-sudjelovanje-u-kreiranju-Nacrta-Programa-za-mlade-2014.-2018\" target=\"_blank\">grada Osijeka<\/a>\u00a0za razdoblje 2014.-2018. Proces je zapo\u010deo Savjet mladih Grada Osijeka, a provodi se u suradnji s PRONI Centrom kroz projekt Regionalni info-centar za mlade Osijek. Javna rasprava \u0107e se odr\u017eati 4.4.2014. u prostoru gradske \u010detvrti Gornji Grad, Trg lava Mirskog 1, s po\u010detkom u 10 sati.<\/span><\/p>\n","protected":false},"excerpt":{"rendered":"<p>Dana\u0161njom konferencijom za novinare, 12.4.2014. zapo\u010dela je kampanja &#8220;Kreni pa \u0107e\u0161 sti\u0107i&#8221; kojom se \u017eeli pozvati sve zainteresirane mlade\u00a0na sudjelovanje u kreiranju Nacrta novog Programa za mlade na podru\u010dju\u00a0grada Osijeka\u00a0za razdoblje 2014.-2018. Proces je zapo\u010deo Savjet mladih Grada Osijeka, a provodi se u suradnji s PRONI Centrom kroz projekt Regionalni info-centar za mlade Osijek. Javna [&hellip;]<\/p>\n","protected":false},"author":5,"featured_media":0,"comment_status":"open","ping_status":"open","sticky":false,"template":"","format":"standard","meta":{"footnotes":""},"categories":[4],"tags":[],"_links":{"self":[{"href":"https:\/\/proni.hr\/old.proni.hr\/wp-json\/wp\/v2\/posts\/484"}],"collection":[{"href":"https:\/\/proni.hr\/old.proni.hr\/wp-json\/wp\/v2\/posts"}],"about":[{"href":"https:\/\/proni.hr\/old.proni.hr\/wp-json\/wp\/v2\/types\/post"}],"author":[{"embeddable":true,"href":"https:\/\/proni.hr\/old.proni.hr\/wp-json\/wp\/v2\/users\/5"}],"replies":[{"embeddable":true,"href":"https:\/\/proni.hr\/old.proni.hr\/wp-json\/wp\/v2\/comments?post=484"}],"version-history":[{"count":0,"href":"https:\/\/proni.hr\/old.proni.hr\/wp-json\/wp\/v2\/posts\/484\/revisions"}],"wp:attachment":[{"href":"https:\/\/proni.hr\/old.proni.hr\/wp-json\/wp\/v2\/media?parent=484"}],"wp:term":[{"taxonomy":"category","embeddable":true,"href":"https:\/\/proni.hr\/old.proni.hr\/wp-json\/wp\/v2\/categories?post=484"},{"taxonomy":"post_tag","embeddable":true,"href":"https:\/\/proni.hr\/old.proni.hr\/wp-json\/wp\/v2\/tags?post=484"}],"curies":[{"name":"wp","href":"https:\/\/api.w.org\/{rel}","templated":true}]}}