{"id":4842,"date":"2019-02-22T10:52:11","date_gmt":"2019-02-22T10:52:11","guid":{"rendered":"http:\/\/proni.hr\/?p=4842"},"modified":"2019-02-22T10:53:46","modified_gmt":"2019-02-22T10:53:46","slug":"iskra-proslavila-prvi-rodendan","status":"publish","type":"post","link":"https:\/\/proni.hr\/old.proni.hr\/iskra-proslavila-prvi-rodendan\/","title":{"rendered":"Iskra proslavila prvi ro\u0111endan"},"content":{"rendered":"<p>To\u010dno nakon godinu dana, 21. velja\u010de 2019. godine, \u0161kolski volonterski klub &#8220;Iskra&#8221; Osnovne \u0161kole &#8220;Bra\u0107a Bobetko&#8221; Sisak, proslavio je svoj prvi ro\u0111endan. Na sve\u010danom doga\u0111aju, koordinatorica \u0160kolskog volonterskog kluba, Jadranka Groza, ali i drugi uzvanici s ponosom su istaknuli postignu\u0107a i uspjehe rada Kluba te njegova zna\u010daja za \u0161kolu, u\u010denike, roditelje i lokalnu zajednicu. S druge strane, \u010dlanovi \u0161kolskog volonterskog kluba podijelili su svoja iskustva tijekom volontiranja te svoje pri\u010de za\u0161to i na koji na\u010din su se uklju\u010dili. Ina\u010de, ovaj \u0161kolski volonterski klub osnovan je kroz projekt &#8220;<a href=\"https:\/\/proni.hr\/old.proni.hr\/portfolio-items\/skolontiranje\/\">\u0160kolontiranje<\/a>&#8221; te \u010dini mre\u017eu od 10 osnovanih i funkcionalnih \u0161kolskih volonterskih kluboba u osnovnim i srednjim \u0161kolama na podru\u010dju Sisa\u010dko-moslava\u010de i Vukovarsko-srijemske \u017eupanije.<\/p>\n<p><a href=\"https:\/\/proni.hr\/old.proni.hr\/wp-content\/uploads\/2019\/02\/Iskra-2.jpg\"><img loading=\"lazy\" decoding=\"async\" class=\"aligncenter wp-image-4843\" src=\"https:\/\/proni.hr\/old.proni.hr\/wp-content\/uploads\/2019\/02\/Iskra-2-300x169.jpg\" alt=\"Iskra 2\" width=\"501\" height=\"282\" srcset=\"https:\/\/proni.hr\/old.proni.hr\/wp-content\/uploads\/2019\/02\/Iskra-2-300x169.jpg 300w, https:\/\/proni.hr\/old.proni.hr\/wp-content\/uploads\/2019\/02\/Iskra-2-768x432.jpg 768w, https:\/\/proni.hr\/old.proni.hr\/wp-content\/uploads\/2019\/02\/Iskra-2.jpg 1024w, https:\/\/proni.hr\/old.proni.hr\/wp-content\/uploads\/2019\/02\/Iskra-2-600x338.jpg 600w, https:\/\/proni.hr\/old.proni.hr\/wp-content\/uploads\/2019\/02\/Iskra-2-280x158.jpg 280w\" sizes=\"(max-width: 501px) 100vw, 501px\" \/><\/a><\/p>\n<p><a href=\"https:\/\/proni.hr\/old.proni.hr\/wp-content\/uploads\/2019\/02\/Iskra-1.jpg\"><img loading=\"lazy\" decoding=\"async\" class=\"aligncenter wp-image-4844\" src=\"https:\/\/proni.hr\/old.proni.hr\/wp-content\/uploads\/2019\/02\/Iskra-1-300x169.jpg\" alt=\"Iskra 1\" width=\"499\" height=\"281\" srcset=\"https:\/\/proni.hr\/old.proni.hr\/wp-content\/uploads\/2019\/02\/Iskra-1-300x169.jpg 300w, https:\/\/proni.hr\/old.proni.hr\/wp-content\/uploads\/2019\/02\/Iskra-1-768x432.jpg 768w, https:\/\/proni.hr\/old.proni.hr\/wp-content\/uploads\/2019\/02\/Iskra-1.jpg 1024w, https:\/\/proni.hr\/old.proni.hr\/wp-content\/uploads\/2019\/02\/Iskra-1-600x338.jpg 600w, https:\/\/proni.hr\/old.proni.hr\/wp-content\/uploads\/2019\/02\/Iskra-1-280x158.jpg 280w\" sizes=\"(max-width: 499px) 100vw, 499px\" \/><\/a><\/p>\n<p>&nbsp;<\/p>\n","protected":false},"excerpt":{"rendered":"<p>To\u010dno nakon godinu dana, 21. velja\u010de 2019. godine, \u0161kolski volonterski klub &#8220;Iskra&#8221; Osnovne \u0161kole &#8220;Bra\u0107a Bobetko&#8221; Sisak, proslavio je svoj prvi ro\u0111endan. Na sve\u010danom doga\u0111aju, koordinatorica \u0160kolskog volonterskog kluba, Jadranka Groza, ali i drugi uzvanici s ponosom su istaknuli postignu\u0107a i uspjehe rada Kluba te njegova zna\u010daja za \u0161kolu, u\u010denike, roditelje i lokalnu zajednicu. S [&hellip;]<\/p>\n","protected":false},"author":4,"featured_media":4845,"comment_status":"closed","ping_status":"open","sticky":false,"template":"","format":"standard","meta":{"footnotes":""},"categories":[4],"tags":[],"_links":{"self":[{"href":"https:\/\/proni.hr\/old.proni.hr\/wp-json\/wp\/v2\/posts\/4842"}],"collection":[{"href":"https:\/\/proni.hr\/old.proni.hr\/wp-json\/wp\/v2\/posts"}],"about":[{"href":"https:\/\/proni.hr\/old.proni.hr\/wp-json\/wp\/v2\/types\/post"}],"author":[{"embeddable":true,"href":"https:\/\/proni.hr\/old.proni.hr\/wp-json\/wp\/v2\/users\/4"}],"replies":[{"embeddable":true,"href":"https:\/\/proni.hr\/old.proni.hr\/wp-json\/wp\/v2\/comments?post=4842"}],"version-history":[{"count":3,"href":"https:\/\/proni.hr\/old.proni.hr\/wp-json\/wp\/v2\/posts\/4842\/revisions"}],"predecessor-version":[{"id":4848,"href":"https:\/\/proni.hr\/old.proni.hr\/wp-json\/wp\/v2\/posts\/4842\/revisions\/4848"}],"wp:featuredmedia":[{"embeddable":true,"href":"https:\/\/proni.hr\/old.proni.hr\/wp-json\/wp\/v2\/media\/4845"}],"wp:attachment":[{"href":"https:\/\/proni.hr\/old.proni.hr\/wp-json\/wp\/v2\/media?parent=4842"}],"wp:term":[{"taxonomy":"category","embeddable":true,"href":"https:\/\/proni.hr\/old.proni.hr\/wp-json\/wp\/v2\/categories?post=4842"},{"taxonomy":"post_tag","embeddable":true,"href":"https:\/\/proni.hr\/old.proni.hr\/wp-json\/wp\/v2\/tags?post=4842"}],"curies":[{"name":"wp","href":"https:\/\/api.w.org\/{rel}","templated":true}]}}