{"id":4850,"date":"2019-02-25T13:49:32","date_gmt":"2019-02-25T13:49:32","guid":{"rendered":"http:\/\/proni.hr\/?p=4850"},"modified":"2019-03-08T12:17:13","modified_gmt":"2019-03-08T12:17:13","slug":"10-godina-info-centra-za-mlade-vukovar","status":"publish","type":"post","link":"https:\/\/proni.hr\/old.proni.hr\/10-godina-info-centra-za-mlade-vukovar\/","title":{"rendered":"10. godina Info centra za mlade  Vukovar"},"content":{"rendered":"<p>20. velja\u010de 2019. obilje\u017eili smo <strong>10 godina<\/strong> rada <strong>Info centra za mlade Vukovar<\/strong>.<br \/>\nZahvaljujemo svima koji su s nama obilje\u017eili ovu zna\u010dajnu obljetnicu.<br \/>\nVeliko hvala\u00a0 \u010dlanovima Savjetodavnog odbora Info centra za mlade Vukovar koji ve\u0107 10 godina predano rade na informiranju mladih u Vukovaru.<\/p>\n<p><a href=\"https:\/\/proni.hr\/old.proni.hr\/wp-content\/uploads\/2019\/02\/10-godina-ICM-Vukovar-1.jpg\"><img loading=\"lazy\" decoding=\"async\" class=\"aligncenter  wp-image-4853\" src=\"https:\/\/proni.hr\/old.proni.hr\/wp-content\/uploads\/2019\/02\/10-godina-ICM-Vukovar-1-300x225.jpg\" alt=\"10 godina ICM Vukovar (1)\" width=\"500\" height=\"375\" srcset=\"https:\/\/proni.hr\/old.proni.hr\/wp-content\/uploads\/2019\/02\/10-godina-ICM-Vukovar-1-300x225.jpg 300w, https:\/\/proni.hr\/old.proni.hr\/wp-content\/uploads\/2019\/02\/10-godina-ICM-Vukovar-1-768x576.jpg 768w, https:\/\/proni.hr\/old.proni.hr\/wp-content\/uploads\/2019\/02\/10-godina-ICM-Vukovar-1-1024x768.jpg 1024w, https:\/\/proni.hr\/old.proni.hr\/wp-content\/uploads\/2019\/02\/10-godina-ICM-Vukovar-1-600x450.jpg 600w, https:\/\/proni.hr\/old.proni.hr\/wp-content\/uploads\/2019\/02\/10-godina-ICM-Vukovar-1-213x160.jpg 213w, https:\/\/proni.hr\/old.proni.hr\/wp-content\/uploads\/2019\/02\/10-godina-ICM-Vukovar-1.jpg 1280w\" sizes=\"(max-width: 500px) 100vw, 500px\" \/><\/a><\/p>\n<p><a href=\"https:\/\/proni.hr\/old.proni.hr\/wp-content\/uploads\/2019\/02\/10-godina-ICM-Vukovar-2.jpg\"><img loading=\"lazy\" decoding=\"async\" class=\"aligncenter  wp-image-4854\" src=\"https:\/\/proni.hr\/old.proni.hr\/wp-content\/uploads\/2019\/02\/10-godina-ICM-Vukovar-2-300x225.jpg\" alt=\"10 godina ICM Vukovar (2)\" width=\"500\" height=\"375\" srcset=\"https:\/\/proni.hr\/old.proni.hr\/wp-content\/uploads\/2019\/02\/10-godina-ICM-Vukovar-2-300x225.jpg 300w, https:\/\/proni.hr\/old.proni.hr\/wp-content\/uploads\/2019\/02\/10-godina-ICM-Vukovar-2-768x576.jpg 768w, https:\/\/proni.hr\/old.proni.hr\/wp-content\/uploads\/2019\/02\/10-godina-ICM-Vukovar-2-1024x768.jpg 1024w, https:\/\/proni.hr\/old.proni.hr\/wp-content\/uploads\/2019\/02\/10-godina-ICM-Vukovar-2-600x450.jpg 600w, https:\/\/proni.hr\/old.proni.hr\/wp-content\/uploads\/2019\/02\/10-godina-ICM-Vukovar-2-213x160.jpg 213w, https:\/\/proni.hr\/old.proni.hr\/wp-content\/uploads\/2019\/02\/10-godina-ICM-Vukovar-2.jpg 1280w\" sizes=\"(max-width: 500px) 100vw, 500px\" \/><\/a><\/p>\n<p><a href=\"https:\/\/proni.hr\/old.proni.hr\/wp-content\/uploads\/2019\/02\/10-godina-ICM-Vukovar-9.jpg\"><img loading=\"lazy\" decoding=\"async\" class=\"aligncenter  wp-image-4856\" src=\"https:\/\/proni.hr\/old.proni.hr\/wp-content\/uploads\/2019\/02\/10-godina-ICM-Vukovar-7-300x225.jpg\" alt=\"10 godina ICM Vukovar (7)\" width=\"500\" height=\"375\" srcset=\"https:\/\/proni.hr\/old.proni.hr\/wp-content\/uploads\/2019\/02\/10-godina-ICM-Vukovar-7-300x225.jpg 300w, https:\/\/proni.hr\/old.proni.hr\/wp-content\/uploads\/2019\/02\/10-godina-ICM-Vukovar-7-768x576.jpg 768w, https:\/\/proni.hr\/old.proni.hr\/wp-content\/uploads\/2019\/02\/10-godina-ICM-Vukovar-7-1024x768.jpg 1024w, https:\/\/proni.hr\/old.proni.hr\/wp-content\/uploads\/2019\/02\/10-godina-ICM-Vukovar-7-600x450.jpg 600w, https:\/\/proni.hr\/old.proni.hr\/wp-content\/uploads\/2019\/02\/10-godina-ICM-Vukovar-7-213x160.jpg 213w\" sizes=\"(max-width: 500px) 100vw, 500px\" \/><\/a><\/p>\n<p><a href=\"https:\/\/proni.hr\/old.proni.hr\/wp-content\/uploads\/2019\/02\/10-godina-ICM-Vukovar-3.jpg\"><img loading=\"lazy\" decoding=\"async\" class=\"aligncenter  wp-image-4855\" src=\"https:\/\/proni.hr\/old.proni.hr\/wp-content\/uploads\/2019\/02\/10-godina-ICM-Vukovar-3-300x225.jpg\" alt=\"10 godina ICM Vukovar (3)\" width=\"500\" height=\"375\" srcset=\"https:\/\/proni.hr\/old.proni.hr\/wp-content\/uploads\/2019\/02\/10-godina-ICM-Vukovar-3-300x225.jpg 300w, https:\/\/proni.hr\/old.proni.hr\/wp-content\/uploads\/2019\/02\/10-godina-ICM-Vukovar-3-768x576.jpg 768w, https:\/\/proni.hr\/old.proni.hr\/wp-content\/uploads\/2019\/02\/10-godina-ICM-Vukovar-3-1024x768.jpg 1024w, https:\/\/proni.hr\/old.proni.hr\/wp-content\/uploads\/2019\/02\/10-godina-ICM-Vukovar-3-600x450.jpg 600w, https:\/\/proni.hr\/old.proni.hr\/wp-content\/uploads\/2019\/02\/10-godina-ICM-Vukovar-3-213x160.jpg 213w, https:\/\/proni.hr\/old.proni.hr\/wp-content\/uploads\/2019\/02\/10-godina-ICM-Vukovar-3.jpg 1280w\" sizes=\"(max-width: 500px) 100vw, 500px\" \/><\/a><\/p>\n<p><a href=\"https:\/\/proni.hr\/old.proni.hr\/wp-content\/uploads\/2019\/02\/10-godina-ICM-Vukovar-9.jpg\"><img loading=\"lazy\" decoding=\"async\" class=\"aligncenter  wp-image-4857\" src=\"https:\/\/proni.hr\/old.proni.hr\/wp-content\/uploads\/2019\/02\/10-godina-ICM-Vukovar-9-300x200.jpg\" alt=\"10 godina ICM Vukovar (9)\" width=\"500\" height=\"333\" srcset=\"https:\/\/proni.hr\/old.proni.hr\/wp-content\/uploads\/2019\/02\/10-godina-ICM-Vukovar-9-300x200.jpg 300w, https:\/\/proni.hr\/old.proni.hr\/wp-content\/uploads\/2019\/02\/10-godina-ICM-Vukovar-9-768x512.jpg 768w, https:\/\/proni.hr\/old.proni.hr\/wp-content\/uploads\/2019\/02\/10-godina-ICM-Vukovar-9-1024x683.jpg 1024w, https:\/\/proni.hr\/old.proni.hr\/wp-content\/uploads\/2019\/02\/10-godina-ICM-Vukovar-9-600x400.jpg 600w, https:\/\/proni.hr\/old.proni.hr\/wp-content\/uploads\/2019\/02\/10-godina-ICM-Vukovar-9-240x160.jpg 240w\" sizes=\"(max-width: 500px) 100vw, 500px\" \/><\/a><\/p>\n","protected":false},"excerpt":{"rendered":"<p>20. velja\u010de 2019. obilje\u017eili smo 10 godina rada Info centra za mlade Vukovar. Zahvaljujemo svima koji su s nama obilje\u017eili ovu zna\u010dajnu obljetnicu. Veliko hvala\u00a0 \u010dlanovima Savjetodavnog odbora Info centra za mlade Vukovar koji ve\u0107 10 godina predano rade na informiranju mladih u Vukovaru.<\/p>\n","protected":false},"author":4,"featured_media":4851,"comment_status":"closed","ping_status":"open","sticky":false,"template":"","format":"standard","meta":{"footnotes":""},"categories":[4],"tags":[],"_links":{"self":[{"href":"https:\/\/proni.hr\/old.proni.hr\/wp-json\/wp\/v2\/posts\/4850"}],"collection":[{"href":"https:\/\/proni.hr\/old.proni.hr\/wp-json\/wp\/v2\/posts"}],"about":[{"href":"https:\/\/proni.hr\/old.proni.hr\/wp-json\/wp\/v2\/types\/post"}],"author":[{"embeddable":true,"href":"https:\/\/proni.hr\/old.proni.hr\/wp-json\/wp\/v2\/users\/4"}],"replies":[{"embeddable":true,"href":"https:\/\/proni.hr\/old.proni.hr\/wp-json\/wp\/v2\/comments?post=4850"}],"version-history":[{"count":8,"href":"https:\/\/proni.hr\/old.proni.hr\/wp-json\/wp\/v2\/posts\/4850\/revisions"}],"predecessor-version":[{"id":4892,"href":"https:\/\/proni.hr\/old.proni.hr\/wp-json\/wp\/v2\/posts\/4850\/revisions\/4892"}],"wp:featuredmedia":[{"embeddable":true,"href":"https:\/\/proni.hr\/old.proni.hr\/wp-json\/wp\/v2\/media\/4851"}],"wp:attachment":[{"href":"https:\/\/proni.hr\/old.proni.hr\/wp-json\/wp\/v2\/media?parent=4850"}],"wp:term":[{"taxonomy":"category","embeddable":true,"href":"https:\/\/proni.hr\/old.proni.hr\/wp-json\/wp\/v2\/categories?post=4850"},{"taxonomy":"post_tag","embeddable":true,"href":"https:\/\/proni.hr\/old.proni.hr\/wp-json\/wp\/v2\/tags?post=4850"}],"curies":[{"name":"wp","href":"https:\/\/api.w.org\/{rel}","templated":true}]}}