{"id":488,"date":"2015-01-05T19:40:31","date_gmt":"2015-01-05T19:40:31","guid":{"rendered":"http:\/\/proni.hr\/?p=488"},"modified":"2015-01-05T19:40:31","modified_gmt":"2015-01-05T19:40:31","slug":"28-zvjezdica-u-belom-manastiru-2","status":"publish","type":"post","link":"https:\/\/proni.hr\/old.proni.hr\/28-zvjezdica-u-belom-manastiru-2\/","title":{"rendered":"&#8220;28. zvjezdica&#8221; u Belom Manastiru!"},"content":{"rendered":"<p>U vr\u0161nja\u010dkoj prezentaciji zaklju\u010daka masovne diskusije mladih o EU temama imali su prilike sudjelovati dva razreda\u00a0<a href=\"http:\/\/www.gimnazija-beli-manastir.skole.hr\/\" target=\"_blank\">Gimnazije Beli Manastir.<\/a>\u00a0Prezentaciju su odr\u017eale u\u010denice Srednje \u0161kole Valpovo, Manuela Pu\u0161kadija i Nikol Pu\u0161i\u0107.<\/p>\n","protected":false},"excerpt":{"rendered":"<p>U vr\u0161nja\u010dkoj prezentaciji zaklju\u010daka masovne diskusije mladih o EU temama imali su prilike sudjelovati dva razreda\u00a0Gimnazije Beli Manastir.\u00a0Prezentaciju su odr\u017eale u\u010denice Srednje \u0161kole Valpovo, Manuela Pu\u0161kadija i Nikol Pu\u0161i\u0107.<\/p>\n","protected":false},"author":5,"featured_media":0,"comment_status":"open","ping_status":"open","sticky":false,"template":"","format":"standard","meta":{"footnotes":""},"categories":[4],"tags":[],"_links":{"self":[{"href":"https:\/\/proni.hr\/old.proni.hr\/wp-json\/wp\/v2\/posts\/488"}],"collection":[{"href":"https:\/\/proni.hr\/old.proni.hr\/wp-json\/wp\/v2\/posts"}],"about":[{"href":"https:\/\/proni.hr\/old.proni.hr\/wp-json\/wp\/v2\/types\/post"}],"author":[{"embeddable":true,"href":"https:\/\/proni.hr\/old.proni.hr\/wp-json\/wp\/v2\/users\/5"}],"replies":[{"embeddable":true,"href":"https:\/\/proni.hr\/old.proni.hr\/wp-json\/wp\/v2\/comments?post=488"}],"version-history":[{"count":0,"href":"https:\/\/proni.hr\/old.proni.hr\/wp-json\/wp\/v2\/posts\/488\/revisions"}],"wp:attachment":[{"href":"https:\/\/proni.hr\/old.proni.hr\/wp-json\/wp\/v2\/media?parent=488"}],"wp:term":[{"taxonomy":"category","embeddable":true,"href":"https:\/\/proni.hr\/old.proni.hr\/wp-json\/wp\/v2\/categories?post=488"},{"taxonomy":"post_tag","embeddable":true,"href":"https:\/\/proni.hr\/old.proni.hr\/wp-json\/wp\/v2\/tags?post=488"}],"curies":[{"name":"wp","href":"https:\/\/api.w.org\/{rel}","templated":true}]}}