{"id":490,"date":"2015-01-05T19:45:03","date_gmt":"2015-01-05T19:45:03","guid":{"rendered":"http:\/\/proni.hr\/?p=490"},"modified":"2015-01-05T19:45:03","modified_gmt":"2015-01-05T19:45:03","slug":"dodjela-prestizne-nagrade-proni-centru-za-socijalno-poducavanje","status":"publish","type":"post","link":"https:\/\/proni.hr\/old.proni.hr\/dodjela-prestizne-nagrade-proni-centru-za-socijalno-poducavanje\/","title":{"rendered":"Dodjela presti\u017ene nagrade PRONI Centru za socijalno podu\u010davanje"},"content":{"rendered":"<p class=\"sadrzaj\" align=\"justify\">U\u00a0prostorijama Regionalnog informativnog centra za mlade Osijek, 31. svibnja odr\u017eana je sve\u010dana dodjela presti\u017ene nagrade \u201eUS Council on Social Work Education Award 2009\u201c, kojom je PRONI Centar za socijalno podu\u010davanje iz Osijeka progla\u0161en najboljom me\u0111unarodnom partnerskom organizacijom\u00a0u podru\u010dju provedbe socijalnog obrazovanja u praksi, tzv. \u00ab2009 Partners in Advancing Education for International (PIE) Social Work Award\u00bb. Za ovu nagradu, PRONI Centar je nominiralo Sveu\u010dili\u0161te iz Indiane (Sjedinjene Ameri\u010dke Dr\u017eave) potkraj 2009. godine.<\/p>\n<p align=\"justify\">\n<p align=\"justify\"><span class=\"sadrzaj\">Ova presti\u017ena nagrada govori o uspje\u0161nim projektima i inicijativama u svijetu i promovira najkvalitetnije pojedince, timove, programe i organizacije, koje svojim doprinosom diljem svijeta, pa tako i u Republici Hrvatskoj, pru\u017eaju potporu razvoju zajednice, promoviraju\u0107i dru\u0161tvene vrijednosti i koriste\u0107i se u svom radu metodama socijalne edukacije. Nagrada se dodjeljuje od 2003. godine u obliku godi\u0161nje nagrade.<br \/>\nNagradu je osobno uru\u010dila dr.sc. Julia M. Watkins, izvr\u0161na direktorica Odbora za obrazovanje o socijalnom radu (Council on Social Work Education \u2013 CSWE) i svjetski poznata znanstvenica u podru\u010dju socijalnog rada i obrazovne psihologije.<br \/>\nOdbor za socijalni rad i obrazovanje (CSWE) je neprofitna nacionalna udruga koja predstavlja vi\u0161e od 3 000 \u010dlanova pojedinaca, te diplomske i poslijediplomske obrazovne programe o socijalnom radu. Osnovan je 1952. godine, te je, kao partnerstvo obrazovnih i profesionalnih ustanova, te organizacija koje djeluju za dobrobit dru\u0161tva i gra\u0111ana, priznat od strane Odbora za akreditaciju za visoko obrazovanje kao jedina akreditacijska agencija za obrazovanje o socijalnom radu u Americi.<\/span><\/p>\n","protected":false},"excerpt":{"rendered":"<p>U\u00a0prostorijama Regionalnog informativnog centra za mlade Osijek, 31. svibnja odr\u017eana je sve\u010dana dodjela presti\u017ene nagrade \u201eUS Council on Social Work Education Award 2009\u201c, kojom je PRONI Centar za socijalno podu\u010davanje iz Osijeka progla\u0161en najboljom me\u0111unarodnom partnerskom organizacijom\u00a0u podru\u010dju provedbe socijalnog obrazovanja u praksi, tzv. \u00ab2009 Partners in Advancing Education for International (PIE) Social Work Award\u00bb. [&hellip;]<\/p>\n","protected":false},"author":5,"featured_media":0,"comment_status":"open","ping_status":"open","sticky":false,"template":"","format":"standard","meta":{"footnotes":""},"categories":[4],"tags":[],"_links":{"self":[{"href":"https:\/\/proni.hr\/old.proni.hr\/wp-json\/wp\/v2\/posts\/490"}],"collection":[{"href":"https:\/\/proni.hr\/old.proni.hr\/wp-json\/wp\/v2\/posts"}],"about":[{"href":"https:\/\/proni.hr\/old.proni.hr\/wp-json\/wp\/v2\/types\/post"}],"author":[{"embeddable":true,"href":"https:\/\/proni.hr\/old.proni.hr\/wp-json\/wp\/v2\/users\/5"}],"replies":[{"embeddable":true,"href":"https:\/\/proni.hr\/old.proni.hr\/wp-json\/wp\/v2\/comments?post=490"}],"version-history":[{"count":0,"href":"https:\/\/proni.hr\/old.proni.hr\/wp-json\/wp\/v2\/posts\/490\/revisions"}],"wp:attachment":[{"href":"https:\/\/proni.hr\/old.proni.hr\/wp-json\/wp\/v2\/media?parent=490"}],"wp:term":[{"taxonomy":"category","embeddable":true,"href":"https:\/\/proni.hr\/old.proni.hr\/wp-json\/wp\/v2\/categories?post=490"},{"taxonomy":"post_tag","embeddable":true,"href":"https:\/\/proni.hr\/old.proni.hr\/wp-json\/wp\/v2\/tags?post=490"}],"curies":[{"name":"wp","href":"https:\/\/api.w.org\/{rel}","templated":true}]}}