{"id":495,"date":"2015-01-05T19:45:59","date_gmt":"2015-01-05T19:45:59","guid":{"rendered":"http:\/\/proni.hr\/?p=495"},"modified":"2015-01-05T19:45:59","modified_gmt":"2015-01-05T19:45:59","slug":"rad-s-mladima-u-moldaviji","status":"publish","type":"post","link":"https:\/\/proni.hr\/old.proni.hr\/rad-s-mladima-u-moldaviji\/","title":{"rendered":"Rad s mladima u Moldaviji"},"content":{"rendered":"<p>U okviru projekta\u00a0<a href=\"http:\/\/www.proni.hr\/index.php\/vijesti\/index.php\/aktivni-projekti\/Mladi-u-centru.html\" target=\"_blank\">&#8220;Mladi u centru!&#8221;<\/a>\u00a0kojeg u suradnji s partnerskom udrugom\u00a0<a href=\"http:\/\/procomunitate.comuv.com\/Partners.html\" target=\"_blank\">Pro comunitate<\/a>\u00a0iz Ki\u0161injeva, Moldavija, provodi PRONI Centar, odr\u017eani su treninzi s mladima iz 4 ruralne op\u0107ine u toj zemlji. Treneri PRONI Centra, u svakoj\u00a0op\u0107ini, u razdoblju od 12. do 22. svibnja odr\u017eali su dvodnevne treninge &#8220;Menad\u017ement klubova mladih&#8221;. Ovaj trening imao je za\u00a0cilj dodatno razviti kapacitete mladih te im dati podr\u0161ku u procesu\u00a0otvaranja klubova za mlade.<\/p>\n","protected":false},"excerpt":{"rendered":"<p>U okviru projekta\u00a0&#8220;Mladi u centru!&#8221;\u00a0kojeg u suradnji s partnerskom udrugom\u00a0Pro comunitate\u00a0iz Ki\u0161injeva, Moldavija, provodi PRONI Centar, odr\u017eani su treninzi s mladima iz 4 ruralne op\u0107ine u toj zemlji. Treneri PRONI Centra, u svakoj\u00a0op\u0107ini, u razdoblju od 12. do 22. svibnja odr\u017eali su dvodnevne treninge &#8220;Menad\u017ement klubova mladih&#8221;. Ovaj trening imao je za\u00a0cilj dodatno razviti kapacitete [&hellip;]<\/p>\n","protected":false},"author":5,"featured_media":0,"comment_status":"open","ping_status":"open","sticky":false,"template":"","format":"standard","meta":{"footnotes":""},"categories":[4],"tags":[],"_links":{"self":[{"href":"https:\/\/proni.hr\/old.proni.hr\/wp-json\/wp\/v2\/posts\/495"}],"collection":[{"href":"https:\/\/proni.hr\/old.proni.hr\/wp-json\/wp\/v2\/posts"}],"about":[{"href":"https:\/\/proni.hr\/old.proni.hr\/wp-json\/wp\/v2\/types\/post"}],"author":[{"embeddable":true,"href":"https:\/\/proni.hr\/old.proni.hr\/wp-json\/wp\/v2\/users\/5"}],"replies":[{"embeddable":true,"href":"https:\/\/proni.hr\/old.proni.hr\/wp-json\/wp\/v2\/comments?post=495"}],"version-history":[{"count":0,"href":"https:\/\/proni.hr\/old.proni.hr\/wp-json\/wp\/v2\/posts\/495\/revisions"}],"wp:attachment":[{"href":"https:\/\/proni.hr\/old.proni.hr\/wp-json\/wp\/v2\/media?parent=495"}],"wp:term":[{"taxonomy":"category","embeddable":true,"href":"https:\/\/proni.hr\/old.proni.hr\/wp-json\/wp\/v2\/categories?post=495"},{"taxonomy":"post_tag","embeddable":true,"href":"https:\/\/proni.hr\/old.proni.hr\/wp-json\/wp\/v2\/tags?post=495"}],"curies":[{"name":"wp","href":"https:\/\/api.w.org\/{rel}","templated":true}]}}