{"id":497,"date":"2015-01-05T19:46:18","date_gmt":"2015-01-05T19:46:18","guid":{"rendered":"http:\/\/proni.hr\/?p=497"},"modified":"2015-01-05T19:46:18","modified_gmt":"2015-01-05T19:46:18","slug":"debate-s-mladima-o-eu","status":"publish","type":"post","link":"https:\/\/proni.hr\/old.proni.hr\/debate-s-mladima-o-eu\/","title":{"rendered":"Debate s mladima o EU"},"content":{"rendered":"<p><span class=\"sadrzaj\">U okviru Europskog tjedna, u suradnji s predstavnicima\u00a0<a href=\"http:\/\/www.smz.hr\/site\/\" target=\"_blank\">Sisa\u010dko-moslava\u010dke<\/a>\u00a0i\u00a0<a href=\"http:\/\/www.vukovarsko-srijemska-zupanija.hr\/\" target=\"_blank\">Vukovarsko-srijemske<\/a>\u017eupanije, te\u00a0<a href=\"http:\/\/www.efos.hr\/\" target=\"_blank\">Ekonomskim fakultetom u Osijeku<\/a>, PRONI Centar za socijalno podu\u010davanje organizirao je javne debate s mladima<\/span>.<br \/>\n<span class=\"sadrzaj\">U utorak, 04.05. u sisa\u010dkoj gimnaziji odr\u017eana je debata pod nazivom &#8221;Mogu\u0107nosti i prava mladih ljudi zemlja pristupnica Europskoj uniji i EU, te Politika mladih u zemljama EU i u Hrvatskoj&#8221;, u srijedu 05.05. u maloj vije\u0107nici Vukovarsko-srijemske \u017eupanije u Vukovaru odr\u017eana je debata &#8221;Vrijednosti i standardi u EU&#8221;,<\/span>\u00a0dok je dan poslije na Ekonomskom fakultetu u Osijeku, odr\u017eana javna rasprava &#8220;MOBIS&#8221; &#8211; Mobilnost studenata.<br \/>\n<span class=\"sadrzaj\">Kao i prethodne debate, odr\u017eane povodom obilje\u017eavanja Europskog dana informiranja mladih, imale su za cilj pove\u0107ati razinu znanja i svjesnost mladih ljudi o Europskoj uniji, te promovirati vrijednosti i standarde EU.<\/span><br \/>\n<span class=\"sadrzaj\">Ina\u010de, javne debate, kao i sve druge aktivnosti, sastavni su dio partnerskog projekta\u00a0<a href=\"http:\/\/www.proni.hr\/index.php\/vijesti\/index.php\/aktivni-projekti\/Euphoria.html\" target=\"_blank\">EUphoria<\/a>, koji je financiran sredstvima Europske unije, kroz program IPA INFO 2008.<\/span><\/p>\n","protected":false},"excerpt":{"rendered":"<p>U okviru Europskog tjedna, u suradnji s predstavnicima\u00a0Sisa\u010dko-moslava\u010dke\u00a0i\u00a0Vukovarsko-srijemske\u017eupanije, te\u00a0Ekonomskim fakultetom u Osijeku, PRONI Centar za socijalno podu\u010davanje organizirao je javne debate s mladima. U utorak, 04.05. u sisa\u010dkoj gimnaziji odr\u017eana je debata pod nazivom &#8221;Mogu\u0107nosti i prava mladih ljudi zemlja pristupnica Europskoj uniji i EU, te Politika mladih u zemljama EU i u Hrvatskoj&#8221;, u [&hellip;]<\/p>\n","protected":false},"author":5,"featured_media":0,"comment_status":"open","ping_status":"open","sticky":false,"template":"","format":"standard","meta":{"footnotes":""},"categories":[4],"tags":[],"_links":{"self":[{"href":"https:\/\/proni.hr\/old.proni.hr\/wp-json\/wp\/v2\/posts\/497"}],"collection":[{"href":"https:\/\/proni.hr\/old.proni.hr\/wp-json\/wp\/v2\/posts"}],"about":[{"href":"https:\/\/proni.hr\/old.proni.hr\/wp-json\/wp\/v2\/types\/post"}],"author":[{"embeddable":true,"href":"https:\/\/proni.hr\/old.proni.hr\/wp-json\/wp\/v2\/users\/5"}],"replies":[{"embeddable":true,"href":"https:\/\/proni.hr\/old.proni.hr\/wp-json\/wp\/v2\/comments?post=497"}],"version-history":[{"count":0,"href":"https:\/\/proni.hr\/old.proni.hr\/wp-json\/wp\/v2\/posts\/497\/revisions"}],"wp:attachment":[{"href":"https:\/\/proni.hr\/old.proni.hr\/wp-json\/wp\/v2\/media?parent=497"}],"wp:term":[{"taxonomy":"category","embeddable":true,"href":"https:\/\/proni.hr\/old.proni.hr\/wp-json\/wp\/v2\/categories?post=497"},{"taxonomy":"post_tag","embeddable":true,"href":"https:\/\/proni.hr\/old.proni.hr\/wp-json\/wp\/v2\/tags?post=497"}],"curies":[{"name":"wp","href":"https:\/\/api.w.org\/{rel}","templated":true}]}}