{"id":499,"date":"2015-01-05T19:46:34","date_gmt":"2015-01-05T19:46:34","guid":{"rendered":"http:\/\/proni.hr\/?p=499"},"modified":"2015-01-05T19:46:34","modified_gmt":"2015-01-05T19:46:34","slug":"vukovarci-se-usavrsili-za-pisanje-projekata","status":"publish","type":"post","link":"https:\/\/proni.hr\/old.proni.hr\/vukovarci-se-usavrsili-za-pisanje-projekata\/","title":{"rendered":"Vukovarci se usavr\u0161ili za pisanje projekata"},"content":{"rendered":"<p>Nakon zavr\u0161ene edukacije u trajanju od 40 sati provedene u Vukovaru u okviru projekta \u201eRazvoj ljudskih kapaciteta za pripremu i provedbu projekata financiranih iz me\u0111unarodnih fondova\u201c, 27. travnja u Gradskoj vije\u0107nici gradona\u010delnik Vukovara uru\u010dio je certifikate polaznicima koji su uspje\u0161no zavr\u0161ili edukaciju. Njih 28, tom prigodom je odr\u017ealo i prezentacije svojih projektnih ideja.<br \/>\nIna\u010de, cilj edukacije koju su treneri PRONI Centra proveli po metodologiji \u201eUpravljanje projektnim ciklusom\u201e bio je osposobiti \u0161to ve\u0107i broj osoba za pripremu i provedbu projekata financiranih iz pretpristupnog programa IPA te iz strukturnih fondova EU u prvim godinama nakon \u010dlanstva u EU.<\/p>\n","protected":false},"excerpt":{"rendered":"<p>Nakon zavr\u0161ene edukacije u trajanju od 40 sati provedene u Vukovaru u okviru projekta \u201eRazvoj ljudskih kapaciteta za pripremu i provedbu projekata financiranih iz me\u0111unarodnih fondova\u201c, 27. travnja u Gradskoj vije\u0107nici gradona\u010delnik Vukovara uru\u010dio je certifikate polaznicima koji su uspje\u0161no zavr\u0161ili edukaciju. Njih 28, tom prigodom je odr\u017ealo i prezentacije svojih projektnih ideja. Ina\u010de, cilj [&hellip;]<\/p>\n","protected":false},"author":5,"featured_media":0,"comment_status":"open","ping_status":"open","sticky":false,"template":"","format":"standard","meta":{"footnotes":""},"categories":[4],"tags":[],"_links":{"self":[{"href":"https:\/\/proni.hr\/old.proni.hr\/wp-json\/wp\/v2\/posts\/499"}],"collection":[{"href":"https:\/\/proni.hr\/old.proni.hr\/wp-json\/wp\/v2\/posts"}],"about":[{"href":"https:\/\/proni.hr\/old.proni.hr\/wp-json\/wp\/v2\/types\/post"}],"author":[{"embeddable":true,"href":"https:\/\/proni.hr\/old.proni.hr\/wp-json\/wp\/v2\/users\/5"}],"replies":[{"embeddable":true,"href":"https:\/\/proni.hr\/old.proni.hr\/wp-json\/wp\/v2\/comments?post=499"}],"version-history":[{"count":0,"href":"https:\/\/proni.hr\/old.proni.hr\/wp-json\/wp\/v2\/posts\/499\/revisions"}],"wp:attachment":[{"href":"https:\/\/proni.hr\/old.proni.hr\/wp-json\/wp\/v2\/media?parent=499"}],"wp:term":[{"taxonomy":"category","embeddable":true,"href":"https:\/\/proni.hr\/old.proni.hr\/wp-json\/wp\/v2\/categories?post=499"},{"taxonomy":"post_tag","embeddable":true,"href":"https:\/\/proni.hr\/old.proni.hr\/wp-json\/wp\/v2\/tags?post=499"}],"curies":[{"name":"wp","href":"https:\/\/api.w.org\/{rel}","templated":true}]}}